{"id":954,"date":"2018-06-01T13:56:00","date_gmt":"2018-06-01T10:56:00","guid":{"rendered":"http:\/\/www.nevhangunduz.com.tr\/?p=954"},"modified":"2018-06-01T13:56:00","modified_gmt":"2018-06-01T10:56:00","slug":"nevhan-gunduz-ve-cocuklari","status":"publish","type":"post","link":"https:\/\/www.nevhangunduz.com.tr\/index.php\/2018\/06\/01\/nevhan-gunduz-ve-cocuklari\/","title":{"rendered":"Nevhan G\u00fcnd\u00fcz &#8220;\u00c7ocuklar\u0131m\u0131n Kendi Kurdugum ve B\u00fcy\u00fctt\u00fcg\u00fcm \u015eirketimizde \u00c7al\u0131\u015fmalar\u0131n\u0131 \u00c7ok \u0130sterim. &#8220;"},"content":{"rendered":"\n<h1 class=\"wp-block-heading\">Nevhan G\u00fcnd\u00fcz ve \u00c7ocuklar\u0131<br>Orge Elektrik Taahh\u00fct Kurucu Orta\u011f\u0131 ve CEO\u2019su Nevhan G\u00fcnd\u00fcz Babas\u0131 Orhan G\u00fcnd\u00fcz ve \u00c7ocuklar\u0131 Uras ve Aral G\u00fcnd\u00fcz ile Baba-O\u011ful ili\u015fkilerini <a href=\"http:\/\/www.klassmagazin.com\/cocuklarimin-kendi-kurdugum-ve-buyuttugum-sirketmizde-calismalarini-cok-isterim\">Klass<\/a>\u2019a anlatt\u0131&#8230;<\/h1>\n\n\n\n<figure class=\"wp-block-image size-large\"><img loading=\"lazy\" decoding=\"async\" width=\"1024\" height=\"586\" src=\"http:\/\/www.nevhangunduz.com.tr\/wp-content\/uploads\/2019\/11\/IMG_1112-e1574765437842-1024x586.jpg\" alt=\"nevhan-gunduz-cucuklar\" class=\"wp-image-738\" srcset=\"https:\/\/www.nevhangunduz.com.tr\/wp-content\/uploads\/2019\/11\/IMG_1112-e1574765437842-1024x586.jpg 1024w, https:\/\/www.nevhangunduz.com.tr\/wp-content\/uploads\/2019\/11\/IMG_1112-e1574765437842-300x172.jpg 300w, https:\/\/www.nevhangunduz.com.tr\/wp-content\/uploads\/2019\/11\/IMG_1112-e1574765437842-768x440.jpg 768w, https:\/\/www.nevhangunduz.com.tr\/wp-content\/uploads\/2019\/11\/IMG_1112-e1574765437842-1536x879.jpg 1536w, https:\/\/www.nevhangunduz.com.tr\/wp-content\/uploads\/2019\/11\/IMG_1112-e1574765437842-690x395.jpg 690w, https:\/\/www.nevhangunduz.com.tr\/wp-content\/uploads\/2019\/11\/IMG_1112-e1574765437842-400x229.jpg 400w, https:\/\/www.nevhangunduz.com.tr\/wp-content\/uploads\/2019\/11\/IMG_1112-e1574765437842.jpg 1600w\" sizes=\"auto, (max-width: 1024px) 100vw, 1024px\" \/><\/figure>\n\n\n\n<p>Nevhan G\u00fcnd\u00fcz ve \u00c7ocuklar\u0131<br>Kurucular\u0131ndan Orhan G\u00fcnd\u00fcz\u2019\u00fcn 53 y\u0131ll\u0131k tecr\u00fcbesiyle 20 y\u0131l \u00f6nce Nevhan G\u00fcnd\u00fcz\u2019\u00fcn babas\u0131 ve karde\u015fiyle birlikte kurdu\u011fu ORGE Elektrik Taahh\u00fct bug\u00fcn T\u00fcrkiye\u2019de elektrik taahh\u00fct sekt\u00f6r\u00fcn\u00fcn en sayg\u0131n ve bilinen \u015firketlerinden biri konumunda. <\/p>\n\n\n\n<p>\u0130\u015f d\u00fcnyas\u0131ndaki ba\u015far\u0131lar\u0131n\u0131n yan\u0131 s\u0131ra \u00e7ocuklar\u0131yla olan sevgi dolu baba-o\u011ful ili\u015fkisiyle de dikkat \u00e7eken <a href=\"http:\/\/nevhangunduz.com\/nevhan-gunduz-kimdir\/\">ORGE Elektrik Taahh\u00fct Kurucu Orta\u011f\u0131 ve CEO\u2019su Nevhan G\u00fcnd\u00fcz<\/a> babas\u0131 ve karde\u015fiyle birlikte b\u00fcy\u00fctt\u00fc\u011f\u00fc\u00a0firmas\u0131n\u0131 aile \u015firketi kavram\u0131n\u0131 kurumsal kimlikle b\u00fct\u00fcnle\u015ftirerek ba\u015far\u0131ya ula\u015ft\u0131rd\u0131.<\/p>\n\n\n\n<p>\u201cD\u00fcr\u00fcstl\u00fck, i\u015f disiplini, \u00e7al\u0131\u015fkanl\u0131k, hedefe odaklanmak ve daha bir\u00e7ok i\u015f hayat\u0131nda olmas\u0131 gereken meziyetleri babamdan \u00f6\u011frendim\u201d diyen Uras ve Aral ad\u0131nda iki erkek \u00e7ocuk babas\u0131 olan Nevhan G\u00fcnd\u00fcz i\u00e7in babas\u0131 Orhan G\u00fcnd\u00fcz de \u201cB\u00fcy\u00fck o\u011flum Nevhan, ailemizde \u015fu anda liderli\u011fi y\u00fcr\u00fcten, sorumluluk sahibi, \u00e7ok ilgili bir baba ve iyi bir evlatt\u0131r\u201d diyerek \u00f6vg\u00fcyle bahsediyor. <\/p>\n\n\n\n<figure class=\"wp-block-image size-large\"><img loading=\"lazy\" decoding=\"async\" width=\"750\" height=\"429\" src=\"http:\/\/www.nevhangunduz.com.tr\/wp-content\/uploads\/2019\/11\/nevhan-gunduz-cocuklar-e1574765296583.jpg\" alt=\"nevhan-gunduz-cocuklar\" class=\"wp-image-775\" srcset=\"https:\/\/www.nevhangunduz.com.tr\/wp-content\/uploads\/2019\/11\/nevhan-gunduz-cocuklar-e1574765296583.jpg 750w, https:\/\/www.nevhangunduz.com.tr\/wp-content\/uploads\/2019\/11\/nevhan-gunduz-cocuklar-e1574765296583-300x172.jpg 300w, https:\/\/www.nevhangunduz.com.tr\/wp-content\/uploads\/2019\/11\/nevhan-gunduz-cocuklar-e1574765296583-690x395.jpg 690w, https:\/\/www.nevhangunduz.com.tr\/wp-content\/uploads\/2019\/11\/nevhan-gunduz-cocuklar-e1574765296583-400x229.jpg 400w\" sizes=\"auto, (max-width: 750px) 100vw, 750px\" \/><\/figure>\n\n\n\n<p>Babas\u0131ndan \u00f6\u011frendi\u011fi her \u015feyi ve daha fazlas\u0131n\u0131 o\u011fullar\u0131na \u00f6\u011fretmeye \u00e7al\u0131\u015ft\u0131\u011f\u0131n\u0131 s\u00f6yleyen <a href=\"http:\/\/www.orge.com.tr\">ORGE Elektrik Taahh\u00fct<\/a> Kurucu Orta\u011f\u0131-CEO\u2019su ve ORGE Enstit\u00fc\u2019n\u00fcn Kurucusu Nevhan G\u00fcnd\u00fcz, Babalar G\u00fcn\u00fc\u2019ne \u00f6zel iki o\u011flu ve babas\u0131 Orhan G\u00fcnd\u00fcz ile birlikte keyifli bir \u00e7ekim e\u015fli\u011finde \u00fc\u00e7 ku\u015fak baba-o\u011ful ili\u015fkilerini Klass okurlar\u0131 i\u00e7in anlatt\u0131.&nbsp;<\/p>\n\n\n\n<p>\u201cORHAN G\u00dcND\u00dcZ:&nbsp;B\u00fcy\u00fck o\u011flum Nevhan, ailemizde \u015fu anda liderli\u011fi y\u00fcr\u00fcten, sorumluluk sahibi, \u00e7ok ilgili bir baba ve iyi bir evlatt\u0131r.\u201d<\/p>\n\n\n\n<p>\u201cNEVHAN G\u00dcND\u00dcZ: Biz \u015firketimizi bundan 20 sene \u00f6nce babam ve karde\u015fim ile birlikte kurduk. \u0130\u015f hayat\u0131mda bana en b\u00fcy\u00fck katk\u0131s\u0131 olan insan babamd\u0131r. \u00d6ncelikle d\u00fcr\u00fcstl\u00fck, i\u015f disiplini, \u00e7al\u0131\u015fkanl\u0131k, hedefe odaklanmak ve daha bir\u00e7ok i\u015f hayat\u0131nda olmas\u0131 gereken meziyetleri kendisinden \u00f6\u011frendim.\u201d<\/p>\n\n\n\n<p><ins>Orhan Bey \u00f6ncelikle o\u011flunuzu sizden dinlemek istesek nas\u0131l anlat\u0131rs\u0131n\u0131z?<\/ins><\/p>\n\n\n\n<p><strong>ORHAN G\u00dcND\u00dcZ:<\/strong>&nbsp;B\u00fcy\u00fck o\u011flum Nevhan, ailemizde \u015fu anda liderli\u011fi y\u00fcr\u00fcten, sorumluluk sahibi, \u00e7ok ilgili bir baba ve iyi bir evlatt\u0131r.<\/p>\n\n\n\n<p><ins>Nevhan Bey, i\u015f adam\u0131 kimli\u011finizin yan\u0131 s\u0131ra iki \u00e7ocuk sahibi bir babas\u0131n\u0131z. \u00d6ncelikle baba olmak hayat\u0131n\u0131zda neleri de\u011fi\u015ftirdi? Ya\u015fama olan bak\u0131\u015f a\u00e7\u0131n\u0131z nas\u0131l bir boyut kazand\u0131?<\/ins><\/p>\n\n\n\n<p><strong>NEVHAN G\u00dcND\u00dcZ:<\/strong>&nbsp;Ben \u00e7ocuklu\u011fumdan beri \u00e7ocuklar\u0131 \u00e7ok severim ve ne zaman, nerede g\u00f6rsem mutlaka ileti\u015fim kurup severim. Tabi ki kendi \u00e7ocuklar\u0131n\u0131za sahip olmak bamba\u015fka bir duygu ve ayr\u0131ca \u00e7ok ciddi bir sorumluluk. \u00c7ocu\u011funuz olunca, hayata bak\u0131\u015f a\u00e7\u0131n\u0131z de\u011fi\u015fiyor, her t\u00fcrl\u00fc karar\u0131 al\u0131rken onlar\u0131 d\u00fc\u015f\u00fcnerek al\u0131yorsunuz.&nbsp;&nbsp;<\/p>\n\n\n\n<figure class=\"wp-block-image size-large\"><img loading=\"lazy\" decoding=\"async\" width=\"1024\" height=\"585\" src=\"http:\/\/nevhangunduz.com\/wp-content\/uploads\/2017\/02\/nevhan-gunduz-aile-cocuklar-1024x585.jpg\" alt=\"nevhan-gunduz-aile\" class=\"wp-image-643\" srcset=\"https:\/\/www.nevhangunduz.com.tr\/wp-content\/uploads\/2017\/02\/nevhan-gunduz-aile-cocuklar-1024x585.jpg 1024w, https:\/\/www.nevhangunduz.com.tr\/wp-content\/uploads\/2017\/02\/nevhan-gunduz-aile-cocuklar-300x171.jpg 300w, https:\/\/www.nevhangunduz.com.tr\/wp-content\/uploads\/2017\/02\/nevhan-gunduz-aile-cocuklar-768x439.jpg 768w, https:\/\/www.nevhangunduz.com.tr\/wp-content\/uploads\/2017\/02\/nevhan-gunduz-aile-cocuklar-690x395.jpg 690w, https:\/\/www.nevhangunduz.com.tr\/wp-content\/uploads\/2017\/02\/nevhan-gunduz-aile-cocuklar-400x229.jpg 400w, https:\/\/www.nevhangunduz.com.tr\/wp-content\/uploads\/2017\/02\/nevhan-gunduz-aile-cocuklar.jpg 1050w\" sizes=\"auto, (max-width: 1024px) 100vw, 1024px\" \/><\/figure>\n\n\n\n<p><ins>\u00c7ocuklar\u0131n\u0131z\u0131 b\u00fcy\u00fct\u00fcrken nelere dikkat ediyorsunuz? Onlar\u0131n nas\u0131l bireyler olmalar\u0131n\u0131 istersiniz?<\/ins><\/p>\n\n\n\n<p><strong>N.G.:<\/strong>&nbsp;\u00c7ocuklar\u0131m\u0131n \u00f6ncelikle sa\u011fl\u0131kl\u0131, ba\u015far\u0131l\u0131, terbiyeli, sayg\u0131l\u0131, kendilerine g\u00fcvenen ve sportif bireyler olmalar\u0131n\u0131 istiyorum ve bu y\u00f6nde davran\u0131yorum. Her zaman, \u00f6nemli olan\u0131n ailelerinin g\u00fcc\u00fcyle de\u011fil kendilerinin birey olarak hayatta ba\u015far\u0131l\u0131 olmalar\u0131 oldu\u011funu \u00f6\u011fretmeye \u00e7al\u0131\u015f\u0131yorum.<\/p>\n","protected":false},"excerpt":{"rendered":"<p>Orge Elektrik Taahh\u00fct Kurucu Orta\u011f\u0131 ve CEO\u2019su Nevhan G\u00fcnd\u00fcz Babas\u0131 Orhan G\u00fcnd\u00fcz ve \u00c7ocuklar\u0131 Uras ve Aral G\u00fcnd\u00fcz ile Baba-O\u011ful ili\u015fkilerini Kass\u2019a anlatt\u0131&#8230;<\/p>\n","protected":false},"author":1,"featured_media":775,"comment_status":"closed","ping_status":"closed","sticky":false,"template":"","format":"standard","meta":{"footnotes":""},"categories":[17],"tags":[3,40,41,42],"class_list":["post-954","post","type-post","status-publish","format-standard","has-post-thumbnail","hentry","category-nevhan-gunduz-haberler","tag-nevhan-gunduz","tag-nevhan-gunduz-cocuklar","tag-nevhan-gunduz-esi","tag-nevhan-gunduz-klass"],"yoast_head":"<!-- This site is optimized with the Yoast SEO plugin v27.9 - https:\/\/yoast.com\/product\/yoast-seo-wordpress\/ -->\n<title>Nevhan G\u00fcnd\u00fcz ve \u00c7ocuklar\u0131 - Nevhan G\u00fcnd\u00fcz - Haberler<\/title>\n<meta name=\"description\" content=\"Nevhan G\u00fcnd\u00fcz ve \u00c7ocuklar\u0131 Orge Elektrik Taahh\u00fct Kurucu Orta\u011f\u0131 ve CEO\u2019su Nevhan G\u00fcnd\u00fcz Babas\u0131 Orhan G\u00fcnd\u00fcz ve \u00c7ocuklar\u0131 Uras ve Aral ...\" \/>\n<meta name=\"robots\" content=\"index, follow, max-snippet:-1, max-image-preview:large, max-video-preview:-1\" \/>\n<link rel=\"canonical\" href=\"https:\/\/www.nevhangunduz.com.tr\/index.php\/2018\/06\/01\/nevhan-gunduz-ve-cocuklari\/\" \/>\n<meta property=\"og:locale\" content=\"tr_TR\" \/>\n<meta property=\"og:type\" content=\"article\" \/>\n<meta property=\"og:title\" content=\"Nevhan G\u00fcnd\u00fcz ve \u00c7ocuklar\u0131 - Nevhan G\u00fcnd\u00fcz - Haberler\" \/>\n<meta property=\"og:description\" content=\"Nevhan G\u00fcnd\u00fcz ve \u00c7ocuklar\u0131 Orge Elektrik Taahh\u00fct Kurucu Orta\u011f\u0131 ve CEO\u2019su Nevhan G\u00fcnd\u00fcz Babas\u0131 Orhan G\u00fcnd\u00fcz ve \u00c7ocuklar\u0131 Uras ve Aral ...\" \/>\n<meta property=\"og:url\" content=\"https:\/\/www.nevhangunduz.com.tr\/index.php\/2018\/06\/01\/nevhan-gunduz-ve-cocuklari\/\" \/>\n<meta property=\"og:site_name\" content=\"Nevhan G\u00fcnd\u00fcz\" \/>\n<meta property=\"article:published_time\" content=\"2018-06-01T10:56:00+00:00\" \/>\n<meta property=\"og:image\" content=\"https:\/\/www.nevhangunduz.com.tr\/wp-content\/uploads\/2019\/11\/nevhan-gunduz-cocuklar-e1574765296583.jpg\" \/>\n\t<meta property=\"og:image:width\" content=\"750\" \/>\n\t<meta property=\"og:image:height\" content=\"429\" \/>\n\t<meta property=\"og:image:type\" content=\"image\/jpeg\" \/>\n<meta name=\"author\" content=\"Nevhan G\u00fcnd\u00fcz\" \/>\n<meta name=\"twitter:card\" content=\"summary_large_image\" \/>\n<meta name=\"twitter:label1\" content=\"Yazan:\" \/>\n\t<meta name=\"twitter:data1\" content=\"Nevhan G\u00fcnd\u00fcz\" \/>\n\t<meta name=\"twitter:label2\" content=\"Tahmini okuma s\u00fcresi\" \/>\n\t<meta name=\"twitter:data2\" content=\"3 dakika\" \/>\n<script type=\"application\/ld+json\" class=\"yoast-schema-graph\">{\"@context\":\"https:\\\/\\\/schema.org\",\"@graph\":[{\"@type\":\"Article\",\"@id\":\"https:\\\/\\\/www.nevhangunduz.com.tr\\\/index.php\\\/2018\\\/06\\\/01\\\/nevhan-gunduz-ve-cocuklari\\\/#article\",\"isPartOf\":{\"@id\":\"https:\\\/\\\/www.nevhangunduz.com.tr\\\/index.php\\\/2018\\\/06\\\/01\\\/nevhan-gunduz-ve-cocuklari\\\/\"},\"author\":{\"name\":\"Nevhan G\u00fcnd\u00fcz\",\"@id\":\"https:\\\/\\\/www.nevhangunduz.com.tr\\\/#\\\/schema\\\/person\\\/daacf86fe79758fd3cd3416eafa012d3\"},\"headline\":\"Nevhan G\u00fcnd\u00fcz &#8220;\u00c7ocuklar\u0131m\u0131n Kendi Kurdugum ve B\u00fcy\u00fctt\u00fcg\u00fcm \u015eirketimizde \u00c7al\u0131\u015fmalar\u0131n\u0131 \u00c7ok \u0130sterim. &#8220;\",\"datePublished\":\"2018-06-01T10:56:00+00:00\",\"mainEntityOfPage\":{\"@id\":\"https:\\\/\\\/www.nevhangunduz.com.tr\\\/index.php\\\/2018\\\/06\\\/01\\\/nevhan-gunduz-ve-cocuklari\\\/\"},\"wordCount\":630,\"image\":{\"@id\":\"https:\\\/\\\/www.nevhangunduz.com.tr\\\/index.php\\\/2018\\\/06\\\/01\\\/nevhan-gunduz-ve-cocuklari\\\/#primaryimage\"},\"thumbnailUrl\":\"https:\\\/\\\/www.nevhangunduz.com.tr\\\/wp-content\\\/uploads\\\/2019\\\/11\\\/nevhan-gunduz-cocuklar-e1574765296583.jpg\",\"keywords\":[\"Nevhan G\u00fcnd\u00fcz\",\"nevhan g\u00fcnd\u00fcz \u00e7ocuklar\",\"nevhan g\u00fcnd\u00fcz e\u015fi\",\"nevhan g\u00fcnd\u00fcz klass\"],\"articleSection\":[\"Nevhan G\u00fcnd\u00fcz'den Haberler\"],\"inLanguage\":\"tr\"},{\"@type\":\"WebPage\",\"@id\":\"https:\\\/\\\/www.nevhangunduz.com.tr\\\/index.php\\\/2018\\\/06\\\/01\\\/nevhan-gunduz-ve-cocuklari\\\/\",\"url\":\"https:\\\/\\\/www.nevhangunduz.com.tr\\\/index.php\\\/2018\\\/06\\\/01\\\/nevhan-gunduz-ve-cocuklari\\\/\",\"name\":\"Nevhan G\u00fcnd\u00fcz ve \u00c7ocuklar\u0131 - Nevhan G\u00fcnd\u00fcz - Haberler\",\"isPartOf\":{\"@id\":\"https:\\\/\\\/www.nevhangunduz.com.tr\\\/#website\"},\"primaryImageOfPage\":{\"@id\":\"https:\\\/\\\/www.nevhangunduz.com.tr\\\/index.php\\\/2018\\\/06\\\/01\\\/nevhan-gunduz-ve-cocuklari\\\/#primaryimage\"},\"image\":{\"@id\":\"https:\\\/\\\/www.nevhangunduz.com.tr\\\/index.php\\\/2018\\\/06\\\/01\\\/nevhan-gunduz-ve-cocuklari\\\/#primaryimage\"},\"thumbnailUrl\":\"https:\\\/\\\/www.nevhangunduz.com.tr\\\/wp-content\\\/uploads\\\/2019\\\/11\\\/nevhan-gunduz-cocuklar-e1574765296583.jpg\",\"datePublished\":\"2018-06-01T10:56:00+00:00\",\"author\":{\"@id\":\"https:\\\/\\\/www.nevhangunduz.com.tr\\\/#\\\/schema\\\/person\\\/daacf86fe79758fd3cd3416eafa012d3\"},\"description\":\"Nevhan G\u00fcnd\u00fcz ve \u00c7ocuklar\u0131 Orge Elektrik Taahh\u00fct Kurucu Orta\u011f\u0131 ve CEO\u2019su Nevhan G\u00fcnd\u00fcz Babas\u0131 Orhan G\u00fcnd\u00fcz ve \u00c7ocuklar\u0131 Uras ve Aral ...\",\"breadcrumb\":{\"@id\":\"https:\\\/\\\/www.nevhangunduz.com.tr\\\/index.php\\\/2018\\\/06\\\/01\\\/nevhan-gunduz-ve-cocuklari\\\/#breadcrumb\"},\"inLanguage\":\"tr\",\"potentialAction\":[{\"@type\":\"ReadAction\",\"target\":[\"https:\\\/\\\/www.nevhangunduz.com.tr\\\/index.php\\\/2018\\\/06\\\/01\\\/nevhan-gunduz-ve-cocuklari\\\/\"]}]},{\"@type\":\"ImageObject\",\"inLanguage\":\"tr\",\"@id\":\"https:\\\/\\\/www.nevhangunduz.com.tr\\\/index.php\\\/2018\\\/06\\\/01\\\/nevhan-gunduz-ve-cocuklari\\\/#primaryimage\",\"url\":\"https:\\\/\\\/www.nevhangunduz.com.tr\\\/wp-content\\\/uploads\\\/2019\\\/11\\\/nevhan-gunduz-cocuklar-e1574765296583.jpg\",\"contentUrl\":\"https:\\\/\\\/www.nevhangunduz.com.tr\\\/wp-content\\\/uploads\\\/2019\\\/11\\\/nevhan-gunduz-cocuklar-e1574765296583.jpg\",\"width\":750,\"height\":429,\"caption\":\"Nevhan G\u00fcnd\u00fcz ve \u00c7ocuklar\"},{\"@type\":\"BreadcrumbList\",\"@id\":\"https:\\\/\\\/www.nevhangunduz.com.tr\\\/index.php\\\/2018\\\/06\\\/01\\\/nevhan-gunduz-ve-cocuklari\\\/#breadcrumb\",\"itemListElement\":[{\"@type\":\"ListItem\",\"position\":1,\"name\":\"Ana sayfa\",\"item\":\"https:\\\/\\\/www.nevhangunduz.com.tr\\\/\"},{\"@type\":\"ListItem\",\"position\":2,\"name\":\"Nevhan G\u00fcnd\u00fcz &#8220;\u00c7ocuklar\u0131m\u0131n Kendi Kurdugum ve B\u00fcy\u00fctt\u00fcg\u00fcm \u015eirketimizde \u00c7al\u0131\u015fmalar\u0131n\u0131 \u00c7ok \u0130sterim. &#8220;\"}]},{\"@type\":\"WebSite\",\"@id\":\"https:\\\/\\\/www.nevhangunduz.com.tr\\\/#website\",\"url\":\"https:\\\/\\\/www.nevhangunduz.com.tr\\\/\",\"name\":\"Nevhan G\u00fcnd\u00fcz\",\"description\":\"Nevhan G\u00fcnd\u00fcz Ki\u015fisel Web Sitesi\",\"potentialAction\":[{\"@type\":\"SearchAction\",\"target\":{\"@type\":\"EntryPoint\",\"urlTemplate\":\"https:\\\/\\\/www.nevhangunduz.com.tr\\\/?s={search_term_string}\"},\"query-input\":{\"@type\":\"PropertyValueSpecification\",\"valueRequired\":true,\"valueName\":\"search_term_string\"}}],\"inLanguage\":\"tr\"},{\"@type\":\"Person\",\"@id\":\"https:\\\/\\\/www.nevhangunduz.com.tr\\\/#\\\/schema\\\/person\\\/daacf86fe79758fd3cd3416eafa012d3\",\"name\":\"Nevhan G\u00fcnd\u00fcz\",\"sameAs\":[\"https:\\\/\\\/www.nevhangunduz.com.tr\"],\"url\":\"https:\\\/\\\/www.nevhangunduz.com.tr\\\/index.php\\\/author\\\/nevhan\\\/\"}]}<\/script>\n<!-- \/ Yoast SEO plugin. -->","yoast_head_json":{"title":"Nevhan G\u00fcnd\u00fcz ve \u00c7ocuklar\u0131 - Nevhan G\u00fcnd\u00fcz - Haberler","description":"Nevhan G\u00fcnd\u00fcz ve \u00c7ocuklar\u0131 Orge Elektrik Taahh\u00fct Kurucu Orta\u011f\u0131 ve CEO\u2019su Nevhan G\u00fcnd\u00fcz Babas\u0131 Orhan G\u00fcnd\u00fcz ve \u00c7ocuklar\u0131 Uras ve Aral ...","robots":{"index":"index","follow":"follow","max-snippet":"max-snippet:-1","max-image-preview":"max-image-preview:large","max-video-preview":"max-video-preview:-1"},"canonical":"https:\/\/www.nevhangunduz.com.tr\/index.php\/2018\/06\/01\/nevhan-gunduz-ve-cocuklari\/","og_locale":"tr_TR","og_type":"article","og_title":"Nevhan G\u00fcnd\u00fcz ve \u00c7ocuklar\u0131 - Nevhan G\u00fcnd\u00fcz - Haberler","og_description":"Nevhan G\u00fcnd\u00fcz ve \u00c7ocuklar\u0131 Orge Elektrik Taahh\u00fct Kurucu Orta\u011f\u0131 ve CEO\u2019su Nevhan G\u00fcnd\u00fcz Babas\u0131 Orhan G\u00fcnd\u00fcz ve \u00c7ocuklar\u0131 Uras ve Aral ...","og_url":"https:\/\/www.nevhangunduz.com.tr\/index.php\/2018\/06\/01\/nevhan-gunduz-ve-cocuklari\/","og_site_name":"Nevhan G\u00fcnd\u00fcz","article_published_time":"2018-06-01T10:56:00+00:00","og_image":[{"width":750,"height":429,"url":"https:\/\/www.nevhangunduz.com.tr\/wp-content\/uploads\/2019\/11\/nevhan-gunduz-cocuklar-e1574765296583.jpg","type":"image\/jpeg"}],"author":"Nevhan G\u00fcnd\u00fcz","twitter_card":"summary_large_image","twitter_misc":{"Yazan:":"Nevhan G\u00fcnd\u00fcz","Tahmini okuma s\u00fcresi":"3 dakika"},"schema":{"@context":"https:\/\/schema.org","@graph":[{"@type":"Article","@id":"https:\/\/www.nevhangunduz.com.tr\/index.php\/2018\/06\/01\/nevhan-gunduz-ve-cocuklari\/#article","isPartOf":{"@id":"https:\/\/www.nevhangunduz.com.tr\/index.php\/2018\/06\/01\/nevhan-gunduz-ve-cocuklari\/"},"author":{"name":"Nevhan G\u00fcnd\u00fcz","@id":"https:\/\/www.nevhangunduz.com.tr\/#\/schema\/person\/daacf86fe79758fd3cd3416eafa012d3"},"headline":"Nevhan G\u00fcnd\u00fcz &#8220;\u00c7ocuklar\u0131m\u0131n Kendi Kurdugum ve B\u00fcy\u00fctt\u00fcg\u00fcm \u015eirketimizde \u00c7al\u0131\u015fmalar\u0131n\u0131 \u00c7ok \u0130sterim. &#8220;","datePublished":"2018-06-01T10:56:00+00:00","mainEntityOfPage":{"@id":"https:\/\/www.nevhangunduz.com.tr\/index.php\/2018\/06\/01\/nevhan-gunduz-ve-cocuklari\/"},"wordCount":630,"image":{"@id":"https:\/\/www.nevhangunduz.com.tr\/index.php\/2018\/06\/01\/nevhan-gunduz-ve-cocuklari\/#primaryimage"},"thumbnailUrl":"https:\/\/www.nevhangunduz.com.tr\/wp-content\/uploads\/2019\/11\/nevhan-gunduz-cocuklar-e1574765296583.jpg","keywords":["Nevhan G\u00fcnd\u00fcz","nevhan g\u00fcnd\u00fcz \u00e7ocuklar","nevhan g\u00fcnd\u00fcz e\u015fi","nevhan g\u00fcnd\u00fcz klass"],"articleSection":["Nevhan G\u00fcnd\u00fcz'den Haberler"],"inLanguage":"tr"},{"@type":"WebPage","@id":"https:\/\/www.nevhangunduz.com.tr\/index.php\/2018\/06\/01\/nevhan-gunduz-ve-cocuklari\/","url":"https:\/\/www.nevhangunduz.com.tr\/index.php\/2018\/06\/01\/nevhan-gunduz-ve-cocuklari\/","name":"Nevhan G\u00fcnd\u00fcz ve \u00c7ocuklar\u0131 - Nevhan G\u00fcnd\u00fcz - Haberler","isPartOf":{"@id":"https:\/\/www.nevhangunduz.com.tr\/#website"},"primaryImageOfPage":{"@id":"https:\/\/www.nevhangunduz.com.tr\/index.php\/2018\/06\/01\/nevhan-gunduz-ve-cocuklari\/#primaryimage"},"image":{"@id":"https:\/\/www.nevhangunduz.com.tr\/index.php\/2018\/06\/01\/nevhan-gunduz-ve-cocuklari\/#primaryimage"},"thumbnailUrl":"https:\/\/www.nevhangunduz.com.tr\/wp-content\/uploads\/2019\/11\/nevhan-gunduz-cocuklar-e1574765296583.jpg","datePublished":"2018-06-01T10:56:00+00:00","author":{"@id":"https:\/\/www.nevhangunduz.com.tr\/#\/schema\/person\/daacf86fe79758fd3cd3416eafa012d3"},"description":"Nevhan G\u00fcnd\u00fcz ve \u00c7ocuklar\u0131 Orge Elektrik Taahh\u00fct Kurucu Orta\u011f\u0131 ve CEO\u2019su Nevhan G\u00fcnd\u00fcz Babas\u0131 Orhan G\u00fcnd\u00fcz ve \u00c7ocuklar\u0131 Uras ve Aral ...","breadcrumb":{"@id":"https:\/\/www.nevhangunduz.com.tr\/index.php\/2018\/06\/01\/nevhan-gunduz-ve-cocuklari\/#breadcrumb"},"inLanguage":"tr","potentialAction":[{"@type":"ReadAction","target":["https:\/\/www.nevhangunduz.com.tr\/index.php\/2018\/06\/01\/nevhan-gunduz-ve-cocuklari\/"]}]},{"@type":"ImageObject","inLanguage":"tr","@id":"https:\/\/www.nevhangunduz.com.tr\/index.php\/2018\/06\/01\/nevhan-gunduz-ve-cocuklari\/#primaryimage","url":"https:\/\/www.nevhangunduz.com.tr\/wp-content\/uploads\/2019\/11\/nevhan-gunduz-cocuklar-e1574765296583.jpg","contentUrl":"https:\/\/www.nevhangunduz.com.tr\/wp-content\/uploads\/2019\/11\/nevhan-gunduz-cocuklar-e1574765296583.jpg","width":750,"height":429,"caption":"Nevhan G\u00fcnd\u00fcz ve \u00c7ocuklar"},{"@type":"BreadcrumbList","@id":"https:\/\/www.nevhangunduz.com.tr\/index.php\/2018\/06\/01\/nevhan-gunduz-ve-cocuklari\/#breadcrumb","itemListElement":[{"@type":"ListItem","position":1,"name":"Ana sayfa","item":"https:\/\/www.nevhangunduz.com.tr\/"},{"@type":"ListItem","position":2,"name":"Nevhan G\u00fcnd\u00fcz &#8220;\u00c7ocuklar\u0131m\u0131n Kendi Kurdugum ve B\u00fcy\u00fctt\u00fcg\u00fcm \u015eirketimizde \u00c7al\u0131\u015fmalar\u0131n\u0131 \u00c7ok \u0130sterim. &#8220;"}]},{"@type":"WebSite","@id":"https:\/\/www.nevhangunduz.com.tr\/#website","url":"https:\/\/www.nevhangunduz.com.tr\/","name":"Nevhan G\u00fcnd\u00fcz","description":"Nevhan G\u00fcnd\u00fcz Ki\u015fisel Web Sitesi","potentialAction":[{"@type":"SearchAction","target":{"@type":"EntryPoint","urlTemplate":"https:\/\/www.nevhangunduz.com.tr\/?s={search_term_string}"},"query-input":{"@type":"PropertyValueSpecification","valueRequired":true,"valueName":"search_term_string"}}],"inLanguage":"tr"},{"@type":"Person","@id":"https:\/\/www.nevhangunduz.com.tr\/#\/schema\/person\/daacf86fe79758fd3cd3416eafa012d3","name":"Nevhan G\u00fcnd\u00fcz","sameAs":["https:\/\/www.nevhangunduz.com.tr"],"url":"https:\/\/www.nevhangunduz.com.tr\/index.php\/author\/nevhan\/"}]}},"_links":{"self":[{"href":"https:\/\/www.nevhangunduz.com.tr\/index.php\/wp-json\/wp\/v2\/posts\/954","targetHints":{"allow":["GET"]}}],"collection":[{"href":"https:\/\/www.nevhangunduz.com.tr\/index.php\/wp-json\/wp\/v2\/posts"}],"about":[{"href":"https:\/\/www.nevhangunduz.com.tr\/index.php\/wp-json\/wp\/v2\/types\/post"}],"author":[{"embeddable":true,"href":"https:\/\/www.nevhangunduz.com.tr\/index.php\/wp-json\/wp\/v2\/users\/1"}],"replies":[{"embeddable":true,"href":"https:\/\/www.nevhangunduz.com.tr\/index.php\/wp-json\/wp\/v2\/comments?post=954"}],"version-history":[{"count":0,"href":"https:\/\/www.nevhangunduz.com.tr\/index.php\/wp-json\/wp\/v2\/posts\/954\/revisions"}],"wp:featuredmedia":[{"embeddable":true,"href":"https:\/\/www.nevhangunduz.com.tr\/index.php\/wp-json\/wp\/v2\/media\/775"}],"wp:attachment":[{"href":"https:\/\/www.nevhangunduz.com.tr\/index.php\/wp-json\/wp\/v2\/media?parent=954"}],"wp:term":[{"taxonomy":"category","embeddable":true,"href":"https:\/\/www.nevhangunduz.com.tr\/index.php\/wp-json\/wp\/v2\/categories?post=954"},{"taxonomy":"post_tag","embeddable":true,"href":"https:\/\/www.nevhangunduz.com.tr\/index.php\/wp-json\/wp\/v2\/tags?post=954"}],"curies":[{"name":"wp","href":"https:\/\/api.w.org\/{rel}","templated":true}]}}