{"id":853,"date":"2019-02-01T17:25:00","date_gmt":"2019-02-01T14:25:00","guid":{"rendered":"http:\/\/nevhangunduz.com\/?p=853"},"modified":"2019-02-01T17:25:00","modified_gmt":"2019-02-01T14:25:00","slug":"nevhan-gunduz-hedefimiz-avrupanin-ilk-10u","status":"publish","type":"post","link":"https:\/\/www.nevhangunduz.com.tr\/index.php\/2019\/02\/01\/nevhan-gunduz-hedefimiz-avrupanin-ilk-10u\/","title":{"rendered":"Nevhan G\u00fcnd\u00fcz &#8221; Hedefimiz Avrupa&#8217;n\u0131n \u0130lk 10&#8217;u &#8220;"},"content":{"rendered":"\n<h1 class=\"wp-block-heading\">Nevhan G\u00fcnd\u00fcz &#8221; Hedefimiz Avrupa&#8217;n\u0131n \u0130lk 10&#8217;u &#8220;<\/h1>\n\n\n\n<p>Nevhan G\u00fcnd\u00fcz<br><strong>Elektrik taahh\u00fct sekt\u00f6r\u00fcn\u00fcn \u00f6nemli oyuncular\u0131ndan ORGE, 2019&#8217;da y\u00fczde 20 gelir art\u0131\u015f\u0131 hedefliyor. 7 proje y\u00fcr\u00fcten <a href=\"http:\/\/nevhangunduz.com\/nevhan-gunduz-kimdir\/\">ORGE Enerji Elektrik&#8217;in CEO&#8217;su Nevhan G\u00fcnd\u00fcz<\/a>, \u201c2019&#8217;da yurt i\u00e7inde odak alt sekt\u00f6rlerimiz rayl\u0131 sistemler ve kamu alt yap\u0131 yat\u0131r\u0131mlar\u0131yla nitelikli yap\u0131 projelerine yo\u011funla\u015farak bu ba\u015far\u0131lar\u0131 yurt d\u0131\u015f\u0131na da yaymak istiyoruz&#8221; diyor. \u015eirketin 5 y\u0131ll\u0131k projeksiyonunda T\u00fcrkiye&#8217;de lider ve Avrupa&#8217;n\u0131n ilk 10 elektrik taahh\u00fct \u015firketi aras\u0131nda yer almak bulunuyor.<\/strong><\/p>\n\n\n\n<p>Elektrik taahh\u00fct sekt\u00f6r\u00fcn\u00fcn \u00f6nemli oyuncular\u0131ndan olan ve 20&#8217;nci y\u0131l\u0131n\u0131 kutlayan ORGE, bu y\u0131l da b\u00fcy\u00fcmesini s\u00fcrd\u00fcr\u00fcyor. \u015eirket bu y\u0131l 2018&#8217;e paralel olarak y\u00fczde 20 ciro art\u0131\u015f\u0131 hedefliyor ve faaliyet k\u00e2rl\u0131l\u0131\u011f\u0131n\u0131 muhafaza etmeyi ama\u00e7l\u0131yor. <\/p>\n\n\n\n<p>Mevcutta 7 proje y\u00fcr\u00fcten ORGE Enerji Elektrik&#8217;in CEO&#8217;su Nevhan G\u00fcnd\u00fcz, \u201c2019&#8217;da sa\u011fl\u0131kl\u0131 operasyonel ve finansal yap\u0131m\u0131z\u0131n bize sa\u011flad\u0131\u011f\u0131 g\u00fc\u00e7le yurt i\u00e7inde odak alt sekt\u00f6rlerimiz rayl\u0131 sistemler ve kamu alt yap\u0131 yat\u0131r\u0131mlar\u0131yla nitelikli yap\u0131 projelerine yo\u011funla\u015farak bu ba\u015far\u0131lar\u0131 yurt d\u0131\u015f\u0131na da yaymak istiyoruz&#8221; diyor.<\/p>\n\n\n\n<p>2012&#8217;den bu yana halka a\u00e7\u0131k olan <a href=\"https:\/\/www.orge.com.tr\/yatirimci-iliskileri\/sirket-bilgileri\/\">ORGE<\/a>, 2018&#8217;in ilk 9 ay\u0131nda cirosunu bir \u00f6nceki y\u0131la g\u00f6re y\u00fczde 35 art\u0131rarak 86,5 milyon TL&#8217;ye \u00e7\u0131kard\u0131. Ayn\u0131 d\u00f6nemde  net d\u00f6nem k\u00e2r\u0131nda da y\u00fczde 10 art\u0131\u015f yakalad\u0131. <\/p>\n\n\n\n<p>G\u00fcnd\u00fcz, \u015firketin gelecek planlar\u0131n\u0131 \u015f\u00f6yle \u00f6zetliyor: \u201c2019 y\u0131l\u0131nda ORGE global ayak izini art\u0131rma ve b\u00f6lgesel bir \u015firket olma plan\u0131 kapsam\u0131nda uluslararas\u0131 m\u00fcteahhitlik firmalar\u0131yla i\u015f ortakl\u0131klar\u0131 aray\u0131\u015f\u0131nda olacak.<\/p>\n\n\n\n<p>Halihaz\u0131rda bir \u00e7ok premium in\u015faat projesinin y\u00fcr\u00fct\u00fcld\u00fc\u011f\u00fc Azerbaycan ve Kuveyt ile Almanya&#8217;da i\u015f f\u0131rsatlar\u0131n\u0131 art\u0131rmak i\u00e7in g\u00f6r\u00fc\u015fmelerde bulunuyoruz. <\/p>\n\n\n\n<p>5 y\u0131ll\u0131k projeksiyonumuzda \u00fclkemizin lider ve Avrupa&#8217;n\u0131n ilk 10 elektrik taahh\u00fct \u015firketi aras\u0131nda yer almay\u0131 ama\u00e7l\u0131yoruz.&#8221; <\/p>\n\n\n\n<h2 class=\"wp-block-heading\">&#8220;ORTAK G\u0130R\u0130\u015e\u0130MLERE SICAK BAKIYORUZ&#8221; <\/h2>\n\n\n\n<div class=\"wp-block-media-text alignwide\"><figure class=\"wp-block-media-text__media\"><img loading=\"lazy\" decoding=\"async\" width=\"695\" height=\"972\" src=\"https:\/\/www.nevhangunduz.com\/wp-content\/uploads\/2019\/11\/nevhan-gunduz-capital-2.jpg\" alt=\"nevhan-gunduz\" class=\"wp-image-855\" srcset=\"https:\/\/www.nevhangunduz.com.tr\/wp-content\/uploads\/2019\/11\/nevhan-gunduz-capital-2.jpg 695w, https:\/\/www.nevhangunduz.com.tr\/wp-content\/uploads\/2019\/11\/nevhan-gunduz-capital-2-215x300.jpg 215w, https:\/\/www.nevhangunduz.com.tr\/wp-content\/uploads\/2019\/11\/nevhan-gunduz-capital-2-400x559.jpg 400w\" sizes=\"auto, (max-width: 695px) 100vw, 695px\" \/><\/figure><div class=\"wp-block-media-text__content\">\n<h3 class=\"wp-block-heading\"><strong>SATIN ALMA PLANLARI <\/strong><\/h3>\n\n\n\n<p class=\"has-normal-font-size\">\u015eirketimize yurt i\u00e7i ve d\u0131\u015f\u0131nda stratejik ortakl\u0131k teklifleriyle gelecek yat\u0131r\u0131mc\u0131larla ortak giri\u015fimler kurma konusuna olumlu bak\u0131yoruz. \u0130n\u015faat end\u00fcstrisinin yatay ve dikey segmentlerinde hizmet veren uluslararas\u0131 \u015firketlerle ortakl\u0131klar kurmak ve bu yolla \u015firketin pazarini geni\u015fletmesi de olas\u0131 senaryolar\u0131m\u0131z aras\u0131nda bulunuyor. <\/p>\n<\/div><\/div>\n\n\n\n<h3 class=\"wp-block-heading\"><strong>YEN\u0130 PAZARLARA KAPI <\/strong><\/h3>\n\n\n\n<p>Bununla birlikte potansiyel bir orta\u011f\u0131n ORGE&#8217;ye know-how ve yeni pazarlara giri\u015f i\u00e7in network sa\u011flamas\u0131 tercih sebebi olacak. Potansiyel orta\u011f\u0131n kurumsal deneyimi, k\u00fclt\u00fcr\u00fc ve co\u011frafi konumunun da ORGE&#8217;nin planlar\u0131yla \u00f6rt\u00fc\u015fmesi de \u00f6nem verdi\u011fimiz ba\u015fl\u0131klar aras\u0131nda olacak.<br><\/p>\n\n\n\n<p>ORGE Enerji Elektrik CEO&#8217;su Nevhan G\u00fcnd\u00fcz ile enerji alan\u0131ndaki \u00e7al\u0131\u015fmalar\u0131n\u0131, b\u00fcy\u00fcme rotalar\u0131n\u0131 detayland\u0131rd\u0131k :<\/p>\n\n\n\n<h2 class=\"wp-block-heading\">Bu y\u0131l \u015firketinizin ana g\u00fcndeminde hangi projeler ve yat\u0131r\u0131mlar bulunuyor ? Bu y\u0131l i\u00e7in nas\u0131l bir b\u00fcy\u00fcme plan\u0131n\u0131z var ?<\/h2>\n\n\n\n<p>1998 y\u0131l\u0131nda kurulan ve 20&#8217;nci y\u0131l\u0131n\u0131 kutlad\u0131\u011f\u0131m\u0131z ORGE, elektrik taahh\u00fct sekt\u00f6r\u00fcn\u00fcn en \u00f6nemli \u00fc\u00e7 \u015firketi aras\u0131nda de\u011ferlendiriliyor. 2012&#8217;den bu yana halka a\u00e7\u0131k bir \u015firketiz. <\/p>\n\n\n\n<p>Bu y\u0131l yakla\u015f\u0131k 600 ki\u015fiye istihdam sa\u011flad\u0131k. 2018 y\u0131l\u0131n\u0131n ilk 9 ay\u0131nda, ciromuzu bir \u00f6nceki y\u0131la k\u0131yasla y\u00fczde 35 art\u0131\u015fla 86,5 milyon TL&#8217;ye \u00e7\u0131kard\u0131k. Ayn\u0131 d\u00f6nemde net d\u00f6nem k\u00e2r\u0131m\u0131z\u0131 y\u0131ll\u0131k g\u00f6reli y\u00fczde 10 art\u0131\u015fla 27,5 Milyon TL&#8217;ye ta\u015f\u0131d\u0131k. <\/p>\n\n\n\n<p>Bug\u00fcnlerde \u015firket olarak 7 proje y\u00fcr\u00fct\u00fcyoruz ve imza a\u015famas\u0131nda olan bir \u00f6nemli projemiz daha var.<\/p>\n\n\n\n<p>Bu y\u0131l\u0131n \u00fclkemiz genelinde maliyet ve verimlilik maksimizasyonu \u00e7abalar\u0131n\u0131n \u00f6n plana \u00e7\u0131kaca\u011f\u0131, \u00f6ncelikle mevcudun muhafazas\u0131n\u0131n ama\u00e7lanaca\u011f\u0131 bir y\u0131l olmas\u0131n\u0131 bekliyoruz. <\/p>\n\n\n\n<p>Biz de bu \u00e7er\u00e7evede hareket ederek, sa\u011fl\u0131kl\u0131 operasyonel ve finansal yap\u0131m\u0131z\u0131n bize sa\u011flad\u0131\u011f\u0131 g\u00fc\u00e7le yurt i\u00e7inde odak alt sekt\u00f6rlerimiz olan rayl\u0131 sistemler, kamu alt yap\u0131 yat\u0131r\u0131mlar\u0131yla nitelikli yap\u0131 projelerine yo\u011funla\u015farak, yurt i\u00e7inde g\u00f6sterdi\u011fimiz ba\u015far\u0131lar\u0131 yurt d\u0131\u015f\u0131na da yaymak istiyoruz.<\/p>\n\n\n\n<h2 class=\"wp-block-heading\"><strong>Bug\u00fcne kadar T\u00fcrkiye&#8217;ye ne kadar yat\u0131r\u0131m yapt\u0131n\u0131z ? Bundan sonras\u0131nda yat\u0131r\u0131m ajandan\u0131z nas\u0131l ?<\/strong><\/h2>\n\n\n\n<p>2019 y\u0131l\u0131 yat\u0131r\u0131m ajandam\u0131zda \u00f6zellikle bili\u015fim ve insan kayna\u011f\u0131 altyap\u0131lar\u0131m\u0131z\u0131n iyile\u015ftirilmesi \u00f6n planda olacak.<\/p>\n\n\n\n<h2 class=\"wp-block-heading\">Ge\u00e7ti\u011fimiz y\u0131l, \u015firketiniz i\u00e7in nas\u0131l ge\u00e7ti ? <\/h2>\n\n\n\n<p>2018 genel olarak \u00fclke ekonomisi i\u00e7in zor bir y\u0131l oldu. Buna kar\u015f\u0131n \u015firket y\u00f6netimimizin yerinde \u00e7\u0131kan \u00f6ng\u00f6r\u00fcleri ve zaman\u0131nda al\u0131nan \u00f6nlemlerle ORGE&#8217;nin 20&#8217;nci y\u0131l\u0131nda imza s\u00fcreci devam projelerimiz de dikkate al\u0131nd\u0131\u011f\u0131nda t\u00fcm zamanlar\u0131m\u0131z\u0131n en b\u00fcy\u00fck yeni al\u0131nan i\u015f ve devam eden i\u015flbacklog) hacimlerini yakalad\u0131k.<\/p>\n\n\n\n<p>Elimizdeki i\u015flerle birlikte 250 milyon TL&#8217;yi a\u015fan t\u00fcm zamanlar\u0131m\u0131z\u0131n en b\u00fcy\u00fck backlog rakam\u0131na ula\u015ft\u0131k.<\/p>\n\n\n\n<p>\u0130\u015f b\u00fcy\u00fckl\u00fc\u011f\u00fc, has\u0131lat, k\u00e2rl\u0131l\u0131k, aktif b\u00fcy\u00fckl\u00fck ve istihdam a\u00e7\u0131s\u0131ndan ciddi b\u00fcy\u00fcme sa\u011flad\u0131\u011f\u0131m\u0131z bir y\u0131l oldu.<\/p>\n\n\n\n<p>2018 ba\u015f\u0131nda y\u0131ll\u0131k gelir art\u0131\u015f\u0131n\u0131n y\u00fczde 20 olmas\u0131 ve net k\u00e2r\u0131n ge\u00e7en y\u0131la g\u00f6re sabit kalmas\u0131 \u00f6ng\u00f6r\u00fcl\u00fcyordu. 9 ayl\u0131k sonu\u00e7lar bu hedeflerin a\u015f\u0131lmas\u0131n\u0131n m\u00fcmk\u00fcn oldu\u011funu g\u00f6steriyor.<\/p>\n\n\n\n<h2 class=\"wp-block-heading\"><strong>Peki 2019 y\u0131l\u0131nda hangi alanlarda b\u00fcy\u00fcme planl\u0131yorsunuz ?<\/strong><\/h2>\n\n\n\n<p>2019 y\u0131l\u0131nda ORGE global ayak izini art\u0131rma ve b\u00f6lgesel bir \u015firket olma plan\u0131 kapsam\u0131nda uluslararas\u0131 m\u00fcteahhitlik firmalar\u0131yla i\u015f ortakl\u0131klar\u0131 aray\u0131\u015f\u0131nda olacak. <\/p>\n\n\n\n<p>Halihaz\u0131rda bir \u00e7ok premium in\u015faat projesinin y\u00fcr\u00fct\u00fcld\u00fc\u011f\u00fc Azerbaycan ve Kuveyt ile Almanya&#8217;da i\u015f f\u0131rsatlar\u0131n\u0131 art\u0131rmak i\u00e7in g\u00f6r\u00fc\u015fmelerde bulunuyoruz.<\/p>\n\n\n\n<p>Yurt i\u00e7inde de odak alt sekt\u00f6rlerimiz rayl\u0131 sistemler, kamu alt ve \u00fcst yap\u0131 projeleriyle nitelikli yap\u0131larda giri\u015fimlerimiz s\u00fcrecek. 2019&#8217;da ge\u00e7mi\u015f y\u0131la paralel \u015fekilde y\u00fczde 20&#8217;lik gelir art\u0131\u015f\u0131 ve faaliyet k\u00e2rl\u0131l\u0131\u011f\u0131m\u0131z\u0131 muhafaza etmeyi hedefliyoruz.<\/p>\n\n\n\n<h2 class=\"wp-block-heading\"><strong>Bu y\u0131l i\u00e7in b\u00fcy\u00fcme stratejinizi alabilir miyiz ? B\u00fcy\u00fcmenizi s\u00fcr\u00fckleyecek ana alan ve projeler neler olacak ?<\/strong><\/h2>\n\n\n\n<p>Yurt i\u00e7i ve yurt d\u0131\u015f\u0131nda odak alt sekt\u00f6rlerimiz rayl\u0131 sistemler, kamu alt ve \u00fcst yap\u0131 projeleri ile nitelikli yap\u0131larda s\u00fcrd\u00fcrd\u00fc\u011f\u00fcm\u00fcz giri\u015fimlerden sonu\u00e7 ald\u0131\u011f\u0131m\u0131z taktirde \u015firketimizin b\u00fcy\u00fcmesine \u00f6nemli katk\u0131 sa\u011flayabilece\u011fimiz d\u00fc\u015f\u00fcn\u00fcyoruz.<\/p>\n\n\n\n<p>5 y\u0131ll\u0131k projeksiyonumuzda da \u00fclkemizin lider ve Avrupa&#8217;n\u0131n ilk 10 elektrik taahh\u00fct \u015firketi aras\u0131nda yer almay\u0131 ama\u00e7l\u0131yoruz.<br><\/p>\n\n\n\n<h2 class=\"wp-block-heading\">\u201cD\u00d6V\u0130Z Y\u00dcK\u00dcML\u00dcL\u00dc\u011e\u00dc OLMAYAN KAZANACAK\u201d <\/h2>\n\n\n\n<div class=\"wp-block-media-text alignwide has-media-on-the-right is-vertically-aligned-center\"><figure class=\"wp-block-media-text__media\"><img loading=\"lazy\" decoding=\"async\" width=\"586\" height=\"902\" src=\"https:\/\/www.nevhangunduz.com\/wp-content\/uploads\/2019\/11\/nevhan-gunduz-capital.jpg\" alt=\"nevhan-gunduz\" class=\"wp-image-854\" srcset=\"https:\/\/www.nevhangunduz.com.tr\/wp-content\/uploads\/2019\/11\/nevhan-gunduz-capital.jpg 586w, https:\/\/www.nevhangunduz.com.tr\/wp-content\/uploads\/2019\/11\/nevhan-gunduz-capital-195x300.jpg 195w, https:\/\/www.nevhangunduz.com.tr\/wp-content\/uploads\/2019\/11\/nevhan-gunduz-capital-400x616.jpg 400w\" sizes=\"auto, (max-width: 586px) 100vw, 586px\" \/><\/figure><div class=\"wp-block-media-text__content\">\n<h3 class=\"wp-block-heading\">KURUN ETK\u0130S\u0130 <\/h3>\n\n\n\n<p>2018, enerji sekt\u00f6r\u00fcn\u00fcn kamunun ger\u00e7ekle\u015ftirdi\u011fi k\u0131sm\u0131 iyile\u015ftirmelerle nefes ald\u0131\u011f\u0131 buna kar\u015f\u0131l\u0131k kur farklar\u0131 kaynakl\u0131 finansman giderlerinin \u00f6nemli sorunlar yaratt\u0131\u011f\u0131 bir y\u0131l oldu. <\/p>\n\n\n\n<p>Kur art\u0131\u015f\u0131n\u0131n ve takiben olu\u015fan finansman maliyet  art\u0131\u015f\u0131n\u0131n  elektrik taahh\u00fct sekt\u00f6r\u00fcnde benzer sorunlara yol a\u00e7t\u0131\u011f\u0131n\u0131 s\u00f6yleyebiliriz. <\/p>\n<\/div><\/div>\n\n\n\n<p>Bor\u00e7lanma maliyetlerin artmas\u0131 yat\u0131r\u0131m, b\u00fcy\u00fcme ve k\u00e2rl\u0131l\u0131k imkanlar\u0131n\u0131 ister istemez s\u0131n\u0131rlam\u0131\u015f oldu. <\/p>\n\n\n\n<h3 class=\"wp-block-heading\">PAYLAR <strong>DE\u011e\u0130\u015eECEK <\/strong> <\/h3>\n\n\n\n<p>Buna kar\u015f\u0131n pazarda olu\u015fan bo\u015falmayla, \u00f6z kaynak yap\u0131s\u0131 kuvvetli ve d\u00f6viz y\u00fck\u00fcml\u00fcl\u00fc\u011f\u00fc olmayan ve i\u015flerinde kur riskini minimize edebilen yap\u0131lar, bu d\u00f6nemden pazar pay\u0131n\u0131 ve k\u00e2rl\u0131l\u0131\u011f\u0131n\u0131 b\u00fcy\u00fcterek \u00e7\u0131kma \u015fans\u0131na sahip olacak. <\/p>\n\n\n\n<p>ORGE olarak biz de bu yap\u0131da bir \u015firket olarak bu s\u0131k\u0131nt\u0131lar\u0131 f\u0131rsata \u00e7evirmek i\u00e7in gayret sarf ediyoruz.<\/p>\n\n\n\n<h3 class=\"wp-block-heading\">FIRSATA D\u00d6NEB\u0130L\u0130R  <\/h3>\n\n\n\n<p>2019&#8217;un t\u00fcm sekt\u00f6rlerde maliyet ve verimlilik maksimizasyonu \u00e7abalar\u0131n\u0131n \u00f6n plana \u00e7\u0131kaca\u011f\u0131 bir y\u0131l olaca\u011f\u0131n\u0131 d\u00fc\u015f\u00fcn\u00fcyoruz. \u00d6ncelikle mevcudun muhafazas\u0131n\u0131n ama\u00e7lanaca\u011f\u0131 bir y\u0131l olaca\u011f\u0131n\u0131 bekliyoruz. <\/p>\n\n\n\n<p>Bununla birlikte risk, nakit ve alacak y\u00f6netimini ba\u015far\u0131yla s\u00fcrd\u00fcren \u015firketlerin, bu durumu bir f\u0131rsata \u00e7evirip \u00f6nemli bir b\u00fcy\u00fcme imkan\u0131 da yakalayabileceklerini d\u00fc\u015f\u00fcn\u00fcyoruz.<\/p>\n\n\n\n<p><strong>CAPITAL \/ EL\u00c7\u0130N C\u0130R\u0130K<\/strong> &#8211; <em>01.02.<\/em>2019  <br>Nevhan G\u00dcND\u00dcZ \/ Orge Elektrik Taahh\u00fct CEO&#8217;su <\/p>\n\n\n\n<figure class=\"wp-block-image size-large\"><img loading=\"lazy\" decoding=\"async\" width=\"750\" height=\"1024\" src=\"http:\/\/nevhangunduz.com\/wp-content\/uploads\/2019\/11\/nevhan-gunduz-capital-750x1024.jpeg\" alt=\"nevhan-gunduz-capital\" class=\"wp-image-856\" srcset=\"https:\/\/www.nevhangunduz.com.tr\/wp-content\/uploads\/2019\/11\/nevhan-gunduz-capital-750x1024.jpeg 750w, https:\/\/www.nevhangunduz.com.tr\/wp-content\/uploads\/2019\/11\/nevhan-gunduz-capital-220x300.jpeg 220w, https:\/\/www.nevhangunduz.com.tr\/wp-content\/uploads\/2019\/11\/nevhan-gunduz-capital-768x1049.jpeg 768w, https:\/\/www.nevhangunduz.com.tr\/wp-content\/uploads\/2019\/11\/nevhan-gunduz-capital-1125x1536.jpeg 1125w, https:\/\/www.nevhangunduz.com.tr\/wp-content\/uploads\/2019\/11\/nevhan-gunduz-capital-400x546.jpeg 400w, https:\/\/www.nevhangunduz.com.tr\/wp-content\/uploads\/2019\/11\/nevhan-gunduz-capital.jpeg 1171w\" sizes=\"auto, (max-width: 750px) 100vw, 750px\" \/><\/figure>\n\n\n\n<figure class=\"wp-block-image size-large\"><img loading=\"lazy\" decoding=\"async\" width=\"753\" height=\"1024\" src=\"http:\/\/nevhangunduz.com\/wp-content\/uploads\/2019\/11\/nevhan-gunduz-capital-2-753x1024.jpeg\" alt=\"nevhan-gunduz\" class=\"wp-image-857\" srcset=\"https:\/\/www.nevhangunduz.com.tr\/wp-content\/uploads\/2019\/11\/nevhan-gunduz-capital-2-753x1024.jpeg 753w, https:\/\/www.nevhangunduz.com.tr\/wp-content\/uploads\/2019\/11\/nevhan-gunduz-capital-2-220x300.jpeg 220w, https:\/\/www.nevhangunduz.com.tr\/wp-content\/uploads\/2019\/11\/nevhan-gunduz-capital-2-768x1045.jpeg 768w, https:\/\/www.nevhangunduz.com.tr\/wp-content\/uploads\/2019\/11\/nevhan-gunduz-capital-2-1129x1536.jpeg 1129w, https:\/\/www.nevhangunduz.com.tr\/wp-content\/uploads\/2019\/11\/nevhan-gunduz-capital-2-400x544.jpeg 400w, https:\/\/www.nevhangunduz.com.tr\/wp-content\/uploads\/2019\/11\/nevhan-gunduz-capital-2.jpeg 1173w\" sizes=\"auto, (max-width: 753px) 100vw, 753px\" \/><\/figure>\n\n\n\n<figure class=\"wp-block-image size-large\"><img loading=\"lazy\" decoding=\"async\" width=\"750\" height=\"1024\" src=\"http:\/\/nevhangunduz.com\/wp-content\/uploads\/2019\/11\/nevhan-gunduz-capital-3-750x1024.jpeg\" alt=\"nevhan-gunduz\" class=\"wp-image-858\" srcset=\"https:\/\/www.nevhangunduz.com.tr\/wp-content\/uploads\/2019\/11\/nevhan-gunduz-capital-3-750x1024.jpeg 750w, https:\/\/www.nevhangunduz.com.tr\/wp-content\/uploads\/2019\/11\/nevhan-gunduz-capital-3-220x300.jpeg 220w, https:\/\/www.nevhangunduz.com.tr\/wp-content\/uploads\/2019\/11\/nevhan-gunduz-capital-3-768x1048.jpeg 768w, https:\/\/www.nevhangunduz.com.tr\/wp-content\/uploads\/2019\/11\/nevhan-gunduz-capital-3-1125x1536.jpeg 1125w, https:\/\/www.nevhangunduz.com.tr\/wp-content\/uploads\/2019\/11\/nevhan-gunduz-capital-3-400x546.jpeg 400w, https:\/\/www.nevhangunduz.com.tr\/wp-content\/uploads\/2019\/11\/nevhan-gunduz-capital-3.jpeg 1170w\" sizes=\"auto, (max-width: 750px) 100vw, 750px\" \/><\/figure>\n","protected":false},"excerpt":{"rendered":"<p>Nevhan G\u00fcnd\u00fcz Elektrik taahh\u00fct sekt\u00f6r\u00fcn\u00fcn \u00f6nemli oyuncular\u0131ndan ORGE, 2019&#8217;da y\u00fczde 20 gelir art\u0131\u015f\u0131 hedefliyor. <\/p>\n","protected":false},"author":1,"featured_media":859,"comment_status":"closed","ping_status":"closed","sticky":false,"template":"","format":"standard","meta":{"footnotes":""},"categories":[18],"tags":[4,5,6,7,8,9,10,11,12,13,14,39,38],"class_list":["post-853","post","type-post","status-publish","format-standard","has-post-thumbnail","hentry","category-nevhan-gunduz-yazili-basin","tag-nevhan-gunduz-bloomberg","tag-nevhan-gunduz-buyuk-klub","tag-nevhan-gunduz-canli-yayin","tag-nevhan-gunduz-gazete-haberleri","tag-nevhan-gunduz-hayati","tag-nevhan-gunduz-kimdir","tag-nevhan-gunduz-meslek-egitimi","tag-nevhan-gunduz-metro","tag-nevhan-gunduz-sunum","tag-nevhan-gunduz-tusiad","tag-nevhan-gunduz-tv-roportaji","tag-para-dergisi-nevhan-gunduz","tag-sabah-gazetesi-nevhan-gunduz"],"yoast_head":"<!-- This site is optimized with the Yoast SEO plugin v27.9 - https:\/\/yoast.com\/product\/yoast-seo-wordpress\/ -->\n<title>Nevhan G\u00fcnd\u00fcz &quot; Hedefimiz Avrupa&#039;n\u0131n \u0130lk 10&#039;u &quot; - Capital<\/title>\n<meta name=\"description\" content=\"Nevhan G\u00fcnd\u00fcz Elektrik taahh\u00fct sekt\u00f6r\u00fcn\u00fcn \u00f6nemli oyuncular\u0131ndan ORGE, 2019&#039;da y\u00fczde 20 gelir art\u0131\u015f\u0131 hedefliyor. 7 proje y\u00fcr\u00fcten ORGE Enerji ..\" \/>\n<meta name=\"robots\" content=\"index, follow, max-snippet:-1, max-image-preview:large, max-video-preview:-1\" \/>\n<link rel=\"canonical\" href=\"https:\/\/www.nevhangunduz.com.tr\/index.php\/2019\/02\/01\/nevhan-gunduz-hedefimiz-avrupanin-ilk-10u\/\" \/>\n<meta property=\"og:locale\" content=\"tr_TR\" \/>\n<meta property=\"og:type\" content=\"article\" \/>\n<meta property=\"og:title\" content=\"Nevhan G\u00fcnd\u00fcz &quot; Hedefimiz Avrupa&#039;n\u0131n \u0130lk 10&#039;u &quot; - Capital\" \/>\n<meta property=\"og:description\" content=\"Nevhan G\u00fcnd\u00fcz Elektrik taahh\u00fct sekt\u00f6r\u00fcn\u00fcn \u00f6nemli oyuncular\u0131ndan ORGE, 2019&#039;da y\u00fczde 20 gelir art\u0131\u015f\u0131 hedefliyor. 7 proje y\u00fcr\u00fcten ORGE Enerji ..\" \/>\n<meta property=\"og:url\" content=\"https:\/\/www.nevhangunduz.com.tr\/index.php\/2019\/02\/01\/nevhan-gunduz-hedefimiz-avrupanin-ilk-10u\/\" \/>\n<meta property=\"og:site_name\" content=\"Nevhan G\u00fcnd\u00fcz\" \/>\n<meta property=\"article:published_time\" content=\"2019-02-01T14:25:00+00:00\" \/>\n<meta property=\"og:image\" content=\"https:\/\/www.nevhangunduz.com.tr\/wp-content\/uploads\/2019\/11\/nevhan-gunduz-capital-web2.jpg\" \/>\n\t<meta property=\"og:image:width\" content=\"1050\" \/>\n\t<meta property=\"og:image:height\" content=\"600\" \/>\n\t<meta property=\"og:image:type\" content=\"image\/jpeg\" \/>\n<meta name=\"author\" content=\"Nevhan G\u00fcnd\u00fcz\" \/>\n<meta name=\"twitter:card\" content=\"summary_large_image\" \/>\n<meta name=\"twitter:label1\" content=\"Yazan:\" \/>\n\t<meta name=\"twitter:data1\" content=\"Nevhan G\u00fcnd\u00fcz\" \/>\n\t<meta name=\"twitter:label2\" content=\"Tahmini okuma s\u00fcresi\" \/>\n\t<meta name=\"twitter:data2\" content=\"7 dakika\" \/>\n<script type=\"application\/ld+json\" class=\"yoast-schema-graph\">{\"@context\":\"https:\\\/\\\/schema.org\",\"@graph\":[{\"@type\":\"Article\",\"@id\":\"https:\\\/\\\/www.nevhangunduz.com.tr\\\/index.php\\\/2019\\\/02\\\/01\\\/nevhan-gunduz-hedefimiz-avrupanin-ilk-10u\\\/#article\",\"isPartOf\":{\"@id\":\"https:\\\/\\\/www.nevhangunduz.com.tr\\\/index.php\\\/2019\\\/02\\\/01\\\/nevhan-gunduz-hedefimiz-avrupanin-ilk-10u\\\/\"},\"author\":{\"name\":\"Nevhan G\u00fcnd\u00fcz\",\"@id\":\"https:\\\/\\\/www.nevhangunduz.com.tr\\\/#\\\/schema\\\/person\\\/daacf86fe79758fd3cd3416eafa012d3\"},\"headline\":\"Nevhan G\u00fcnd\u00fcz &#8221; Hedefimiz Avrupa&#8217;n\u0131n \u0130lk 10&#8217;u &#8220;\",\"datePublished\":\"2019-02-01T14:25:00+00:00\",\"mainEntityOfPage\":{\"@id\":\"https:\\\/\\\/www.nevhangunduz.com.tr\\\/index.php\\\/2019\\\/02\\\/01\\\/nevhan-gunduz-hedefimiz-avrupanin-ilk-10u\\\/\"},\"wordCount\":1405,\"image\":{\"@id\":\"https:\\\/\\\/www.nevhangunduz.com.tr\\\/index.php\\\/2019\\\/02\\\/01\\\/nevhan-gunduz-hedefimiz-avrupanin-ilk-10u\\\/#primaryimage\"},\"thumbnailUrl\":\"https:\\\/\\\/www.nevhangunduz.com.tr\\\/wp-content\\\/uploads\\\/2019\\\/11\\\/nevhan-gunduz-capital-web2.jpg\",\"keywords\":[\"Nevhan G\u00fcnd\u00fcz Bloomberg\",\"Nevhan G\u00fcnd\u00fcz B\u00fcy\u00fck Klub\",\"Nevhan G\u00fcnd\u00fcz Canl\u0131 Yay\u0131n\",\"Nevhan G\u00fcnd\u00fcz Gazete Haberleri\",\"Nevhan G\u00fcnd\u00fcz Hayat\u0131\",\"Nevhan G\u00fcnd\u00fcz kimdir\",\"Nevhan G\u00fcnd\u00fcz meslek egitimi\",\"Nevhan G\u00fcnd\u00fcz Metro\",\"nevhan g\u00fcnd\u00fcz sunum\",\"nevhan g\u00fcnd\u00fcz t\u00fcsiad\",\"Nevhan G\u00fcnd\u00fcz TV R\u00f6portaj\u0131\",\"para dergisi nevhan g\u00fcnd\u00fcz\",\"sabah gazetesi nevhan g\u00fcnd\u00fcz\"],\"articleSection\":[\"Yaz\u0131l\u0131 Bas\u0131n\"],\"inLanguage\":\"tr\"},{\"@type\":\"WebPage\",\"@id\":\"https:\\\/\\\/www.nevhangunduz.com.tr\\\/index.php\\\/2019\\\/02\\\/01\\\/nevhan-gunduz-hedefimiz-avrupanin-ilk-10u\\\/\",\"url\":\"https:\\\/\\\/www.nevhangunduz.com.tr\\\/index.php\\\/2019\\\/02\\\/01\\\/nevhan-gunduz-hedefimiz-avrupanin-ilk-10u\\\/\",\"name\":\"Nevhan G\u00fcnd\u00fcz \\\" Hedefimiz Avrupa'n\u0131n \u0130lk 10'u \\\" - Capital\",\"isPartOf\":{\"@id\":\"https:\\\/\\\/www.nevhangunduz.com.tr\\\/#website\"},\"primaryImageOfPage\":{\"@id\":\"https:\\\/\\\/www.nevhangunduz.com.tr\\\/index.php\\\/2019\\\/02\\\/01\\\/nevhan-gunduz-hedefimiz-avrupanin-ilk-10u\\\/#primaryimage\"},\"image\":{\"@id\":\"https:\\\/\\\/www.nevhangunduz.com.tr\\\/index.php\\\/2019\\\/02\\\/01\\\/nevhan-gunduz-hedefimiz-avrupanin-ilk-10u\\\/#primaryimage\"},\"thumbnailUrl\":\"https:\\\/\\\/www.nevhangunduz.com.tr\\\/wp-content\\\/uploads\\\/2019\\\/11\\\/nevhan-gunduz-capital-web2.jpg\",\"datePublished\":\"2019-02-01T14:25:00+00:00\",\"author\":{\"@id\":\"https:\\\/\\\/www.nevhangunduz.com.tr\\\/#\\\/schema\\\/person\\\/daacf86fe79758fd3cd3416eafa012d3\"},\"description\":\"Nevhan G\u00fcnd\u00fcz Elektrik taahh\u00fct sekt\u00f6r\u00fcn\u00fcn \u00f6nemli oyuncular\u0131ndan ORGE, 2019'da y\u00fczde 20 gelir art\u0131\u015f\u0131 hedefliyor. 7 proje y\u00fcr\u00fcten ORGE Enerji ..\",\"breadcrumb\":{\"@id\":\"https:\\\/\\\/www.nevhangunduz.com.tr\\\/index.php\\\/2019\\\/02\\\/01\\\/nevhan-gunduz-hedefimiz-avrupanin-ilk-10u\\\/#breadcrumb\"},\"inLanguage\":\"tr\",\"potentialAction\":[{\"@type\":\"ReadAction\",\"target\":[\"https:\\\/\\\/www.nevhangunduz.com.tr\\\/index.php\\\/2019\\\/02\\\/01\\\/nevhan-gunduz-hedefimiz-avrupanin-ilk-10u\\\/\"]}]},{\"@type\":\"ImageObject\",\"inLanguage\":\"tr\",\"@id\":\"https:\\\/\\\/www.nevhangunduz.com.tr\\\/index.php\\\/2019\\\/02\\\/01\\\/nevhan-gunduz-hedefimiz-avrupanin-ilk-10u\\\/#primaryimage\",\"url\":\"https:\\\/\\\/www.nevhangunduz.com.tr\\\/wp-content\\\/uploads\\\/2019\\\/11\\\/nevhan-gunduz-capital-web2.jpg\",\"contentUrl\":\"https:\\\/\\\/www.nevhangunduz.com.tr\\\/wp-content\\\/uploads\\\/2019\\\/11\\\/nevhan-gunduz-capital-web2.jpg\",\"width\":1050,\"height\":600,\"caption\":\"Nevhan G\u00fcnd\u00fcz \\\" Hedefimiz Avrupa'n\u0131n \u0130lk 10'u \\\" Capital\"},{\"@type\":\"BreadcrumbList\",\"@id\":\"https:\\\/\\\/www.nevhangunduz.com.tr\\\/index.php\\\/2019\\\/02\\\/01\\\/nevhan-gunduz-hedefimiz-avrupanin-ilk-10u\\\/#breadcrumb\",\"itemListElement\":[{\"@type\":\"ListItem\",\"position\":1,\"name\":\"Ana sayfa\",\"item\":\"https:\\\/\\\/www.nevhangunduz.com.tr\\\/\"},{\"@type\":\"ListItem\",\"position\":2,\"name\":\"Nevhan G\u00fcnd\u00fcz &#8221; Hedefimiz Avrupa&#8217;n\u0131n \u0130lk 10&#8217;u &#8220;\"}]},{\"@type\":\"WebSite\",\"@id\":\"https:\\\/\\\/www.nevhangunduz.com.tr\\\/#website\",\"url\":\"https:\\\/\\\/www.nevhangunduz.com.tr\\\/\",\"name\":\"Nevhan G\u00fcnd\u00fcz\",\"description\":\"Nevhan G\u00fcnd\u00fcz Ki\u015fisel Web Sitesi\",\"potentialAction\":[{\"@type\":\"SearchAction\",\"target\":{\"@type\":\"EntryPoint\",\"urlTemplate\":\"https:\\\/\\\/www.nevhangunduz.com.tr\\\/?s={search_term_string}\"},\"query-input\":{\"@type\":\"PropertyValueSpecification\",\"valueRequired\":true,\"valueName\":\"search_term_string\"}}],\"inLanguage\":\"tr\"},{\"@type\":\"Person\",\"@id\":\"https:\\\/\\\/www.nevhangunduz.com.tr\\\/#\\\/schema\\\/person\\\/daacf86fe79758fd3cd3416eafa012d3\",\"name\":\"Nevhan G\u00fcnd\u00fcz\",\"sameAs\":[\"https:\\\/\\\/www.nevhangunduz.com.tr\"],\"url\":\"https:\\\/\\\/www.nevhangunduz.com.tr\\\/index.php\\\/author\\\/nevhan\\\/\"}]}<\/script>\n<!-- \/ Yoast SEO plugin. -->","yoast_head_json":{"title":"Nevhan G\u00fcnd\u00fcz \" Hedefimiz Avrupa'n\u0131n \u0130lk 10'u \" - Capital","description":"Nevhan G\u00fcnd\u00fcz Elektrik taahh\u00fct sekt\u00f6r\u00fcn\u00fcn \u00f6nemli oyuncular\u0131ndan ORGE, 2019'da y\u00fczde 20 gelir art\u0131\u015f\u0131 hedefliyor. 7 proje y\u00fcr\u00fcten ORGE Enerji ..","robots":{"index":"index","follow":"follow","max-snippet":"max-snippet:-1","max-image-preview":"max-image-preview:large","max-video-preview":"max-video-preview:-1"},"canonical":"https:\/\/www.nevhangunduz.com.tr\/index.php\/2019\/02\/01\/nevhan-gunduz-hedefimiz-avrupanin-ilk-10u\/","og_locale":"tr_TR","og_type":"article","og_title":"Nevhan G\u00fcnd\u00fcz \" Hedefimiz Avrupa'n\u0131n \u0130lk 10'u \" - Capital","og_description":"Nevhan G\u00fcnd\u00fcz Elektrik taahh\u00fct sekt\u00f6r\u00fcn\u00fcn \u00f6nemli oyuncular\u0131ndan ORGE, 2019'da y\u00fczde 20 gelir art\u0131\u015f\u0131 hedefliyor. 7 proje y\u00fcr\u00fcten ORGE Enerji ..","og_url":"https:\/\/www.nevhangunduz.com.tr\/index.php\/2019\/02\/01\/nevhan-gunduz-hedefimiz-avrupanin-ilk-10u\/","og_site_name":"Nevhan G\u00fcnd\u00fcz","article_published_time":"2019-02-01T14:25:00+00:00","og_image":[{"width":1050,"height":600,"url":"https:\/\/www.nevhangunduz.com.tr\/wp-content\/uploads\/2019\/11\/nevhan-gunduz-capital-web2.jpg","type":"image\/jpeg"}],"author":"Nevhan G\u00fcnd\u00fcz","twitter_card":"summary_large_image","twitter_misc":{"Yazan:":"Nevhan G\u00fcnd\u00fcz","Tahmini okuma s\u00fcresi":"7 dakika"},"schema":{"@context":"https:\/\/schema.org","@graph":[{"@type":"Article","@id":"https:\/\/www.nevhangunduz.com.tr\/index.php\/2019\/02\/01\/nevhan-gunduz-hedefimiz-avrupanin-ilk-10u\/#article","isPartOf":{"@id":"https:\/\/www.nevhangunduz.com.tr\/index.php\/2019\/02\/01\/nevhan-gunduz-hedefimiz-avrupanin-ilk-10u\/"},"author":{"name":"Nevhan G\u00fcnd\u00fcz","@id":"https:\/\/www.nevhangunduz.com.tr\/#\/schema\/person\/daacf86fe79758fd3cd3416eafa012d3"},"headline":"Nevhan G\u00fcnd\u00fcz &#8221; Hedefimiz Avrupa&#8217;n\u0131n \u0130lk 10&#8217;u &#8220;","datePublished":"2019-02-01T14:25:00+00:00","mainEntityOfPage":{"@id":"https:\/\/www.nevhangunduz.com.tr\/index.php\/2019\/02\/01\/nevhan-gunduz-hedefimiz-avrupanin-ilk-10u\/"},"wordCount":1405,"image":{"@id":"https:\/\/www.nevhangunduz.com.tr\/index.php\/2019\/02\/01\/nevhan-gunduz-hedefimiz-avrupanin-ilk-10u\/#primaryimage"},"thumbnailUrl":"https:\/\/www.nevhangunduz.com.tr\/wp-content\/uploads\/2019\/11\/nevhan-gunduz-capital-web2.jpg","keywords":["Nevhan G\u00fcnd\u00fcz Bloomberg","Nevhan G\u00fcnd\u00fcz B\u00fcy\u00fck Klub","Nevhan G\u00fcnd\u00fcz Canl\u0131 Yay\u0131n","Nevhan G\u00fcnd\u00fcz Gazete Haberleri","Nevhan G\u00fcnd\u00fcz Hayat\u0131","Nevhan G\u00fcnd\u00fcz kimdir","Nevhan G\u00fcnd\u00fcz meslek egitimi","Nevhan G\u00fcnd\u00fcz Metro","nevhan g\u00fcnd\u00fcz sunum","nevhan g\u00fcnd\u00fcz t\u00fcsiad","Nevhan G\u00fcnd\u00fcz TV R\u00f6portaj\u0131","para dergisi nevhan g\u00fcnd\u00fcz","sabah gazetesi nevhan g\u00fcnd\u00fcz"],"articleSection":["Yaz\u0131l\u0131 Bas\u0131n"],"inLanguage":"tr"},{"@type":"WebPage","@id":"https:\/\/www.nevhangunduz.com.tr\/index.php\/2019\/02\/01\/nevhan-gunduz-hedefimiz-avrupanin-ilk-10u\/","url":"https:\/\/www.nevhangunduz.com.tr\/index.php\/2019\/02\/01\/nevhan-gunduz-hedefimiz-avrupanin-ilk-10u\/","name":"Nevhan G\u00fcnd\u00fcz \" Hedefimiz Avrupa'n\u0131n \u0130lk 10'u \" - Capital","isPartOf":{"@id":"https:\/\/www.nevhangunduz.com.tr\/#website"},"primaryImageOfPage":{"@id":"https:\/\/www.nevhangunduz.com.tr\/index.php\/2019\/02\/01\/nevhan-gunduz-hedefimiz-avrupanin-ilk-10u\/#primaryimage"},"image":{"@id":"https:\/\/www.nevhangunduz.com.tr\/index.php\/2019\/02\/01\/nevhan-gunduz-hedefimiz-avrupanin-ilk-10u\/#primaryimage"},"thumbnailUrl":"https:\/\/www.nevhangunduz.com.tr\/wp-content\/uploads\/2019\/11\/nevhan-gunduz-capital-web2.jpg","datePublished":"2019-02-01T14:25:00+00:00","author":{"@id":"https:\/\/www.nevhangunduz.com.tr\/#\/schema\/person\/daacf86fe79758fd3cd3416eafa012d3"},"description":"Nevhan G\u00fcnd\u00fcz Elektrik taahh\u00fct sekt\u00f6r\u00fcn\u00fcn \u00f6nemli oyuncular\u0131ndan ORGE, 2019'da y\u00fczde 20 gelir art\u0131\u015f\u0131 hedefliyor. 7 proje y\u00fcr\u00fcten ORGE Enerji ..","breadcrumb":{"@id":"https:\/\/www.nevhangunduz.com.tr\/index.php\/2019\/02\/01\/nevhan-gunduz-hedefimiz-avrupanin-ilk-10u\/#breadcrumb"},"inLanguage":"tr","potentialAction":[{"@type":"ReadAction","target":["https:\/\/www.nevhangunduz.com.tr\/index.php\/2019\/02\/01\/nevhan-gunduz-hedefimiz-avrupanin-ilk-10u\/"]}]},{"@type":"ImageObject","inLanguage":"tr","@id":"https:\/\/www.nevhangunduz.com.tr\/index.php\/2019\/02\/01\/nevhan-gunduz-hedefimiz-avrupanin-ilk-10u\/#primaryimage","url":"https:\/\/www.nevhangunduz.com.tr\/wp-content\/uploads\/2019\/11\/nevhan-gunduz-capital-web2.jpg","contentUrl":"https:\/\/www.nevhangunduz.com.tr\/wp-content\/uploads\/2019\/11\/nevhan-gunduz-capital-web2.jpg","width":1050,"height":600,"caption":"Nevhan G\u00fcnd\u00fcz \" Hedefimiz Avrupa'n\u0131n \u0130lk 10'u \" Capital"},{"@type":"BreadcrumbList","@id":"https:\/\/www.nevhangunduz.com.tr\/index.php\/2019\/02\/01\/nevhan-gunduz-hedefimiz-avrupanin-ilk-10u\/#breadcrumb","itemListElement":[{"@type":"ListItem","position":1,"name":"Ana sayfa","item":"https:\/\/www.nevhangunduz.com.tr\/"},{"@type":"ListItem","position":2,"name":"Nevhan G\u00fcnd\u00fcz &#8221; Hedefimiz Avrupa&#8217;n\u0131n \u0130lk 10&#8217;u &#8220;"}]},{"@type":"WebSite","@id":"https:\/\/www.nevhangunduz.com.tr\/#website","url":"https:\/\/www.nevhangunduz.com.tr\/","name":"Nevhan G\u00fcnd\u00fcz","description":"Nevhan G\u00fcnd\u00fcz Ki\u015fisel Web Sitesi","potentialAction":[{"@type":"SearchAction","target":{"@type":"EntryPoint","urlTemplate":"https:\/\/www.nevhangunduz.com.tr\/?s={search_term_string}"},"query-input":{"@type":"PropertyValueSpecification","valueRequired":true,"valueName":"search_term_string"}}],"inLanguage":"tr"},{"@type":"Person","@id":"https:\/\/www.nevhangunduz.com.tr\/#\/schema\/person\/daacf86fe79758fd3cd3416eafa012d3","name":"Nevhan G\u00fcnd\u00fcz","sameAs":["https:\/\/www.nevhangunduz.com.tr"],"url":"https:\/\/www.nevhangunduz.com.tr\/index.php\/author\/nevhan\/"}]}},"_links":{"self":[{"href":"https:\/\/www.nevhangunduz.com.tr\/index.php\/wp-json\/wp\/v2\/posts\/853","targetHints":{"allow":["GET"]}}],"collection":[{"href":"https:\/\/www.nevhangunduz.com.tr\/index.php\/wp-json\/wp\/v2\/posts"}],"about":[{"href":"https:\/\/www.nevhangunduz.com.tr\/index.php\/wp-json\/wp\/v2\/types\/post"}],"author":[{"embeddable":true,"href":"https:\/\/www.nevhangunduz.com.tr\/index.php\/wp-json\/wp\/v2\/users\/1"}],"replies":[{"embeddable":true,"href":"https:\/\/www.nevhangunduz.com.tr\/index.php\/wp-json\/wp\/v2\/comments?post=853"}],"version-history":[{"count":0,"href":"https:\/\/www.nevhangunduz.com.tr\/index.php\/wp-json\/wp\/v2\/posts\/853\/revisions"}],"wp:featuredmedia":[{"embeddable":true,"href":"https:\/\/www.nevhangunduz.com.tr\/index.php\/wp-json\/wp\/v2\/media\/859"}],"wp:attachment":[{"href":"https:\/\/www.nevhangunduz.com.tr\/index.php\/wp-json\/wp\/v2\/media?parent=853"}],"wp:term":[{"taxonomy":"category","embeddable":true,"href":"https:\/\/www.nevhangunduz.com.tr\/index.php\/wp-json\/wp\/v2\/categories?post=853"},{"taxonomy":"post_tag","embeddable":true,"href":"https:\/\/www.nevhangunduz.com.tr\/index.php\/wp-json\/wp\/v2\/tags?post=853"}],"curies":[{"name":"wp","href":"https:\/\/api.w.org\/{rel}","templated":true}]}}