{"id":843,"date":"2019-03-03T18:00:00","date_gmt":"2019-03-03T15:00:00","guid":{"rendered":"http:\/\/nevhangunduz.com\/?p=843"},"modified":"2019-03-03T18:00:00","modified_gmt":"2019-03-03T15:00:00","slug":"nevhan-gunduz-orge-dort-ulkeyi-hedef-tahtasina-koydu","status":"publish","type":"post","link":"https:\/\/www.nevhangunduz.com.tr\/index.php\/2019\/03\/03\/nevhan-gunduz-orge-dort-ulkeyi-hedef-tahtasina-koydu\/","title":{"rendered":"Nevhan G\u00fcnd\u00fcz &#8221; Orge, D\u00f6rt \u00dclkeyi Hedef Tahtas\u0131na Koydu &#8220;"},"content":{"rendered":"\n<h1 class=\"wp-block-heading\">Nevhan G\u00fcnd\u00fcz &#8221; Orge, D\u00f6rt \u00dclkeyi Hedef Tahtas\u0131na Koydu &#8220;<\/h1>\n\n\n\n<p>Nevhan G\u00fcnd\u00fcz<br><strong>Ciro, portf\u00f6y b\u00fcy\u00fckl\u00fc\u011f\u00fc ve istihdamda 20 y\u0131ll\u0131k tarihinin en b\u00fcy\u00fck rakamlar\u0131na ula\u015fan Orge Enerji, yurtd\u0131\u015f\u0131na a\u00e7\u0131l\u0131yor. \u015eirket, Katar, Azerbaycan, Kuveyt ve Almanya&#8217;da s\u00f6zle\u015fme haz\u0131rl\u0131\u011f\u0131nda. Hedef ilk etapta i\u015f hacminin y\u00fczde 30-40&#8217;\u0131n\u0131 yurtd\u0131\u015f\u0131ndan elde etmek.  <\/strong><\/p>\n\n\n\n<p>T\u00fcrkiye&#8217;nin en b\u00fcy\u00fck ve nitelikli elektrik  taahh\u00fct \u015firketlerinden biri olan Orge Enerji Elektrik Taahh\u00fct, 2018&#8217;de i\u015f  b\u00fcy\u00fckl\u00fc\u011f\u00fc, k\u00e2rl\u0131l\u0131k, aktif b\u00fcy\u00fckl\u00fck ve istihdam a\u00e7\u0131s\u0131ndan t\u00fcm zamanlar\u0131n en b\u00fcy\u00fck rakamlar\u0131na ula\u015ft\u0131.<\/p>\n\n\n\n<p>Sekt\u00f6rde 20&#8217;nci y\u0131l\u0131n\u0131 geride b\u0131rakan \u015firket, 2018 y\u0131l\u0131n\u0131 128,4 ciro ve 51,4 milyon TL net k\u00e2rla kapatt\u0131.<\/p>\n\n\n\n<p>Orge Enerji&#8217;nin elindeki devam eden i\u015fler ile s\u00f6zle\u015fmesini yapt\u0131\u011f\u0131 yeni i\u015flerin toplam\u0131 yani blacklog ise 250 milyon TL seviyesine ula\u015ft\u0131.<\/p>\n\n\n\n<p>Bu i\u015fler 2020&#8217;nin ilk yar\u0131s\u0131na kadar tamamlanarak teslim edilecek ve hak edi\u015fleri al\u0131nacak.<\/p>\n\n\n\n<p>2012 y\u0131l\u0131nda halka arz olduktan sonra  \u00f6zellikle rayl\u0131  ula\u015f\u0131m sistemleri \u00fczerine kazand\u0131\u011f\u0131 ihalelerle \u00f6ne \u00e7\u0131kan Orge Enerji,  2018 y\u0131l\u0131nda \u015fehir hastaneleri projelerine girmeye ba\u015flad\u0131.<\/p>\n\n\n\n<p>Ge\u00e7en y\u0131l Kocaeli \u015eehir Hastanesi&#8217;nin enerji taahh\u00fct i\u015fini 70 milyon TL bedelle kazand\u0131. <\/p>\n\n\n\n<p>\u015eirket, 2019 y\u0131l\u0131nda metro hatlar\u0131n\u0131n yan\u0131nda \u015fehir hastaneleri taraf\u0131nda da aktif olmak istiyor.<\/p>\n\n\n\n<h2 class=\"wp-block-heading\">Pay\u0131 Zamanla Artacak<\/h2>\n\n\n\n<p>Orge Enerji&#8217;nin 2019 ajandas\u0131ndaki as\u0131l \u00f6nemli i\u015f ise yurtd\u0131\u015f\u0131 projeler. Bununla ilgili olarak d\u00f6rt hedef \u00fclke belirlenmi\u015f durumda ve g\u00f6r\u00fc\u015fmeler yap\u0131l\u0131yor. <\/p>\n\n\n\n<p><a href=\"http:\/\/www.nevhangunduz.com.tr\">Orge Enerji Elektrik Taahh\u00fct CEO&#8217;su ve Y\u00f6netim Kurulu Ba\u015fkan Yard\u0131mc\u0131s\u0131<\/a> Nevhan G\u00fcnd\u00fcz, bu \u00fclkeleri K\u00f6rfez B\u00f6lgesi&#8217;ndeki Katar ve Kuveyt ile Azerbaycan ve Almanya olarak s\u0131ral\u0131yor. <\/p>\n\n\n\n<p>\u015eirket yurti\u00e7inde metro ve \u015fehir hastaneleri ba\u015fta olmak \u00fczere yeni ihalelerle b\u00fcy\u00fcme trendini devam ettirmeyi ama\u00e7l\u0131yor. Ancak yurtd\u0131\u015f\u0131 i\u015flerin de \u015firketin i\u015f hacmi i\u00e7inde  \u00f6nemli yer almas\u0131 hedefleniyor.<\/p>\n\n\n\n<p>G\u00fcnd\u00fcz , &#8221; \u00d6n\u00fcm\u00fczdeki 2-3 y\u0131l i\u00e7inde yurtd\u0131\u015f\u0131 i\u015flerin toplam i\u015flerimiz i\u00e7indeki pay\u0131n\u0131 y\u00fczde 30-40&#8217;lara \u00e7\u0131karmak istiyoruz. Be\u015f y\u0131lda ise bu oran\u0131 y\u00fczde 50-60\u02bblara \u00e7\u0131karmay\u0131 planl\u0131yoruz&#8221; diyor.<\/p>\n\n\n\n<p>Orge Enerji, kuruldu\u011fu g\u00fcnden bu yana 4 milyon metrekareye yak\u0131n kapal\u0131 alan\u0131n  elektrik taahh\u00fct i\u015fini ger\u00e7ekle\u015ftirdi.Bunun \u00f6nemli bir referans oldu\u011funu kaydeden  Nevhan G\u00fcnd\u00fcz, yurtd\u0131\u015f\u0131nda da bu referans\u0131 kullanacaklar\u0131n\u0131 s\u00f6yl\u00fcyor. <\/p>\n\n\n\n<h2 class=\"wp-block-heading\">Hedefteki D\u00f6rt \u00dclke<\/h2>\n\n\n\n<p><a href=\"http:\/\/www.orge.com.tr\">Orge Enerji<\/a>, Katar ve Kuveyt&#8217;te yerel ortaklarla birlikte hareket edecek.Buralarda \u00fcniversite ve kamu binalar\u0131 gibi i\u015flere odaklanacak.Azerbaycan&#8217;da \u00fclkenin en b\u00fcy\u00fck grubu Pasha Holding&#8217;in bir i\u015ftiraki olan PMD ile i\u015fbirli\u011fi yap\u0131ld\u0131.<\/p>\n\n\n\n<p>Yine burada \u00f6nemli i\u015flere imza atan Tekfen ile g\u00f6r\u00fc\u015fmeler yap\u0131l\u0131yor.Almanya&#8217;da ise Alman bir \u015firketin kendilerine ula\u015fmas\u0131yla yedi y\u0131ll\u0131k potansiyeli olan bir i\u015f i\u00e7in g\u00f6r\u00fc\u015fmeler yap\u0131l\u0131yor.<\/p>\n\n\n\n<h2 class=\"wp-block-heading\">Piyasa de\u011ferimiz artt\u0131 ama hala iskontoluyuz<\/h2>\n\n\n\n<p><a href=\"http:\/\/nevhangunduz.com\/nevhan-gunduz-kimdir\/\">Orge Enerji Elektrik Taahh\u00fct CEO<\/a>&#8216;su ve Y\u00f6netim Kurulu Ba\u015fkan Yard\u0131mc\u0131s\u0131 Nevhan G\u00fcnd\u00fcz, ekonomide ya\u015fanan s\u0131k\u0131nt\u0131lar nedeniyle \u00f6z sermayesi d\u00fc\u015f\u00fck, finansal borcu y\u00fcksek baz\u0131 \u015firketlerin sorunlar ya\u015fad\u0131\u011f\u0131n\u0131 ve sekt\u00f6rden \u00e7ekilmek durumunda kald\u0131klar\u0131n\u0131 s\u00f6yl\u00fcyor. <\/p>\n\n\n\n<p>G\u00fcnd\u00fcz, s\u00f6zlerine \u015f\u00f6yle devam ediyor: &#8220;2012 y\u0131l\u0131nda 35 milyon TL piyasa de\u011ferinden halka a\u00e7\u0131ld\u0131k. Bug\u00fcne kadar da \u00f6z sermayemizi koruyarak, d\u00f6viz riski almadan tedbirli b\u00fcy\u00fcd\u00fck. <\/p>\n\n\n\n<p>Ya\u015fanan s\u0131k\u0131nt\u0131lardan da etkilenmedik. Bug\u00fcn 210 milyon TL piyasa de\u011ferine ula\u015ft\u0131k. Fiyat\/kazan\u00e7 oran\u0131m\u0131z 3,91 yani bilan\u00e7o verilerimize g\u00f6re hala iskontolu oldu\u011fumuzu d\u00fc\u015f\u00fcn\u00fcyorum.&#8221;<\/p>\n\n\n\n<p><br>EKONOM\u0130ST &#8211; <em>03.03.2019<\/em><br>TAL\u0130P YILMAZ \/ EKONOM\u0130ST<\/p>\n\n\n\n<figure class=\"wp-block-image size-large\"><img loading=\"lazy\" decoding=\"async\" width=\"649\" height=\"1024\" src=\"http:\/\/nevhangunduz.com\/wp-content\/uploads\/2019\/11\/nevhan-gunduz-ekonomist-649x1024.jpg\" alt=\"nevhan-gunduz-ekonomist\" class=\"wp-image-844\" srcset=\"https:\/\/www.nevhangunduz.com.tr\/wp-content\/uploads\/2019\/11\/nevhan-gunduz-ekonomist-649x1024.jpg 649w, https:\/\/www.nevhangunduz.com.tr\/wp-content\/uploads\/2019\/11\/nevhan-gunduz-ekonomist-190x300.jpg 190w, https:\/\/www.nevhangunduz.com.tr\/wp-content\/uploads\/2019\/11\/nevhan-gunduz-ekonomist-768x1211.jpg 768w, https:\/\/www.nevhangunduz.com.tr\/wp-content\/uploads\/2019\/11\/nevhan-gunduz-ekonomist-974x1536.jpg 974w, https:\/\/www.nevhangunduz.com.tr\/wp-content\/uploads\/2019\/11\/nevhan-gunduz-ekonomist-400x631.jpg 400w, https:\/\/www.nevhangunduz.com.tr\/wp-content\/uploads\/2019\/11\/nevhan-gunduz-ekonomist.jpg 1103w\" sizes=\"auto, (max-width: 649px) 100vw, 649px\" \/><\/figure>\n","protected":false},"excerpt":{"rendered":"<p>Nevhan G\u00fcnd\u00fcz &#8211; Ciro, portf\u00f6y b\u00fcy\u00fckl\u00fc\u011f\u00fc ve istihdamda 20 y\u0131ll\u0131k tarihinin en b\u00fcy\u00fck rakamlar\u0131na ula\u015fan Orge Enerji, yurtd\u0131\u015f\u0131na a\u00e7\u0131l\u0131yor. \u015eirket, Katar, Azerbaycan, Kuveyt ve Almanya&#8217;da s\u00f6zle\u015fme haz\u0131rl\u0131\u011f\u0131nda. <\/p>\n","protected":false},"author":1,"featured_media":846,"comment_status":"closed","ping_status":"closed","sticky":false,"template":"","format":"standard","meta":{"footnotes":""},"categories":[18],"tags":[4,5,6,7,8,9,10,11,12,13,14,38],"class_list":["post-843","post","type-post","status-publish","format-standard","has-post-thumbnail","hentry","category-nevhan-gunduz-yazili-basin","tag-nevhan-gunduz-bloomberg","tag-nevhan-gunduz-buyuk-klub","tag-nevhan-gunduz-canli-yayin","tag-nevhan-gunduz-gazete-haberleri","tag-nevhan-gunduz-hayati","tag-nevhan-gunduz-kimdir","tag-nevhan-gunduz-meslek-egitimi","tag-nevhan-gunduz-metro","tag-nevhan-gunduz-sunum","tag-nevhan-gunduz-tusiad","tag-nevhan-gunduz-tv-roportaji","tag-sabah-gazetesi-nevhan-gunduz"],"yoast_head":"<!-- This site is optimized with the Yoast SEO plugin v27.9 - https:\/\/yoast.com\/product\/yoast-seo-wordpress\/ -->\n<title>Nevhan G\u00fcnd\u00fcz &quot; Orge, D\u00f6rt \u00dclkeyi Hedef Tahtas\u0131na Koydu &quot;<\/title>\n<meta name=\"description\" content=\"Nevhan G\u00fcnd\u00fcz &quot; Orge, D\u00f6rt \u00dclkeyi Hedef Tahtas\u0131na Koydu &quot; Ciro, portf\u00f6y b\u00fcy\u00fckl\u00fc\u011f\u00fc ve istihdamda 20 y\u0131ll\u0131k tarihinin en b\u00fcy\u00fck rakamlar\u0131na...\" \/>\n<meta name=\"robots\" content=\"index, follow, max-snippet:-1, max-image-preview:large, max-video-preview:-1\" \/>\n<link rel=\"canonical\" href=\"https:\/\/www.nevhangunduz.com.tr\/index.php\/2019\/03\/03\/nevhan-gunduz-orge-dort-ulkeyi-hedef-tahtasina-koydu\/\" \/>\n<meta property=\"og:locale\" content=\"tr_TR\" \/>\n<meta property=\"og:type\" content=\"article\" \/>\n<meta property=\"og:title\" content=\"Nevhan G\u00fcnd\u00fcz &quot; Orge, D\u00f6rt \u00dclkeyi Hedef Tahtas\u0131na Koydu &quot;\" \/>\n<meta property=\"og:description\" content=\"Nevhan G\u00fcnd\u00fcz &quot; Orge, D\u00f6rt \u00dclkeyi Hedef Tahtas\u0131na Koydu &quot; Ciro, portf\u00f6y b\u00fcy\u00fckl\u00fc\u011f\u00fc ve istihdamda 20 y\u0131ll\u0131k tarihinin en b\u00fcy\u00fck rakamlar\u0131na...\" \/>\n<meta property=\"og:url\" content=\"https:\/\/www.nevhangunduz.com.tr\/index.php\/2019\/03\/03\/nevhan-gunduz-orge-dort-ulkeyi-hedef-tahtasina-koydu\/\" \/>\n<meta property=\"og:site_name\" content=\"Nevhan G\u00fcnd\u00fcz\" \/>\n<meta property=\"article:published_time\" content=\"2019-03-03T15:00:00+00:00\" \/>\n<meta property=\"og:image\" content=\"https:\/\/www.nevhangunduz.com.tr\/wp-content\/uploads\/2019\/11\/nevhan-gunduz-ekonomist-03mart2019.jpg\" \/>\n\t<meta property=\"og:image:width\" content=\"1050\" \/>\n\t<meta property=\"og:image:height\" content=\"600\" \/>\n\t<meta property=\"og:image:type\" content=\"image\/jpeg\" \/>\n<meta name=\"author\" content=\"Nevhan G\u00fcnd\u00fcz\" \/>\n<meta name=\"twitter:card\" content=\"summary_large_image\" \/>\n<meta name=\"twitter:label1\" content=\"Yazan:\" \/>\n\t<meta name=\"twitter:data1\" content=\"Nevhan G\u00fcnd\u00fcz\" \/>\n\t<meta name=\"twitter:label2\" content=\"Tahmini okuma s\u00fcresi\" \/>\n\t<meta name=\"twitter:data2\" content=\"3 dakika\" \/>\n<script type=\"application\/ld+json\" class=\"yoast-schema-graph\">{\"@context\":\"https:\\\/\\\/schema.org\",\"@graph\":[{\"@type\":\"Article\",\"@id\":\"https:\\\/\\\/www.nevhangunduz.com.tr\\\/index.php\\\/2019\\\/03\\\/03\\\/nevhan-gunduz-orge-dort-ulkeyi-hedef-tahtasina-koydu\\\/#article\",\"isPartOf\":{\"@id\":\"https:\\\/\\\/www.nevhangunduz.com.tr\\\/index.php\\\/2019\\\/03\\\/03\\\/nevhan-gunduz-orge-dort-ulkeyi-hedef-tahtasina-koydu\\\/\"},\"author\":{\"name\":\"Nevhan G\u00fcnd\u00fcz\",\"@id\":\"https:\\\/\\\/www.nevhangunduz.com.tr\\\/#\\\/schema\\\/person\\\/daacf86fe79758fd3cd3416eafa012d3\"},\"headline\":\"Nevhan G\u00fcnd\u00fcz &#8221; Orge, D\u00f6rt \u00dclkeyi Hedef Tahtas\u0131na Koydu &#8220;\",\"datePublished\":\"2019-03-03T15:00:00+00:00\",\"mainEntityOfPage\":{\"@id\":\"https:\\\/\\\/www.nevhangunduz.com.tr\\\/index.php\\\/2019\\\/03\\\/03\\\/nevhan-gunduz-orge-dort-ulkeyi-hedef-tahtasina-koydu\\\/\"},\"wordCount\":665,\"image\":{\"@id\":\"https:\\\/\\\/www.nevhangunduz.com.tr\\\/index.php\\\/2019\\\/03\\\/03\\\/nevhan-gunduz-orge-dort-ulkeyi-hedef-tahtasina-koydu\\\/#primaryimage\"},\"thumbnailUrl\":\"https:\\\/\\\/www.nevhangunduz.com.tr\\\/wp-content\\\/uploads\\\/2019\\\/11\\\/nevhan-gunduz-ekonomist-03mart2019.jpg\",\"keywords\":[\"Nevhan G\u00fcnd\u00fcz Bloomberg\",\"Nevhan G\u00fcnd\u00fcz B\u00fcy\u00fck Klub\",\"Nevhan G\u00fcnd\u00fcz Canl\u0131 Yay\u0131n\",\"Nevhan G\u00fcnd\u00fcz Gazete Haberleri\",\"Nevhan G\u00fcnd\u00fcz Hayat\u0131\",\"Nevhan G\u00fcnd\u00fcz kimdir\",\"Nevhan G\u00fcnd\u00fcz meslek egitimi\",\"Nevhan G\u00fcnd\u00fcz Metro\",\"nevhan g\u00fcnd\u00fcz sunum\",\"nevhan g\u00fcnd\u00fcz t\u00fcsiad\",\"Nevhan G\u00fcnd\u00fcz TV R\u00f6portaj\u0131\",\"sabah gazetesi nevhan g\u00fcnd\u00fcz\"],\"articleSection\":[\"Yaz\u0131l\u0131 Bas\u0131n\"],\"inLanguage\":\"tr\"},{\"@type\":\"WebPage\",\"@id\":\"https:\\\/\\\/www.nevhangunduz.com.tr\\\/index.php\\\/2019\\\/03\\\/03\\\/nevhan-gunduz-orge-dort-ulkeyi-hedef-tahtasina-koydu\\\/\",\"url\":\"https:\\\/\\\/www.nevhangunduz.com.tr\\\/index.php\\\/2019\\\/03\\\/03\\\/nevhan-gunduz-orge-dort-ulkeyi-hedef-tahtasina-koydu\\\/\",\"name\":\"Nevhan G\u00fcnd\u00fcz \\\" Orge, D\u00f6rt \u00dclkeyi Hedef Tahtas\u0131na Koydu \\\"\",\"isPartOf\":{\"@id\":\"https:\\\/\\\/www.nevhangunduz.com.tr\\\/#website\"},\"primaryImageOfPage\":{\"@id\":\"https:\\\/\\\/www.nevhangunduz.com.tr\\\/index.php\\\/2019\\\/03\\\/03\\\/nevhan-gunduz-orge-dort-ulkeyi-hedef-tahtasina-koydu\\\/#primaryimage\"},\"image\":{\"@id\":\"https:\\\/\\\/www.nevhangunduz.com.tr\\\/index.php\\\/2019\\\/03\\\/03\\\/nevhan-gunduz-orge-dort-ulkeyi-hedef-tahtasina-koydu\\\/#primaryimage\"},\"thumbnailUrl\":\"https:\\\/\\\/www.nevhangunduz.com.tr\\\/wp-content\\\/uploads\\\/2019\\\/11\\\/nevhan-gunduz-ekonomist-03mart2019.jpg\",\"datePublished\":\"2019-03-03T15:00:00+00:00\",\"author\":{\"@id\":\"https:\\\/\\\/www.nevhangunduz.com.tr\\\/#\\\/schema\\\/person\\\/daacf86fe79758fd3cd3416eafa012d3\"},\"description\":\"Nevhan G\u00fcnd\u00fcz \\\" Orge, D\u00f6rt \u00dclkeyi Hedef Tahtas\u0131na Koydu \\\" Ciro, portf\u00f6y b\u00fcy\u00fckl\u00fc\u011f\u00fc ve istihdamda 20 y\u0131ll\u0131k tarihinin en b\u00fcy\u00fck rakamlar\u0131na...\",\"breadcrumb\":{\"@id\":\"https:\\\/\\\/www.nevhangunduz.com.tr\\\/index.php\\\/2019\\\/03\\\/03\\\/nevhan-gunduz-orge-dort-ulkeyi-hedef-tahtasina-koydu\\\/#breadcrumb\"},\"inLanguage\":\"tr\",\"potentialAction\":[{\"@type\":\"ReadAction\",\"target\":[\"https:\\\/\\\/www.nevhangunduz.com.tr\\\/index.php\\\/2019\\\/03\\\/03\\\/nevhan-gunduz-orge-dort-ulkeyi-hedef-tahtasina-koydu\\\/\"]}]},{\"@type\":\"ImageObject\",\"inLanguage\":\"tr\",\"@id\":\"https:\\\/\\\/www.nevhangunduz.com.tr\\\/index.php\\\/2019\\\/03\\\/03\\\/nevhan-gunduz-orge-dort-ulkeyi-hedef-tahtasina-koydu\\\/#primaryimage\",\"url\":\"https:\\\/\\\/www.nevhangunduz.com.tr\\\/wp-content\\\/uploads\\\/2019\\\/11\\\/nevhan-gunduz-ekonomist-03mart2019.jpg\",\"contentUrl\":\"https:\\\/\\\/www.nevhangunduz.com.tr\\\/wp-content\\\/uploads\\\/2019\\\/11\\\/nevhan-gunduz-ekonomist-03mart2019.jpg\",\"width\":1050,\"height\":600,\"caption\":\"Nevhan G\u00fcnd\u00fcz \\\" Orge, D\u00f6rt \u00dclkeyi Hedef Tahtas\u0131na Koydu \\\"\"},{\"@type\":\"BreadcrumbList\",\"@id\":\"https:\\\/\\\/www.nevhangunduz.com.tr\\\/index.php\\\/2019\\\/03\\\/03\\\/nevhan-gunduz-orge-dort-ulkeyi-hedef-tahtasina-koydu\\\/#breadcrumb\",\"itemListElement\":[{\"@type\":\"ListItem\",\"position\":1,\"name\":\"Ana sayfa\",\"item\":\"https:\\\/\\\/www.nevhangunduz.com.tr\\\/\"},{\"@type\":\"ListItem\",\"position\":2,\"name\":\"Nevhan G\u00fcnd\u00fcz &#8221; Orge, D\u00f6rt \u00dclkeyi Hedef Tahtas\u0131na Koydu &#8220;\"}]},{\"@type\":\"WebSite\",\"@id\":\"https:\\\/\\\/www.nevhangunduz.com.tr\\\/#website\",\"url\":\"https:\\\/\\\/www.nevhangunduz.com.tr\\\/\",\"name\":\"Nevhan G\u00fcnd\u00fcz\",\"description\":\"Nevhan G\u00fcnd\u00fcz Ki\u015fisel Web Sitesi\",\"potentialAction\":[{\"@type\":\"SearchAction\",\"target\":{\"@type\":\"EntryPoint\",\"urlTemplate\":\"https:\\\/\\\/www.nevhangunduz.com.tr\\\/?s={search_term_string}\"},\"query-input\":{\"@type\":\"PropertyValueSpecification\",\"valueRequired\":true,\"valueName\":\"search_term_string\"}}],\"inLanguage\":\"tr\"},{\"@type\":\"Person\",\"@id\":\"https:\\\/\\\/www.nevhangunduz.com.tr\\\/#\\\/schema\\\/person\\\/daacf86fe79758fd3cd3416eafa012d3\",\"name\":\"Nevhan G\u00fcnd\u00fcz\",\"sameAs\":[\"https:\\\/\\\/www.nevhangunduz.com.tr\"],\"url\":\"https:\\\/\\\/www.nevhangunduz.com.tr\\\/index.php\\\/author\\\/nevhan\\\/\"}]}<\/script>\n<!-- \/ Yoast SEO plugin. -->","yoast_head_json":{"title":"Nevhan G\u00fcnd\u00fcz \" Orge, D\u00f6rt \u00dclkeyi Hedef Tahtas\u0131na Koydu \"","description":"Nevhan G\u00fcnd\u00fcz \" Orge, D\u00f6rt \u00dclkeyi Hedef Tahtas\u0131na Koydu \" Ciro, portf\u00f6y b\u00fcy\u00fckl\u00fc\u011f\u00fc ve istihdamda 20 y\u0131ll\u0131k tarihinin en b\u00fcy\u00fck rakamlar\u0131na...","robots":{"index":"index","follow":"follow","max-snippet":"max-snippet:-1","max-image-preview":"max-image-preview:large","max-video-preview":"max-video-preview:-1"},"canonical":"https:\/\/www.nevhangunduz.com.tr\/index.php\/2019\/03\/03\/nevhan-gunduz-orge-dort-ulkeyi-hedef-tahtasina-koydu\/","og_locale":"tr_TR","og_type":"article","og_title":"Nevhan G\u00fcnd\u00fcz \" Orge, D\u00f6rt \u00dclkeyi Hedef Tahtas\u0131na Koydu \"","og_description":"Nevhan G\u00fcnd\u00fcz \" Orge, D\u00f6rt \u00dclkeyi Hedef Tahtas\u0131na Koydu \" Ciro, portf\u00f6y b\u00fcy\u00fckl\u00fc\u011f\u00fc ve istihdamda 20 y\u0131ll\u0131k tarihinin en b\u00fcy\u00fck rakamlar\u0131na...","og_url":"https:\/\/www.nevhangunduz.com.tr\/index.php\/2019\/03\/03\/nevhan-gunduz-orge-dort-ulkeyi-hedef-tahtasina-koydu\/","og_site_name":"Nevhan G\u00fcnd\u00fcz","article_published_time":"2019-03-03T15:00:00+00:00","og_image":[{"width":1050,"height":600,"url":"https:\/\/www.nevhangunduz.com.tr\/wp-content\/uploads\/2019\/11\/nevhan-gunduz-ekonomist-03mart2019.jpg","type":"image\/jpeg"}],"author":"Nevhan G\u00fcnd\u00fcz","twitter_card":"summary_large_image","twitter_misc":{"Yazan:":"Nevhan G\u00fcnd\u00fcz","Tahmini okuma s\u00fcresi":"3 dakika"},"schema":{"@context":"https:\/\/schema.org","@graph":[{"@type":"Article","@id":"https:\/\/www.nevhangunduz.com.tr\/index.php\/2019\/03\/03\/nevhan-gunduz-orge-dort-ulkeyi-hedef-tahtasina-koydu\/#article","isPartOf":{"@id":"https:\/\/www.nevhangunduz.com.tr\/index.php\/2019\/03\/03\/nevhan-gunduz-orge-dort-ulkeyi-hedef-tahtasina-koydu\/"},"author":{"name":"Nevhan G\u00fcnd\u00fcz","@id":"https:\/\/www.nevhangunduz.com.tr\/#\/schema\/person\/daacf86fe79758fd3cd3416eafa012d3"},"headline":"Nevhan G\u00fcnd\u00fcz &#8221; Orge, D\u00f6rt \u00dclkeyi Hedef Tahtas\u0131na Koydu &#8220;","datePublished":"2019-03-03T15:00:00+00:00","mainEntityOfPage":{"@id":"https:\/\/www.nevhangunduz.com.tr\/index.php\/2019\/03\/03\/nevhan-gunduz-orge-dort-ulkeyi-hedef-tahtasina-koydu\/"},"wordCount":665,"image":{"@id":"https:\/\/www.nevhangunduz.com.tr\/index.php\/2019\/03\/03\/nevhan-gunduz-orge-dort-ulkeyi-hedef-tahtasina-koydu\/#primaryimage"},"thumbnailUrl":"https:\/\/www.nevhangunduz.com.tr\/wp-content\/uploads\/2019\/11\/nevhan-gunduz-ekonomist-03mart2019.jpg","keywords":["Nevhan G\u00fcnd\u00fcz Bloomberg","Nevhan G\u00fcnd\u00fcz B\u00fcy\u00fck Klub","Nevhan G\u00fcnd\u00fcz Canl\u0131 Yay\u0131n","Nevhan G\u00fcnd\u00fcz Gazete Haberleri","Nevhan G\u00fcnd\u00fcz Hayat\u0131","Nevhan G\u00fcnd\u00fcz kimdir","Nevhan G\u00fcnd\u00fcz meslek egitimi","Nevhan G\u00fcnd\u00fcz Metro","nevhan g\u00fcnd\u00fcz sunum","nevhan g\u00fcnd\u00fcz t\u00fcsiad","Nevhan G\u00fcnd\u00fcz TV R\u00f6portaj\u0131","sabah gazetesi nevhan g\u00fcnd\u00fcz"],"articleSection":["Yaz\u0131l\u0131 Bas\u0131n"],"inLanguage":"tr"},{"@type":"WebPage","@id":"https:\/\/www.nevhangunduz.com.tr\/index.php\/2019\/03\/03\/nevhan-gunduz-orge-dort-ulkeyi-hedef-tahtasina-koydu\/","url":"https:\/\/www.nevhangunduz.com.tr\/index.php\/2019\/03\/03\/nevhan-gunduz-orge-dort-ulkeyi-hedef-tahtasina-koydu\/","name":"Nevhan G\u00fcnd\u00fcz \" Orge, D\u00f6rt \u00dclkeyi Hedef Tahtas\u0131na Koydu \"","isPartOf":{"@id":"https:\/\/www.nevhangunduz.com.tr\/#website"},"primaryImageOfPage":{"@id":"https:\/\/www.nevhangunduz.com.tr\/index.php\/2019\/03\/03\/nevhan-gunduz-orge-dort-ulkeyi-hedef-tahtasina-koydu\/#primaryimage"},"image":{"@id":"https:\/\/www.nevhangunduz.com.tr\/index.php\/2019\/03\/03\/nevhan-gunduz-orge-dort-ulkeyi-hedef-tahtasina-koydu\/#primaryimage"},"thumbnailUrl":"https:\/\/www.nevhangunduz.com.tr\/wp-content\/uploads\/2019\/11\/nevhan-gunduz-ekonomist-03mart2019.jpg","datePublished":"2019-03-03T15:00:00+00:00","author":{"@id":"https:\/\/www.nevhangunduz.com.tr\/#\/schema\/person\/daacf86fe79758fd3cd3416eafa012d3"},"description":"Nevhan G\u00fcnd\u00fcz \" Orge, D\u00f6rt \u00dclkeyi Hedef Tahtas\u0131na Koydu \" Ciro, portf\u00f6y b\u00fcy\u00fckl\u00fc\u011f\u00fc ve istihdamda 20 y\u0131ll\u0131k tarihinin en b\u00fcy\u00fck rakamlar\u0131na...","breadcrumb":{"@id":"https:\/\/www.nevhangunduz.com.tr\/index.php\/2019\/03\/03\/nevhan-gunduz-orge-dort-ulkeyi-hedef-tahtasina-koydu\/#breadcrumb"},"inLanguage":"tr","potentialAction":[{"@type":"ReadAction","target":["https:\/\/www.nevhangunduz.com.tr\/index.php\/2019\/03\/03\/nevhan-gunduz-orge-dort-ulkeyi-hedef-tahtasina-koydu\/"]}]},{"@type":"ImageObject","inLanguage":"tr","@id":"https:\/\/www.nevhangunduz.com.tr\/index.php\/2019\/03\/03\/nevhan-gunduz-orge-dort-ulkeyi-hedef-tahtasina-koydu\/#primaryimage","url":"https:\/\/www.nevhangunduz.com.tr\/wp-content\/uploads\/2019\/11\/nevhan-gunduz-ekonomist-03mart2019.jpg","contentUrl":"https:\/\/www.nevhangunduz.com.tr\/wp-content\/uploads\/2019\/11\/nevhan-gunduz-ekonomist-03mart2019.jpg","width":1050,"height":600,"caption":"Nevhan G\u00fcnd\u00fcz \" Orge, D\u00f6rt \u00dclkeyi Hedef Tahtas\u0131na Koydu \""},{"@type":"BreadcrumbList","@id":"https:\/\/www.nevhangunduz.com.tr\/index.php\/2019\/03\/03\/nevhan-gunduz-orge-dort-ulkeyi-hedef-tahtasina-koydu\/#breadcrumb","itemListElement":[{"@type":"ListItem","position":1,"name":"Ana sayfa","item":"https:\/\/www.nevhangunduz.com.tr\/"},{"@type":"ListItem","position":2,"name":"Nevhan G\u00fcnd\u00fcz &#8221; Orge, D\u00f6rt \u00dclkeyi Hedef Tahtas\u0131na Koydu &#8220;"}]},{"@type":"WebSite","@id":"https:\/\/www.nevhangunduz.com.tr\/#website","url":"https:\/\/www.nevhangunduz.com.tr\/","name":"Nevhan G\u00fcnd\u00fcz","description":"Nevhan G\u00fcnd\u00fcz Ki\u015fisel Web Sitesi","potentialAction":[{"@type":"SearchAction","target":{"@type":"EntryPoint","urlTemplate":"https:\/\/www.nevhangunduz.com.tr\/?s={search_term_string}"},"query-input":{"@type":"PropertyValueSpecification","valueRequired":true,"valueName":"search_term_string"}}],"inLanguage":"tr"},{"@type":"Person","@id":"https:\/\/www.nevhangunduz.com.tr\/#\/schema\/person\/daacf86fe79758fd3cd3416eafa012d3","name":"Nevhan G\u00fcnd\u00fcz","sameAs":["https:\/\/www.nevhangunduz.com.tr"],"url":"https:\/\/www.nevhangunduz.com.tr\/index.php\/author\/nevhan\/"}]}},"_links":{"self":[{"href":"https:\/\/www.nevhangunduz.com.tr\/index.php\/wp-json\/wp\/v2\/posts\/843","targetHints":{"allow":["GET"]}}],"collection":[{"href":"https:\/\/www.nevhangunduz.com.tr\/index.php\/wp-json\/wp\/v2\/posts"}],"about":[{"href":"https:\/\/www.nevhangunduz.com.tr\/index.php\/wp-json\/wp\/v2\/types\/post"}],"author":[{"embeddable":true,"href":"https:\/\/www.nevhangunduz.com.tr\/index.php\/wp-json\/wp\/v2\/users\/1"}],"replies":[{"embeddable":true,"href":"https:\/\/www.nevhangunduz.com.tr\/index.php\/wp-json\/wp\/v2\/comments?post=843"}],"version-history":[{"count":0,"href":"https:\/\/www.nevhangunduz.com.tr\/index.php\/wp-json\/wp\/v2\/posts\/843\/revisions"}],"wp:featuredmedia":[{"embeddable":true,"href":"https:\/\/www.nevhangunduz.com.tr\/index.php\/wp-json\/wp\/v2\/media\/846"}],"wp:attachment":[{"href":"https:\/\/www.nevhangunduz.com.tr\/index.php\/wp-json\/wp\/v2\/media?parent=843"}],"wp:term":[{"taxonomy":"category","embeddable":true,"href":"https:\/\/www.nevhangunduz.com.tr\/index.php\/wp-json\/wp\/v2\/categories?post=843"},{"taxonomy":"post_tag","embeddable":true,"href":"https:\/\/www.nevhangunduz.com.tr\/index.php\/wp-json\/wp\/v2\/tags?post=843"}],"curies":[{"name":"wp","href":"https:\/\/api.w.org\/{rel}","templated":true}]}}