{"id":839,"date":"2019-04-20T16:47:00","date_gmt":"2019-04-20T13:47:00","guid":{"rendered":"http:\/\/nevhangunduz.com\/?p=839"},"modified":"2019-04-20T16:47:00","modified_gmt":"2019-04-20T13:47:00","slug":"nevhan-gunduz-tarihi-bir-yildi","status":"publish","type":"post","link":"https:\/\/www.nevhangunduz.com.tr\/index.php\/2019\/04\/20\/nevhan-gunduz-tarihi-bir-yildi\/","title":{"rendered":"Nevhan G\u00fcnd\u00fcz \u201cTarihi bir y\u0131ld\u0131\u201d"},"content":{"rendered":"\n<h1 class=\"wp-block-heading\"><strong>Tarihi Bir Y\u0131ld\u0131<\/strong><\/h1>\n\n\n\n<p>Nevhan G\u00fcnd\u00fcz<br><strong>\u0130n\u015fa edilmekte olan metro hatlar\u0131na imzas\u0131n\u0131 atan Orge Elektrik, 2019&#8217;da y\u00fczde 20 b\u00fcy\u00fcmeyi planl\u0131yor. Y\u00f6netim Kurulu Ba\u015fkan Yard\u0131mc\u0131s\u0131 Nevhan G\u00fcnd\u00fcz, \u015fimdi yurtd\u0131\u015f\u0131n\u0131 hedeflediklerini s\u00f6yledi&#8230;<\/strong><br><\/p>\n\n\n\n<p>End\u00fcstriyel ve konut tipi uygulamalar, ak\u0131ll\u0131 bina ve rayl\u0131 sistem projeleri ile ad\u0131n\u0131 duyuran Orge Enerji Elektrik Taahh\u00fct \u015eirketi i\u00e7in 2014 \u00f6nemli bir d\u00f6n\u00fc\u015f\u00fcm y\u0131l\u0131 olmu\u015f. <\/p>\n\n\n\n<p>\u015eirket o y\u0131l rayl\u0131 sistemler ve ak\u0131ll\u0131 binalar departmanlar\u0131n\u0131 olu\u015fturmu\u015f. Kartal-Kaynarca metrosu ile ilk rayl\u0131 sistem, Quasar \u0130stanbul ile de ilk ak\u0131ll\u0131 bina-kule i\u015fini alan \u015firket 2016 ve 2017&#8217;de bunlar\u0131 ba\u015far\u0131yla tamamlad\u0131.<\/p>\n\n\n\n<p>Kartal Kaynarca&#8217;da rayl\u0131 sistem i\u015fini anahtar teslimi sonu\u00e7land\u0131ran ilk yerli m\u00fcteahhit olan Orge Elektrik, bu olumlu referans\u0131n da katk\u0131s\u0131 sayesinde 2018&#8217;de Istanbul&#8217;da a\u00e7\u0131lan t\u00fcm rayl\u0131 sistem ihalelerinden pay almay\u0131 ba\u015fard\u0131. <\/p>\n\n\n\n<p>\u015eirket bu y\u0131l y\u00fczde 20 seviyesinde b\u00fcy\u00fcme hedefliyor. \u201c2018 y\u0131l sonu itibar\u0131yla elimizde \u015firketimize ihale edilmi\u015f 223 milyon TL&#8217;lik i\u015f var&#8221; diyen <a href=\"http:\/\/nevhangunduz.com\/nevhan-gunduz-kimdir\/\">Orge Elektrik Y\u00f6netim Kurulu Ba\u015fkan Yard\u0131mc\u0131s\u0131 Nevhan G\u00fcnd\u00fcz<\/a>, \u201cBu, hi\u00e7 i\u015f almasak bile \u015firketimizin b\u00fcy\u00fcmeye devam edece\u011fi anlam\u0131na geliyor. <\/p>\n\n\n\n<p>Tabii bizim gibi bir \u015firket i\u00e7in hi\u00e7 i\u015f almamak gibi bir \u015fey s\u00f6z konusu olamaz. Dolay\u0131s\u0131yla bu oran\u0131n daha da artmas\u0131n\u0131 \u00fcmit ediyoruz&#8221; diyor. <\/p>\n\n\n\n<p>G\u00fcnd\u00fcz ile \u015firketin faaliyetlerini ve 2019 hedeflerini konu\u015ftuk&#8230;<br><\/p>\n\n\n\n<h2 class=\"wp-block-heading\"><strong>2018 y\u0131l\u0131 nas\u0131l ge\u00e7ti? <\/strong><\/h2>\n\n\n\n<p>2018 Orge Elektrik i\u00e7in kurulu\u015fundan bu yana en b\u00fcy\u00fck i\u015f sipari\u015flerini ald\u0131\u011f\u0131, en y\u00fcksek toplam yeni i\u015f sipari\u015fi ve backlog tutar\u0131na, en y\u00fcksek ciro, \u00f6zvarl\u0131k, karl\u0131l\u0131k ve istihdam seviyelerine ula\u015ft\u0131\u011f\u0131 tarihi bir y\u0131l oldu. <\/p>\n\n\n\n<p>Bu kapsamda 2018 net d\u00f6nem kar\u0131 2017&#8217;deki 31.427.082 TL seviyesinden y\u00fczde 63.66 art\u0131\u015fla 51.434.513 TL seviyesine y\u00fckseldi. <\/p>\n\n\n\n<h2 class=\"wp-block-heading\">Bilan\u00e7onuzda di\u011fer faaliyetlerden elde edilen gelirin son bir y\u0131lda \u00e7ok artt\u0131\u011f\u0131 g\u00f6r\u00fcl\u00fcyor. Nedir bu faaliyetler?<\/h2>\n\n\n\n<p>\u015eirketimizin faaliyette bulundu\u011fu elektrik taahh\u00fct sekt\u00f6r\u00fc, ithal veya yabanc\u0131 para, emtia de\u011fer art\u0131\u015f-azal\u0131\u015flar\u0131na hassas maliyet unsurlar\u0131na \u00f6nemli \u00f6l\u00e7\u00fcde ba\u011fl\u0131 bulunuyor. <\/p>\n\n\n\n<p>Nitekim bu y\u0131l i\u00e7inde ald\u0131\u011f\u0131m\u0131z i\u015flerin yakla\u015f\u0131k y\u00fczde 80&#8217;i, y\u0131l sonu itibar\u0131yla devam eden i\u015fler b\u00fcy\u00fckl\u00fc\u011f\u00fcm\u00fcz\u00fcn de yakla\u015f\u0131k y\u00fczde 65&#8217;i yabanc\u0131 para kontratl\u0131. \u015eirket nakit varl\u0131klar\u0131n\u0131n y\u00fczde 85&#8217;i de yabanc\u0131 para cinsinden muhafaza edilmekte. <\/p>\n\n\n\n<p>Bu nedenle y\u0131l i\u00e7inde nakit ve alacak de\u011ferlemesi kaynakl\u0131 yabanc\u0131 para de\u011fer art\u0131\u015flar\u0131 sonucu olu\u015fan gelirler, di\u011fer gelirler alt\u0131nda izlenmekte. <\/p>\n\n\n\n<h2 class=\"wp-block-heading\">\u0130\u015flerinizin \u00f6nemli bir b\u00f6l\u00fcm\u00fc d\u00f6viz baz\u0131nda, kendinizi nas\u0131l hedge ediyorsunuz ? <\/h2>\n\n\n\n<p>Biz 100 TL&#8217;lik i\u015f yap\u0131yorsak genellikle 50-60 TL&#8217;si d\u00f6viz baz\u0131nda malzeme oluyor. Dolay\u0131s\u0131yla benim sadece d\u00f6viz ve malzeme i\u00e7in ger\u00e7ekten kendimi korumam gerekiyor. <\/p>\n\n\n\n<p>Bu nedenle kontratlar\u0131m\u0131n d\u00f6viz baz\u0131nda olan 50-60 TL&#8217;si i\u00e7in d\u00f6viz al\u0131p, d\u00f6viz cinsinden harc\u0131yorum. Ve do\u011fal olarak kendimi hedge etmi\u015f oluyorum.<\/p>\n\n\n\n<h2 class=\"wp-block-heading\">Gayrimenkul yat\u0131r\u0131mlar\u0131n\u0131zda b\u00fcy\u00fck bir art\u0131\u015f var, neden gayrimenkul ? <\/h2>\n\n\n\n<p>Gayrimenkullerimizden 2017&#8217;de elde etti\u011fimiz de\u011fer art\u0131\u015f\u0131 1.95 milyon TL seviyesinde iken bu tutar 2018&#8217;de 14.4 milyon TL&#8217;ye y\u00fckseldi. <\/p>\n\n\n\n<p>F\u0131rsat olarak g\u00f6rd\u00fc\u011f\u00fcm\u00fcz gayrimenkulleri bir denge i\u00e7inde de\u011ferlendirip yat\u0131r\u0131m yap\u0131yoruz. Nitekim bug\u00fcn \u015firket de\u011ferimiz 150 milyon TL \u00fczerinde. <\/p>\n\n\n\n<p>En son yapt\u0131\u011f\u0131m\u0131z de\u011ferlemelere g\u00f6re gayrimenkul varl\u0131\u011f\u0131m\u0131z ise 43 milyon TL seviyesinde. \u015eirket de\u011ferinin d\u00f6rt ila be\u015fte biri gayrimenkul yat\u0131r\u0131mlar\u0131ndan olu\u015fuyor. <\/p>\n\n\n\n<p>Portf\u00f6ye dahil edilecek gayrimenkullere icra kurulu olarak karar veriyoruz. Yak\u0131n vadede yeni bir gayrimenkul al\u0131m\u0131m\u0131z yok; ancak mevcutlar\u0131n de\u011ferini buldu\u011funu d\u00fc\u015f\u00fcn\u00fcrsek satabiliriz.<\/p>\n\n\n\n<h2 class=\"wp-block-heading\">Yurti\u00e7inde \u015fehir hastaneleri d\u0131\u015f\u0131nda \u00f6zellikle ilgilendi\u011finiz neler var ? <\/h2>\n\n\n\n<p>Rayl\u0131 sistemler, \u00fcst segment konut ve karma yap\u0131lar, kule yap\u0131lar ile hastane ve turizm yat\u0131r\u0131mlar\u0131 \u00f6nceliklerimiz aras\u0131nda. <\/p>\n\n\n\n<p>Yurtd\u0131\u015f\u0131nda da i\u015f geli\u015ftirme \u00e7al\u0131\u015fmalar\u0131na ba\u015flad\u0131k. Kuveyt, Katar, Azerbaycan ve Almanya&#8217;da \u00e7al\u0131\u015fmalar\u0131m\u0131z var. <\/p>\n\n\n\n<h2 class=\"wp-block-heading\">2019 hedefleriniz neler ? <\/h2>\n\n\n\n<p>2019&#8217;da b\u00f6lgemizde s\u00fcregelen ekonomik, jeopolitik ve siyasi riskleri de dikkate alarak, ge\u00e7mi\u015f y\u0131llardan \u00e7\u0131kar\u0131lan dersler ile daha muhafazakar b\u00fcy\u00fcme tahminlerinde bulunmay\u0131 tercih ediyoruz. <\/p>\n\n\n\n<p>Bu \u00e7er\u00e7evede almay\u0131 planlad\u0131\u011f\u0131m\u0131z yeni taahh\u00fct i\u015flerinin realize olmas\u0131 halinde has\u0131lat\u0131n y\u00fczde 20, \u00e7al\u0131\u015fan say\u0131s\u0131n\u0131n da yine y\u00fczde 20 seviyesinde artaca\u011f\u0131n\u0131 d\u00fc\u015f\u00fcn\u00fcyoruz. <\/p>\n\n\n\n<p>Faaliyet kar\u0131n\u0131 mevcut seviyelerde muhafaza etmeyi planl\u0131yoruz.<\/p>\n\n\n\n<h2 class=\"wp-block-heading\">Say\u0131n\u0131z ne kadar ? <\/h2>\n\n\n\n<p>600&#8242; e yak\u0131n \u00e7al\u0131\u015fan\u0131m\u0131z var. 150 ki\u015fi daha alabiliriz. Y\u00fczde 70&#8217;i mavi yakal\u0131 elektrik ustas\u0131, y\u00fczde 30&#8242; u da beyaz yakal\u0131 olacakt\u0131r. <\/p>\n\n\n\n<h2 class=\"wp-block-heading\">Rayl\u0131 sistem projelerinin hangilerinde vars\u0131n\u0131z ? <\/h2>\n\n\n\n<p>\u0130stanbul&#8217;da <a href=\"https:\/\/www.orge.com.tr\/portfolio_page\/kmm\/\">Kabata\u015f-Mahmutbey-Mecidiyek\u00f6y hatti<\/a> (mevcut s\u00f6zle\u015fme b\u00fcy\u00fckl\u00fc\u011f\u00fc 4.2 milyon euro), Bostanc\u0131-Dudullu hatt\u0131 (mevcut s\u00f6zle\u015fme b\u00fcy\u00fckl\u00fc\u011f\u00fc 2 milyon euro) ve Sabiha G\u00f6k\u00e7en-Kaynarca hatt\u0131 (mevcut s\u00f6zle\u015fme b\u00fcy\u00fckl\u00fc\u011f\u00fc 11 milyon euro) taraf\u0131m\u0131za ihale edilmi\u015f durumda. <\/p>\n\n\n\n<p>D\u00f6nem sonunu takiben, Kabata\u015f-Mecidiyek\u00f6y-Mahmutbey Metro Projesi&#8217;nin, Mahmutbey \u0130stasyonu genel elektrik i\u015flerine y\u00f6nelik 542.776,68 euro+KDV ve 1.672.667,63 TL+KDV tutar\u0131ndaki teklifimiz kabul edilmi\u015f durumda. <\/p>\n\n\n\n<p>Mevcut i\u015flerin 2019 ve 2020&#8217;de tamamlanmas\u0131 planlan\u0131yor. Ancak t\u00fcm projelerimizde oldu\u011fu gibi, rayl\u0131 sistem i\u015flerimiz de multi-faz yap\u0131lar\u0131 itibar\u0131yla, kapsam ve miktar art\u0131\u015flar\u0131 ile b\u00fcy\u00fcme imkan\u0131na sahip. <\/p>\n\n\n\n<p>Rayl\u0131 sistem i\u015flerimizin yeni al\u0131nan i\u015fler i\u00e7indeki a\u011f\u0131rl\u0131\u011f\u0131 y\u00fczde 59 seviyesinde. Y\u0131l sonu itibar\u0131yla devam eden i\u015fler i\u00e7indeki b\u00fcy\u00fckl\u00fckleri ise y\u00fczde 42 seviyesinde. <\/p>\n\n\n\n<p>\u00c7o\u011fu ba\u015flang\u0131\u00e7 a\u015famas\u0131ndaki bu projeler i\u00e7in \u00e7al\u0131\u015fanlar\u0131m\u0131z\u0131n y\u00fczde 10-15&#8217;ini kullan\u0131yoruz. B\u00fcy\u00fcme a\u015famas\u0131nda y\u00fczde 40-50 seviyelerine \u00e7\u0131kmas\u0131n\u0131 \u00f6ng\u00f6r\u00fcyoruz. <\/p>\n\n\n\n<p>Toplam i\u015f hacmimizin be\u015fte ikisi hastane, be\u015fte ikisi metro, be\u015fte biri ise nitelikli binalardan olu\u015fuyor.<\/p>\n\n\n\n<h2 class=\"wp-block-heading\">Bir d\u00f6nem Japonya&#8217;dan ve baz\u0131 Avrupa \u00fclkelerinden \u015firketlerle \u00f6n g\u00f6r\u00fc\u015fme yapt\u0131\u011f\u0131n\u0131z\u0131 biliyoruz. Bu kapsamda yeni geli\u015fmeler var m\u0131 ? <\/h2>\n\n\n\n<p>Yurtd\u0131\u015f\u0131 yat\u0131r\u0131mc\u0131lar veya \u00f6nemli sekt\u00f6r oyuncular\u0131 ile zaman zaman g\u00f6r\u00fc\u015fmelerimiz oluyor. <a href=\"https:\/\/www.orge.com.tr\/\">\u015eirket olarak<\/a>, stratejik ortakl\u0131k ve i\u015fbirli\u011fi teklifleriyle gelecek yat\u0131r\u0131mc\u0131larla ortak giri\u015fimler kurma konusuna olumlu bak\u0131yoruz. <\/p>\n\n\n\n<p>Bizim i\u00e7in potansiyel bir orta\u011f\u0131n Orge&#8217;ye know-how ve yeni pazarlara giri\u015f i\u00e7in network sa\u011flamas\u0131 tercih sebebi olacak. \u00d6ncelikle kom\u015fu pazarlarda b\u00fcy\u00fcmeyi, orta vadedeyse Avrupa&#8217;da b\u00fcy\u00fcmeyi hedefliyoruz.<\/p>\n\n\n\n<h2 class=\"wp-block-heading\">Ge\u00e7ti\u011fimiz y\u0131l yabanc\u0131lar hissede paylar\u0131n\u0131 azaltt\u0131, bunu neye ba\u011fl\u0131yorsunuz ? <\/h2>\n\n\n\n<p>Nevhan G\u00fcnd\u00fcz &#8221; Az \u00f6nce de dedi\u011fim gibi 2018 \u015firketimiz a\u00e7\u0131s\u0131ndan gerek operasyonel, gerek finansal anlamda tarihi bir y\u0131l oldu. Bu nedenle yabanc\u0131 yat\u0131r\u0131mc\u0131 ilgisinin azal\u0131\u015f\u0131n\u0131n \u015firketimize \u00f6zg\u00fc oldu\u011funu d\u00fc\u015f\u00fcnm\u00fcyoruz. <\/p>\n\n\n\n<p>Artan politik ve ekonomik riskler nedeniyle yabanc\u0131 yat\u0131r\u0131mc\u0131lar\u0131n \u00fclke alg\u0131s\u0131 de\u011fi\u015fti\u011finde, ba\u015flang\u0131\u00e7 kriterlerinden farkl\u0131 olarak herhangi bir ayr\u0131ma gitmeksizin, \u00fclke riskini azaltma zaruretleri do\u011frultusunda \u00e7\u0131k\u0131\u015flar\u0131 olabiliyor. <\/p>\n\n\n\n<p>Bu sene ise \u015firketimize yabanc\u0131 yat\u0131mc\u0131lar\u0131n artan ilgisini g\u00f6zlemliyoruz. Bu ilginin en k\u0131sa s\u00fcrede yat\u0131r\u0131m kararlar\u0131na yans\u0131mas\u0131n\u0131 \u00fcmit ediyoruz.<\/p>\n\n\n\n<p>Makro alg\u0131lar\u0131n iyile\u015fmesi ile yabanc\u0131 ve kurumsal yat\u0131r\u0131mc\u0131 taban\u0131nda 2017 seviyelerini a\u015fmay\u0131 hedefliyoruz. &#8220;<\/p>\n\n\n\n<h2 class=\"wp-block-heading\"><strong>En \u00f6nemli hedefimiz \u015fehir hastaneleri<\/strong><\/h2>\n\n\n\n<p>\u015eehir hastaneleri, stratejik planlamam\u0131zda rayl\u0131 sistemler ve ak\u0131ll\u0131 \u00fcst segment yap\u0131lar ile birlikte \u00f6ncelik verdi\u011fimiz alt sekt\u00f6rlerimiz aras\u0131nda. <\/p>\n\n\n\n<p>Hastane i\u015fleri taahh\u00fct sekt\u00f6r\u00fcnde en \u00f6nemli b\u00fcy\u00fcme potansiyeline sahip alt sekt\u00f6rlerden. Toplam b\u00fcy\u00fckl\u00fc\u011f\u00fcn 10 milyar dolar seviyesinde olmas\u0131 bekleniyor. <\/p>\n\n\n\n<p>Yakla\u015f\u0131k 31 proje ihalesi yap\u0131ld\u0131; tamamlanan veya tamamlanma  a\u015famas\u0131nda olan 10 &#8211; 15 proje var. Bu sene Kocaeli Entegre Sa\u011fl\u0131k Kamp\u00fcs\u00fc ile ilk i\u015fimizi ald\u0131k, i\u015flerimize b\u00fcy\u00fck bir h\u0131zla devam ediyoruz. <\/p>\n\n\n\n<p>Bu projede g\u00f6sterece\u011fimiz ba\u015far\u0131n\u0131n yeni projeler alma imkan\u0131m\u0131z\u0131 art\u0131raca\u011f\u0131n\u0131 d\u00fc\u015f\u00fcn\u00fcyoruz. Davet edildiklerimizin hepsine kat\u0131l\u0131yoruz. Davet edilmesek bile m\u00fcracaat\u0131m\u0131z\u0131 yap\u0131yoruz. <\/p>\n\n\n\n<blockquote class=\"wp-block-quote is-layout-flow wp-block-quote-is-layout-flow\"><p>PARA\/BORSA S\u00d6YLE\u015e\u0130 &#8211; <em>20.04.2019<\/em><br>\u0130D\u0130L TARAKLI<\/p><\/blockquote>\n\n\n\n<figure class=\"wp-block-image size-large\"><img loading=\"lazy\" decoding=\"async\" width=\"1024\" height=\"712\" src=\"http:\/\/nevhangunduz.com\/wp-content\/uploads\/2019\/11\/para-1024x712.png\" alt=\"nevhan-gunduz-para\" class=\"wp-image-840\" srcset=\"https:\/\/www.nevhangunduz.com.tr\/wp-content\/uploads\/2019\/11\/para-1024x712.png 1024w, https:\/\/www.nevhangunduz.com.tr\/wp-content\/uploads\/2019\/11\/para-300x208.png 300w, https:\/\/www.nevhangunduz.com.tr\/wp-content\/uploads\/2019\/11\/para-768x534.png 768w, https:\/\/www.nevhangunduz.com.tr\/wp-content\/uploads\/2019\/11\/para-1536x1067.png 1536w, https:\/\/www.nevhangunduz.com.tr\/wp-content\/uploads\/2019\/11\/para-2048x1423.png 2048w, https:\/\/www.nevhangunduz.com.tr\/wp-content\/uploads\/2019\/11\/para-283x198.png 283w, https:\/\/www.nevhangunduz.com.tr\/wp-content\/uploads\/2019\/11\/para-400x278.png 400w\" sizes=\"auto, (max-width: 1024px) 100vw, 1024px\" \/><\/figure>\n","protected":false},"excerpt":{"rendered":"<p>Nevhan G\u00fcnd\u00fcz \u0130n\u015fa edilmekte olan metro hatlar\u0131na imzas\u0131n\u0131 atan Orge Elektrik, 2019&#8217;da y\u00fczde 20 b\u00fcy\u00fcmeyi planl\u0131yor.<\/p>\n","protected":false},"author":1,"featured_media":841,"comment_status":"closed","ping_status":"closed","sticky":false,"template":"","format":"standard","meta":{"footnotes":""},"categories":[18],"tags":[4,5,6,7,8,9,10,11,12,13,14,38],"class_list":["post-839","post","type-post","status-publish","format-standard","has-post-thumbnail","hentry","category-nevhan-gunduz-yazili-basin","tag-nevhan-gunduz-bloomberg","tag-nevhan-gunduz-buyuk-klub","tag-nevhan-gunduz-canli-yayin","tag-nevhan-gunduz-gazete-haberleri","tag-nevhan-gunduz-hayati","tag-nevhan-gunduz-kimdir","tag-nevhan-gunduz-meslek-egitimi","tag-nevhan-gunduz-metro","tag-nevhan-gunduz-sunum","tag-nevhan-gunduz-tusiad","tag-nevhan-gunduz-tv-roportaji","tag-sabah-gazetesi-nevhan-gunduz"],"yoast_head":"<!-- This site is optimized with the Yoast SEO plugin v27.9 - https:\/\/yoast.com\/product\/yoast-seo-wordpress\/ -->\n<title>Nevhan G\u00fcnd\u00fcz \u201cTarihi bir y\u0131ld\u0131\u201d - PARA BORSA S\u00d6YLE\u015e\u0130 -<\/title>\n<meta name=\"description\" content=\"Nevhan G\u00fcnd\u00fcz \u0130n\u015fa edilmekte olan metro hatlar\u0131na imzas\u0131n\u0131 atan Orge Elektrik, 2019&#039;da y\u00fczde 20 b\u00fcy\u00fcmeyi planl\u0131yor. Y\u00f6netim Kurulu Ba\u015fkan...\" \/>\n<meta name=\"robots\" content=\"index, follow, max-snippet:-1, max-image-preview:large, max-video-preview:-1\" \/>\n<link rel=\"canonical\" href=\"https:\/\/www.nevhangunduz.com.tr\/index.php\/2019\/04\/20\/nevhan-gunduz-tarihi-bir-yildi\/\" \/>\n<meta property=\"og:locale\" content=\"tr_TR\" \/>\n<meta property=\"og:type\" content=\"article\" \/>\n<meta property=\"og:title\" content=\"Nevhan G\u00fcnd\u00fcz \u201cTarihi bir y\u0131ld\u0131\u201d - PARA BORSA S\u00d6YLE\u015e\u0130 -\" \/>\n<meta property=\"og:description\" content=\"Nevhan G\u00fcnd\u00fcz \u0130n\u015fa edilmekte olan metro hatlar\u0131na imzas\u0131n\u0131 atan Orge Elektrik, 2019&#039;da y\u00fczde 20 b\u00fcy\u00fcmeyi planl\u0131yor. Y\u00f6netim Kurulu Ba\u015fkan...\" \/>\n<meta property=\"og:url\" content=\"https:\/\/www.nevhangunduz.com.tr\/index.php\/2019\/04\/20\/nevhan-gunduz-tarihi-bir-yildi\/\" \/>\n<meta property=\"og:site_name\" content=\"Nevhan G\u00fcnd\u00fcz\" \/>\n<meta property=\"article:published_time\" content=\"2019-04-20T13:47:00+00:00\" \/>\n<meta property=\"og:image\" content=\"https:\/\/www.nevhangunduz.com.tr\/wp-content\/uploads\/2019\/11\/nevhan-gunduz-para-borsa-soylesi.jpg\" \/>\n\t<meta property=\"og:image:width\" content=\"1050\" \/>\n\t<meta property=\"og:image:height\" content=\"600\" \/>\n\t<meta property=\"og:image:type\" content=\"image\/jpeg\" \/>\n<meta name=\"author\" content=\"Nevhan G\u00fcnd\u00fcz\" \/>\n<meta name=\"twitter:card\" content=\"summary_large_image\" \/>\n<meta name=\"twitter:label1\" content=\"Yazan:\" \/>\n\t<meta name=\"twitter:data1\" content=\"Nevhan G\u00fcnd\u00fcz\" \/>\n\t<meta name=\"twitter:label2\" content=\"Tahmini okuma s\u00fcresi\" \/>\n\t<meta name=\"twitter:data2\" content=\"7 dakika\" \/>\n<script type=\"application\/ld+json\" class=\"yoast-schema-graph\">{\"@context\":\"https:\\\/\\\/schema.org\",\"@graph\":[{\"@type\":\"Article\",\"@id\":\"https:\\\/\\\/www.nevhangunduz.com.tr\\\/index.php\\\/2019\\\/04\\\/20\\\/nevhan-gunduz-tarihi-bir-yildi\\\/#article\",\"isPartOf\":{\"@id\":\"https:\\\/\\\/www.nevhangunduz.com.tr\\\/index.php\\\/2019\\\/04\\\/20\\\/nevhan-gunduz-tarihi-bir-yildi\\\/\"},\"author\":{\"name\":\"Nevhan G\u00fcnd\u00fcz\",\"@id\":\"https:\\\/\\\/www.nevhangunduz.com.tr\\\/#\\\/schema\\\/person\\\/daacf86fe79758fd3cd3416eafa012d3\"},\"headline\":\"Nevhan G\u00fcnd\u00fcz \u201cTarihi bir y\u0131ld\u0131\u201d\",\"datePublished\":\"2019-04-20T13:47:00+00:00\",\"mainEntityOfPage\":{\"@id\":\"https:\\\/\\\/www.nevhangunduz.com.tr\\\/index.php\\\/2019\\\/04\\\/20\\\/nevhan-gunduz-tarihi-bir-yildi\\\/\"},\"wordCount\":1426,\"image\":{\"@id\":\"https:\\\/\\\/www.nevhangunduz.com.tr\\\/index.php\\\/2019\\\/04\\\/20\\\/nevhan-gunduz-tarihi-bir-yildi\\\/#primaryimage\"},\"thumbnailUrl\":\"https:\\\/\\\/www.nevhangunduz.com.tr\\\/wp-content\\\/uploads\\\/2019\\\/11\\\/nevhan-gunduz-para-borsa-soylesi.jpg\",\"keywords\":[\"Nevhan G\u00fcnd\u00fcz Bloomberg\",\"Nevhan G\u00fcnd\u00fcz B\u00fcy\u00fck Klub\",\"Nevhan G\u00fcnd\u00fcz Canl\u0131 Yay\u0131n\",\"Nevhan G\u00fcnd\u00fcz Gazete Haberleri\",\"Nevhan G\u00fcnd\u00fcz Hayat\u0131\",\"Nevhan G\u00fcnd\u00fcz kimdir\",\"Nevhan G\u00fcnd\u00fcz meslek egitimi\",\"Nevhan G\u00fcnd\u00fcz Metro\",\"nevhan g\u00fcnd\u00fcz sunum\",\"nevhan g\u00fcnd\u00fcz t\u00fcsiad\",\"Nevhan G\u00fcnd\u00fcz TV R\u00f6portaj\u0131\",\"sabah gazetesi nevhan g\u00fcnd\u00fcz\"],\"articleSection\":[\"Yaz\u0131l\u0131 Bas\u0131n\"],\"inLanguage\":\"tr\"},{\"@type\":\"WebPage\",\"@id\":\"https:\\\/\\\/www.nevhangunduz.com.tr\\\/index.php\\\/2019\\\/04\\\/20\\\/nevhan-gunduz-tarihi-bir-yildi\\\/\",\"url\":\"https:\\\/\\\/www.nevhangunduz.com.tr\\\/index.php\\\/2019\\\/04\\\/20\\\/nevhan-gunduz-tarihi-bir-yildi\\\/\",\"name\":\"Nevhan G\u00fcnd\u00fcz \u201cTarihi bir y\u0131ld\u0131\u201d - PARA BORSA S\u00d6YLE\u015e\u0130 -\",\"isPartOf\":{\"@id\":\"https:\\\/\\\/www.nevhangunduz.com.tr\\\/#website\"},\"primaryImageOfPage\":{\"@id\":\"https:\\\/\\\/www.nevhangunduz.com.tr\\\/index.php\\\/2019\\\/04\\\/20\\\/nevhan-gunduz-tarihi-bir-yildi\\\/#primaryimage\"},\"image\":{\"@id\":\"https:\\\/\\\/www.nevhangunduz.com.tr\\\/index.php\\\/2019\\\/04\\\/20\\\/nevhan-gunduz-tarihi-bir-yildi\\\/#primaryimage\"},\"thumbnailUrl\":\"https:\\\/\\\/www.nevhangunduz.com.tr\\\/wp-content\\\/uploads\\\/2019\\\/11\\\/nevhan-gunduz-para-borsa-soylesi.jpg\",\"datePublished\":\"2019-04-20T13:47:00+00:00\",\"author\":{\"@id\":\"https:\\\/\\\/www.nevhangunduz.com.tr\\\/#\\\/schema\\\/person\\\/daacf86fe79758fd3cd3416eafa012d3\"},\"description\":\"Nevhan G\u00fcnd\u00fcz \u0130n\u015fa edilmekte olan metro hatlar\u0131na imzas\u0131n\u0131 atan Orge Elektrik, 2019'da y\u00fczde 20 b\u00fcy\u00fcmeyi planl\u0131yor. Y\u00f6netim Kurulu Ba\u015fkan...\",\"breadcrumb\":{\"@id\":\"https:\\\/\\\/www.nevhangunduz.com.tr\\\/index.php\\\/2019\\\/04\\\/20\\\/nevhan-gunduz-tarihi-bir-yildi\\\/#breadcrumb\"},\"inLanguage\":\"tr\",\"potentialAction\":[{\"@type\":\"ReadAction\",\"target\":[\"https:\\\/\\\/www.nevhangunduz.com.tr\\\/index.php\\\/2019\\\/04\\\/20\\\/nevhan-gunduz-tarihi-bir-yildi\\\/\"]}]},{\"@type\":\"ImageObject\",\"inLanguage\":\"tr\",\"@id\":\"https:\\\/\\\/www.nevhangunduz.com.tr\\\/index.php\\\/2019\\\/04\\\/20\\\/nevhan-gunduz-tarihi-bir-yildi\\\/#primaryimage\",\"url\":\"https:\\\/\\\/www.nevhangunduz.com.tr\\\/wp-content\\\/uploads\\\/2019\\\/11\\\/nevhan-gunduz-para-borsa-soylesi.jpg\",\"contentUrl\":\"https:\\\/\\\/www.nevhangunduz.com.tr\\\/wp-content\\\/uploads\\\/2019\\\/11\\\/nevhan-gunduz-para-borsa-soylesi.jpg\",\"width\":1050,\"height\":600,\"caption\":\"Nevhan G\u00fcnd\u00fcz \u201cTarihi bir y\u0131ld\u0131\u201d\"},{\"@type\":\"BreadcrumbList\",\"@id\":\"https:\\\/\\\/www.nevhangunduz.com.tr\\\/index.php\\\/2019\\\/04\\\/20\\\/nevhan-gunduz-tarihi-bir-yildi\\\/#breadcrumb\",\"itemListElement\":[{\"@type\":\"ListItem\",\"position\":1,\"name\":\"Ana sayfa\",\"item\":\"https:\\\/\\\/www.nevhangunduz.com.tr\\\/\"},{\"@type\":\"ListItem\",\"position\":2,\"name\":\"Nevhan G\u00fcnd\u00fcz \u201cTarihi bir y\u0131ld\u0131\u201d\"}]},{\"@type\":\"WebSite\",\"@id\":\"https:\\\/\\\/www.nevhangunduz.com.tr\\\/#website\",\"url\":\"https:\\\/\\\/www.nevhangunduz.com.tr\\\/\",\"name\":\"Nevhan G\u00fcnd\u00fcz\",\"description\":\"Nevhan G\u00fcnd\u00fcz Ki\u015fisel Web Sitesi\",\"potentialAction\":[{\"@type\":\"SearchAction\",\"target\":{\"@type\":\"EntryPoint\",\"urlTemplate\":\"https:\\\/\\\/www.nevhangunduz.com.tr\\\/?s={search_term_string}\"},\"query-input\":{\"@type\":\"PropertyValueSpecification\",\"valueRequired\":true,\"valueName\":\"search_term_string\"}}],\"inLanguage\":\"tr\"},{\"@type\":\"Person\",\"@id\":\"https:\\\/\\\/www.nevhangunduz.com.tr\\\/#\\\/schema\\\/person\\\/daacf86fe79758fd3cd3416eafa012d3\",\"name\":\"Nevhan G\u00fcnd\u00fcz\",\"sameAs\":[\"https:\\\/\\\/www.nevhangunduz.com.tr\"],\"url\":\"https:\\\/\\\/www.nevhangunduz.com.tr\\\/index.php\\\/author\\\/nevhan\\\/\"}]}<\/script>\n<!-- \/ Yoast SEO plugin. -->","yoast_head_json":{"title":"Nevhan G\u00fcnd\u00fcz \u201cTarihi bir y\u0131ld\u0131\u201d - PARA BORSA S\u00d6YLE\u015e\u0130 -","description":"Nevhan G\u00fcnd\u00fcz \u0130n\u015fa edilmekte olan metro hatlar\u0131na imzas\u0131n\u0131 atan Orge Elektrik, 2019'da y\u00fczde 20 b\u00fcy\u00fcmeyi planl\u0131yor. Y\u00f6netim Kurulu Ba\u015fkan...","robots":{"index":"index","follow":"follow","max-snippet":"max-snippet:-1","max-image-preview":"max-image-preview:large","max-video-preview":"max-video-preview:-1"},"canonical":"https:\/\/www.nevhangunduz.com.tr\/index.php\/2019\/04\/20\/nevhan-gunduz-tarihi-bir-yildi\/","og_locale":"tr_TR","og_type":"article","og_title":"Nevhan G\u00fcnd\u00fcz \u201cTarihi bir y\u0131ld\u0131\u201d - PARA BORSA S\u00d6YLE\u015e\u0130 -","og_description":"Nevhan G\u00fcnd\u00fcz \u0130n\u015fa edilmekte olan metro hatlar\u0131na imzas\u0131n\u0131 atan Orge Elektrik, 2019'da y\u00fczde 20 b\u00fcy\u00fcmeyi planl\u0131yor. Y\u00f6netim Kurulu Ba\u015fkan...","og_url":"https:\/\/www.nevhangunduz.com.tr\/index.php\/2019\/04\/20\/nevhan-gunduz-tarihi-bir-yildi\/","og_site_name":"Nevhan G\u00fcnd\u00fcz","article_published_time":"2019-04-20T13:47:00+00:00","og_image":[{"width":1050,"height":600,"url":"https:\/\/www.nevhangunduz.com.tr\/wp-content\/uploads\/2019\/11\/nevhan-gunduz-para-borsa-soylesi.jpg","type":"image\/jpeg"}],"author":"Nevhan G\u00fcnd\u00fcz","twitter_card":"summary_large_image","twitter_misc":{"Yazan:":"Nevhan G\u00fcnd\u00fcz","Tahmini okuma s\u00fcresi":"7 dakika"},"schema":{"@context":"https:\/\/schema.org","@graph":[{"@type":"Article","@id":"https:\/\/www.nevhangunduz.com.tr\/index.php\/2019\/04\/20\/nevhan-gunduz-tarihi-bir-yildi\/#article","isPartOf":{"@id":"https:\/\/www.nevhangunduz.com.tr\/index.php\/2019\/04\/20\/nevhan-gunduz-tarihi-bir-yildi\/"},"author":{"name":"Nevhan G\u00fcnd\u00fcz","@id":"https:\/\/www.nevhangunduz.com.tr\/#\/schema\/person\/daacf86fe79758fd3cd3416eafa012d3"},"headline":"Nevhan G\u00fcnd\u00fcz \u201cTarihi bir y\u0131ld\u0131\u201d","datePublished":"2019-04-20T13:47:00+00:00","mainEntityOfPage":{"@id":"https:\/\/www.nevhangunduz.com.tr\/index.php\/2019\/04\/20\/nevhan-gunduz-tarihi-bir-yildi\/"},"wordCount":1426,"image":{"@id":"https:\/\/www.nevhangunduz.com.tr\/index.php\/2019\/04\/20\/nevhan-gunduz-tarihi-bir-yildi\/#primaryimage"},"thumbnailUrl":"https:\/\/www.nevhangunduz.com.tr\/wp-content\/uploads\/2019\/11\/nevhan-gunduz-para-borsa-soylesi.jpg","keywords":["Nevhan G\u00fcnd\u00fcz Bloomberg","Nevhan G\u00fcnd\u00fcz B\u00fcy\u00fck Klub","Nevhan G\u00fcnd\u00fcz Canl\u0131 Yay\u0131n","Nevhan G\u00fcnd\u00fcz Gazete Haberleri","Nevhan G\u00fcnd\u00fcz Hayat\u0131","Nevhan G\u00fcnd\u00fcz kimdir","Nevhan G\u00fcnd\u00fcz meslek egitimi","Nevhan G\u00fcnd\u00fcz Metro","nevhan g\u00fcnd\u00fcz sunum","nevhan g\u00fcnd\u00fcz t\u00fcsiad","Nevhan G\u00fcnd\u00fcz TV R\u00f6portaj\u0131","sabah gazetesi nevhan g\u00fcnd\u00fcz"],"articleSection":["Yaz\u0131l\u0131 Bas\u0131n"],"inLanguage":"tr"},{"@type":"WebPage","@id":"https:\/\/www.nevhangunduz.com.tr\/index.php\/2019\/04\/20\/nevhan-gunduz-tarihi-bir-yildi\/","url":"https:\/\/www.nevhangunduz.com.tr\/index.php\/2019\/04\/20\/nevhan-gunduz-tarihi-bir-yildi\/","name":"Nevhan G\u00fcnd\u00fcz \u201cTarihi bir y\u0131ld\u0131\u201d - PARA BORSA S\u00d6YLE\u015e\u0130 -","isPartOf":{"@id":"https:\/\/www.nevhangunduz.com.tr\/#website"},"primaryImageOfPage":{"@id":"https:\/\/www.nevhangunduz.com.tr\/index.php\/2019\/04\/20\/nevhan-gunduz-tarihi-bir-yildi\/#primaryimage"},"image":{"@id":"https:\/\/www.nevhangunduz.com.tr\/index.php\/2019\/04\/20\/nevhan-gunduz-tarihi-bir-yildi\/#primaryimage"},"thumbnailUrl":"https:\/\/www.nevhangunduz.com.tr\/wp-content\/uploads\/2019\/11\/nevhan-gunduz-para-borsa-soylesi.jpg","datePublished":"2019-04-20T13:47:00+00:00","author":{"@id":"https:\/\/www.nevhangunduz.com.tr\/#\/schema\/person\/daacf86fe79758fd3cd3416eafa012d3"},"description":"Nevhan G\u00fcnd\u00fcz \u0130n\u015fa edilmekte olan metro hatlar\u0131na imzas\u0131n\u0131 atan Orge Elektrik, 2019'da y\u00fczde 20 b\u00fcy\u00fcmeyi planl\u0131yor. Y\u00f6netim Kurulu Ba\u015fkan...","breadcrumb":{"@id":"https:\/\/www.nevhangunduz.com.tr\/index.php\/2019\/04\/20\/nevhan-gunduz-tarihi-bir-yildi\/#breadcrumb"},"inLanguage":"tr","potentialAction":[{"@type":"ReadAction","target":["https:\/\/www.nevhangunduz.com.tr\/index.php\/2019\/04\/20\/nevhan-gunduz-tarihi-bir-yildi\/"]}]},{"@type":"ImageObject","inLanguage":"tr","@id":"https:\/\/www.nevhangunduz.com.tr\/index.php\/2019\/04\/20\/nevhan-gunduz-tarihi-bir-yildi\/#primaryimage","url":"https:\/\/www.nevhangunduz.com.tr\/wp-content\/uploads\/2019\/11\/nevhan-gunduz-para-borsa-soylesi.jpg","contentUrl":"https:\/\/www.nevhangunduz.com.tr\/wp-content\/uploads\/2019\/11\/nevhan-gunduz-para-borsa-soylesi.jpg","width":1050,"height":600,"caption":"Nevhan G\u00fcnd\u00fcz \u201cTarihi bir y\u0131ld\u0131\u201d"},{"@type":"BreadcrumbList","@id":"https:\/\/www.nevhangunduz.com.tr\/index.php\/2019\/04\/20\/nevhan-gunduz-tarihi-bir-yildi\/#breadcrumb","itemListElement":[{"@type":"ListItem","position":1,"name":"Ana sayfa","item":"https:\/\/www.nevhangunduz.com.tr\/"},{"@type":"ListItem","position":2,"name":"Nevhan G\u00fcnd\u00fcz \u201cTarihi bir y\u0131ld\u0131\u201d"}]},{"@type":"WebSite","@id":"https:\/\/www.nevhangunduz.com.tr\/#website","url":"https:\/\/www.nevhangunduz.com.tr\/","name":"Nevhan G\u00fcnd\u00fcz","description":"Nevhan G\u00fcnd\u00fcz Ki\u015fisel Web Sitesi","potentialAction":[{"@type":"SearchAction","target":{"@type":"EntryPoint","urlTemplate":"https:\/\/www.nevhangunduz.com.tr\/?s={search_term_string}"},"query-input":{"@type":"PropertyValueSpecification","valueRequired":true,"valueName":"search_term_string"}}],"inLanguage":"tr"},{"@type":"Person","@id":"https:\/\/www.nevhangunduz.com.tr\/#\/schema\/person\/daacf86fe79758fd3cd3416eafa012d3","name":"Nevhan G\u00fcnd\u00fcz","sameAs":["https:\/\/www.nevhangunduz.com.tr"],"url":"https:\/\/www.nevhangunduz.com.tr\/index.php\/author\/nevhan\/"}]}},"_links":{"self":[{"href":"https:\/\/www.nevhangunduz.com.tr\/index.php\/wp-json\/wp\/v2\/posts\/839","targetHints":{"allow":["GET"]}}],"collection":[{"href":"https:\/\/www.nevhangunduz.com.tr\/index.php\/wp-json\/wp\/v2\/posts"}],"about":[{"href":"https:\/\/www.nevhangunduz.com.tr\/index.php\/wp-json\/wp\/v2\/types\/post"}],"author":[{"embeddable":true,"href":"https:\/\/www.nevhangunduz.com.tr\/index.php\/wp-json\/wp\/v2\/users\/1"}],"replies":[{"embeddable":true,"href":"https:\/\/www.nevhangunduz.com.tr\/index.php\/wp-json\/wp\/v2\/comments?post=839"}],"version-history":[{"count":0,"href":"https:\/\/www.nevhangunduz.com.tr\/index.php\/wp-json\/wp\/v2\/posts\/839\/revisions"}],"wp:featuredmedia":[{"embeddable":true,"href":"https:\/\/www.nevhangunduz.com.tr\/index.php\/wp-json\/wp\/v2\/media\/841"}],"wp:attachment":[{"href":"https:\/\/www.nevhangunduz.com.tr\/index.php\/wp-json\/wp\/v2\/media?parent=839"}],"wp:term":[{"taxonomy":"category","embeddable":true,"href":"https:\/\/www.nevhangunduz.com.tr\/index.php\/wp-json\/wp\/v2\/categories?post=839"},{"taxonomy":"post_tag","embeddable":true,"href":"https:\/\/www.nevhangunduz.com.tr\/index.php\/wp-json\/wp\/v2\/tags?post=839"}],"curies":[{"name":"wp","href":"https:\/\/api.w.org\/{rel}","templated":true}]}}