{"id":761,"date":"2019-05-27T17:02:38","date_gmt":"2019-05-27T14:02:38","guid":{"rendered":"http:\/\/nevhangunduz.com\/?p=761"},"modified":"2019-05-27T17:02:38","modified_gmt":"2019-05-27T14:02:38","slug":"nevhan-gunduz-orge-enerji-yurt-disi-projelere-odaklanacak","status":"publish","type":"post","link":"https:\/\/www.nevhangunduz.com.tr\/index.php\/2019\/05\/27\/nevhan-gunduz-orge-enerji-yurt-disi-projelere-odaklanacak\/","title":{"rendered":"Nevhan G\u00fcnd\u00fcz &#8221; ORGE Enerji, yurt d\u0131\u015f\u0131 projelere odaklanacak &#8220;"},"content":{"rendered":"\n<h1 class=\"wp-block-heading\">ORGE Enerji, yurt d\u0131\u015f\u0131 projelere odaklanacak <\/h1>\n\n\n\n<p>Nevhan G\u00fcnd\u00fcz <br><strong>\u00c7eyrek asra yakla\u015fan i\u015f tecr\u00fcbesi ile T\u00fcrkiye&#8217;nin en \u00f6nemli ve b\u00fcy\u00fck projelerinde yer alan ORGE Enerji Elektrik, yeni d\u00f6nemde yurt d\u0131\u015f\u0131 projelerde ad\u0131ndan s\u00f6z ettirmeyi hedefliyor. <\/strong><\/p>\n\n\n\n<p><a href=\"https:\/\/www.orge.com.tr\/tamamlanan-projeler\/\">ORGE<\/a>&#8216; nin ba\u015far\u0131l\u0131 b\u00fcy\u00fcme ivmesi T\u00fcrkiye&#8217;nin altyap\u0131 ve in\u015faat sekt\u00f6rlerinde ki yat\u0131r\u0131m patlamas\u0131yla h\u0131z kazanm\u0131\u015f. De\u011fi\u015fik b\u00f6lgelerdeki kritik metro in\u015faatlar\u0131n\u0131n stratejik i\u015f ortakl\u0131\u011f\u0131n\u0131 \u00fcstlenen <a href=\"https:\/\/www.orge.com.tr\/devam-eden-projeler\/\">ORGE<\/a>, burada edindi\u011fi tecr\u00fcbe ve deneyimle yurt d\u0131\u015f\u0131ndaki \u00f6nemli projeler i\u00e7in teklifler vermeye ba\u015flam\u0131\u015f. <\/p>\n\n\n<p><span style=\"font-weight: 400;\">ORGE Enerji Elektrik&#8217;in 2018 cirosu bir \u00f6nceki y\u0131la g\u00f6re y\u00fczde 50 art\u0131\u015fla 128 milyon TL seviyesine ula\u015fm\u0131\u015f. Cirodaki art\u0131\u015f karl\u0131l\u0131\u011fa da yans\u0131m\u0131\u015f. Ayn\u0131 d\u00f6nemde net d\u00f6nem kar\u0131 y\u00fczde 63 art\u0131\u015fla 51 milyon TL olmu\u015f. Istihdamda da istikrarl\u0131 bir b\u00fcy\u00fcme izleyen \u015firketin 600 \u00e7al\u0131\u015fan\u0131 bulunuyor. D\u00fcnyan\u0131n \u00f6nemli altyap\u0131 \u015firketlerinden biri olmay\u0131 odak noktalar\u0131na koyduklar\u0131n\u0131 s\u00f6yleyen <a href=\"http:\/\/nevhangunduz.com\/kategori\/nevhan-gunduz-haberler\/\">ORGE Elektrik CEO&#8217;su<\/a> Nevhan G\u00fcnd\u00fcz ile ORGE&#8217;nin ula\u015ft\u0131\u011f\u0131 b\u00fcy\u00fckl\u00fc\u011f\u00fc ve yurt d\u0131\u015f\u0131 pazarlardaki hedeflerini konu\u015ftuk.<\/span><\/p>\n<p><img loading=\"lazy\" decoding=\"async\" class=\"size-medium wp-image-320 alignright\" src=\"http:\/\/nevhangunduz.com\/wp-content\/uploads\/2017\/09\/nevhan_gunduz_meslek_egitimi-300x169.jpg\" alt=\"Nevhan_Gunduz\" width=\"300\" height=\"169\" srcset=\"https:\/\/www.nevhangunduz.com.tr\/wp-content\/uploads\/2017\/09\/nevhan_gunduz_meslek_egitimi-300x169.jpg 300w, https:\/\/www.nevhangunduz.com.tr\/wp-content\/uploads\/2017\/09\/nevhan_gunduz_meslek_egitimi-1024x576.jpg 1024w, https:\/\/www.nevhangunduz.com.tr\/wp-content\/uploads\/2017\/09\/nevhan_gunduz_meslek_egitimi-768x432.jpg 768w, https:\/\/www.nevhangunduz.com.tr\/wp-content\/uploads\/2017\/09\/nevhan_gunduz_meslek_egitimi.jpg 1280w\" sizes=\"auto, (max-width: 300px) 100vw, 300px\" \/><\/p>\n\n\n<p> &#8220;Kuruldu\u011fu g\u00fcnden bu yana 4 milyon metrekareye yak\u0131n kapal\u0131 alan\u0131n elektrik taahh\u00fct i\u015fini ger\u00e7ekle\u015ftiren ORGE Enerji Elektrik Taahh\u00fct A\u015e, 20&#8217;inci y\u0131l\u0131nda t\u00fcm zamanlar\u0131m\u0131z\u0131n en b\u00fcy\u00fck yeni al\u0131nan i\u015f ve devam eden i\u015f hacimlerini yakalad\u0131. Elimizdeki i\u015fler ile birlikte 223 Milyon TL&#8217;yi a\u015fan t\u00fcm zamanlar\u0131m\u0131z\u0131n en b\u00fcy\u00fck backlog rakam\u0131na ula\u015ft\u0131k. \u0130\u015f b\u00fcy\u00fckl\u00fc\u011f\u00fc, has\u0131lat, karl\u0131l\u0131k, aktif b\u00fcy\u00fckl\u00fck ve istihdam a\u00e7\u0131s\u0131ndan ciddi b\u00fcy\u00fcme sa\u011flad\u0131k. D\u00f6nemsel ya\u015fanan kriz ortamlar\u0131nda yat\u0131r\u0131mlar\u0131m\u0131za ve \u00e7al\u0131\u015fmalar\u0131m\u0131za aral\u0131ks\u0131z devam ederek, krizi f\u0131rsata \u00e7eviren bir \u015firket olduk.&#8221; <\/p>\n\n\n\n<h2 class=\"wp-block-heading\">Metro Hatlar\u0131ndaki ilk T\u00fcrk Firma <\/h2>\n\n\n\n<p>ORGE, 2016&#8217;da a\u00e7\u0131lan 4,5 kilometre uzunlu\u011fa sahip ve 3 istasyondan olu\u015fan Kartal-Kaynarca Metro Hatt\u0131&#8217;nda yapt\u0131\u011f\u0131 \u00e7al\u0131\u015fmalarla, bir metro projesinin t\u00fcm elektrik, sinyal, zayif ak\u0131m i\u015flerini anahtar teslimi ger\u00e7ekle\u015ftiren ilk T\u00fcrk firmas\u0131 oldu. <\/p>\n\n\n\n<p>Rayl\u0131 sistemlerin T\u00fcrkiye&#8217;nin en \u00f6nemli yat\u0131r\u0131mlar\u0131n\u0131n ba\u015f\u0131nda geldi\u011fini s\u00f6yleyen Nevhan G\u00fcnd\u00fcz, bu projelerde \u00fcstlendikleri y\u00fck\u00fcml\u00fcl\u00fckleri \u015fu \u015fekilde anlat\u0131yor: <\/p>\n\n\n\n<p> &#8220;Istanbul&#8217;da yap\u0131m\u0131 devam eden 3 metro hatt\u0131nda yer \u00e7al\u0131\u015f\u0131yoruz. Bu projelerden ilki, 4,8 Milyon Euro&#8217;luk bir b\u00fcy\u00fckl\u00fc\u011fe ula\u015fan Kabata\u015f-Mecidiyek\u00f6y-Mahmutbey Metro Hatt\u0131 projesi. Ikinci proje, 2 Milyon Euro&#8217;ya yak\u0131n bir i\u015f olan Dudullu-Bostanc\u0131 Metro Hatt\u0131. Bir de \u00f6n anla\u015fmas\u0131n\u0131 yapt\u0131\u011f\u0131m\u0131z, yeni ba\u015flayaca\u011f\u0131m\u0131z 11 Milyon Euro&#8217;luk bir i\u015f olan Sabiha G\u00f6k\u00e7en Havaalan\u0131 Metro Hatti projesi. T\u00fcm bu projeleri 2020 y\u0131l\u0131n\u0131n ikinci \u00e7eyre\u011finde teslim etmeyi planl\u0131yoruz. Edindi\u011fimiz tecr\u00fcbeler ve g\u00fc\u00e7lenen mali yap\u0131m\u0131zla birlikte yeni d\u00f6nemde yurt d\u0131\u015f\u0131 projeler i\u00e7in de teklifler almaya ba\u015flad\u0131k. En b\u00fcy\u00fck hedefimiz yurt d\u0131\u015f\u0131nda T\u00fcrkiye&#8217;nin ad\u0131n\u0131 duyurmak ve global bir oyuncu olmak, Kuveytli yerel bir \u015firketle i\u015fbirli\u011fi yaparak Kuveyt&#8217;te hem rayl\u0131 sistemler gibi alt yap\u0131 hem de konut-AVM gibi \u00fcst yap\u0131 i\u00e7in \u00e7al\u0131\u015fmalara ba\u015flad\u0131k. Yine T\u00fcrk \u015firketlerle Suudi Arabistan ve Ukrayna&#8217;da metro ihalelerine girdik&#8221;. <\/p>\n\n\n\n<blockquote class=\"wp-block-quote is-layout-flow wp-block-quote-is-layout-flow\"><p>Capital &#8211; <em>27.05.2019 <\/em><\/p><\/blockquote>\n\n\n\n<figure class=\"wp-block-image size-large\"><img loading=\"lazy\" decoding=\"async\" width=\"1024\" height=\"1024\" src=\"http:\/\/nevhangunduz.com\/wp-content\/uploads\/2019\/11\/27052019_capital_orge-1024x1024.jpg\" alt=\"nevhan-gunduz-capital\" class=\"wp-image-762\" srcset=\"https:\/\/www.nevhangunduz.com.tr\/wp-content\/uploads\/2019\/11\/27052019_capital_orge-1024x1024.jpg 1024w, https:\/\/www.nevhangunduz.com.tr\/wp-content\/uploads\/2019\/11\/27052019_capital_orge-300x300.jpg 300w, https:\/\/www.nevhangunduz.com.tr\/wp-content\/uploads\/2019\/11\/27052019_capital_orge-150x150.jpg 150w, https:\/\/www.nevhangunduz.com.tr\/wp-content\/uploads\/2019\/11\/27052019_capital_orge-768x768.jpg 768w, https:\/\/www.nevhangunduz.com.tr\/wp-content\/uploads\/2019\/11\/27052019_capital_orge-400x400.jpg 400w, https:\/\/www.nevhangunduz.com.tr\/wp-content\/uploads\/2019\/11\/27052019_capital_orge.jpg 1080w\" sizes=\"auto, (max-width: 1024px) 100vw, 1024px\" \/><\/figure>\n","protected":false},"excerpt":{"rendered":"<p>ORGE Enerji, yurt d\u0131\u015f\u0131 projelere odaklanacak.<\/p>\n","protected":false},"author":1,"featured_media":763,"comment_status":"closed","ping_status":"closed","sticky":false,"template":"","format":"standard","meta":{"footnotes":""},"categories":[18],"tags":[4,5,6,7,8,9,10,11,12,13,14,38],"class_list":["post-761","post","type-post","status-publish","format-standard","has-post-thumbnail","hentry","category-nevhan-gunduz-yazili-basin","tag-nevhan-gunduz-bloomberg","tag-nevhan-gunduz-buyuk-klub","tag-nevhan-gunduz-canli-yayin","tag-nevhan-gunduz-gazete-haberleri","tag-nevhan-gunduz-hayati","tag-nevhan-gunduz-kimdir","tag-nevhan-gunduz-meslek-egitimi","tag-nevhan-gunduz-metro","tag-nevhan-gunduz-sunum","tag-nevhan-gunduz-tusiad","tag-nevhan-gunduz-tv-roportaji","tag-sabah-gazetesi-nevhan-gunduz"],"yoast_head":"<!-- This site is optimized with the Yoast SEO plugin v27.9 - https:\/\/yoast.com\/product\/yoast-seo-wordpress\/ -->\n<title>Nevhan G\u00fcnd\u00fcz &quot; ORGE Enerji, yurt d\u0131\u015f\u0131 projelere odaklanacak &quot;<\/title>\n<meta name=\"description\" content=\"Nevhan G\u00fcnd\u00fcz \u00c7eyrek asra yakla\u015fan i\u015f tecr\u00fcbesi ile T\u00fcrkiye&#039;nin en \u00f6nemli ve b\u00fcy\u00fck projelerinde yer alan ORGE Enerji Elektrik,yeni d\u00f6nemde...\" \/>\n<meta name=\"robots\" content=\"index, follow, max-snippet:-1, max-image-preview:large, max-video-preview:-1\" \/>\n<link rel=\"canonical\" href=\"https:\/\/www.nevhangunduz.com.tr\/index.php\/2019\/05\/27\/nevhan-gunduz-orge-enerji-yurt-disi-projelere-odaklanacak\/\" \/>\n<meta property=\"og:locale\" content=\"tr_TR\" \/>\n<meta property=\"og:type\" content=\"article\" \/>\n<meta property=\"og:title\" content=\"Nevhan G\u00fcnd\u00fcz &quot; ORGE Enerji, yurt d\u0131\u015f\u0131 projelere odaklanacak &quot;\" \/>\n<meta property=\"og:description\" content=\"Nevhan G\u00fcnd\u00fcz \u00c7eyrek asra yakla\u015fan i\u015f tecr\u00fcbesi ile T\u00fcrkiye&#039;nin en \u00f6nemli ve b\u00fcy\u00fck projelerinde yer alan ORGE Enerji Elektrik,yeni d\u00f6nemde...\" \/>\n<meta property=\"og:url\" content=\"https:\/\/www.nevhangunduz.com.tr\/index.php\/2019\/05\/27\/nevhan-gunduz-orge-enerji-yurt-disi-projelere-odaklanacak\/\" \/>\n<meta property=\"og:site_name\" content=\"Nevhan G\u00fcnd\u00fcz\" \/>\n<meta property=\"article:published_time\" content=\"2019-05-27T14:02:38+00:00\" \/>\n<meta property=\"og:image\" content=\"https:\/\/www.nevhangunduz.com.tr\/wp-content\/uploads\/2019\/11\/nevhan-gunduz-capital-soylesi.jpg\" \/>\n\t<meta property=\"og:image:width\" content=\"1050\" \/>\n\t<meta property=\"og:image:height\" content=\"600\" \/>\n\t<meta property=\"og:image:type\" content=\"image\/jpeg\" \/>\n<meta name=\"author\" content=\"Nevhan G\u00fcnd\u00fcz\" \/>\n<meta name=\"twitter:card\" content=\"summary_large_image\" \/>\n<meta name=\"twitter:label1\" content=\"Yazan:\" \/>\n\t<meta name=\"twitter:data1\" content=\"Nevhan G\u00fcnd\u00fcz\" \/>\n\t<meta name=\"twitter:label2\" content=\"Tahmini okuma s\u00fcresi\" \/>\n\t<meta name=\"twitter:data2\" content=\"3 dakika\" \/>\n<script type=\"application\/ld+json\" class=\"yoast-schema-graph\">{\"@context\":\"https:\\\/\\\/schema.org\",\"@graph\":[{\"@type\":\"Article\",\"@id\":\"https:\\\/\\\/www.nevhangunduz.com.tr\\\/index.php\\\/2019\\\/05\\\/27\\\/nevhan-gunduz-orge-enerji-yurt-disi-projelere-odaklanacak\\\/#article\",\"isPartOf\":{\"@id\":\"https:\\\/\\\/www.nevhangunduz.com.tr\\\/index.php\\\/2019\\\/05\\\/27\\\/nevhan-gunduz-orge-enerji-yurt-disi-projelere-odaklanacak\\\/\"},\"author\":{\"name\":\"Nevhan G\u00fcnd\u00fcz\",\"@id\":\"https:\\\/\\\/www.nevhangunduz.com.tr\\\/#\\\/schema\\\/person\\\/daacf86fe79758fd3cd3416eafa012d3\"},\"headline\":\"Nevhan G\u00fcnd\u00fcz &#8221; ORGE Enerji, yurt d\u0131\u015f\u0131 projelere odaklanacak &#8220;\",\"datePublished\":\"2019-05-27T14:02:38+00:00\",\"mainEntityOfPage\":{\"@id\":\"https:\\\/\\\/www.nevhangunduz.com.tr\\\/index.php\\\/2019\\\/05\\\/27\\\/nevhan-gunduz-orge-enerji-yurt-disi-projelere-odaklanacak\\\/\"},\"wordCount\":583,\"image\":{\"@id\":\"https:\\\/\\\/www.nevhangunduz.com.tr\\\/index.php\\\/2019\\\/05\\\/27\\\/nevhan-gunduz-orge-enerji-yurt-disi-projelere-odaklanacak\\\/#primaryimage\"},\"thumbnailUrl\":\"https:\\\/\\\/www.nevhangunduz.com.tr\\\/wp-content\\\/uploads\\\/2019\\\/11\\\/nevhan-gunduz-capital-soylesi.jpg\",\"keywords\":[\"Nevhan G\u00fcnd\u00fcz Bloomberg\",\"Nevhan G\u00fcnd\u00fcz B\u00fcy\u00fck Klub\",\"Nevhan G\u00fcnd\u00fcz Canl\u0131 Yay\u0131n\",\"Nevhan G\u00fcnd\u00fcz Gazete Haberleri\",\"Nevhan G\u00fcnd\u00fcz Hayat\u0131\",\"Nevhan G\u00fcnd\u00fcz kimdir\",\"Nevhan G\u00fcnd\u00fcz meslek egitimi\",\"Nevhan G\u00fcnd\u00fcz Metro\",\"nevhan g\u00fcnd\u00fcz sunum\",\"nevhan g\u00fcnd\u00fcz t\u00fcsiad\",\"Nevhan G\u00fcnd\u00fcz TV R\u00f6portaj\u0131\",\"sabah gazetesi nevhan g\u00fcnd\u00fcz\"],\"articleSection\":[\"Yaz\u0131l\u0131 Bas\u0131n\"],\"inLanguage\":\"tr\"},{\"@type\":\"WebPage\",\"@id\":\"https:\\\/\\\/www.nevhangunduz.com.tr\\\/index.php\\\/2019\\\/05\\\/27\\\/nevhan-gunduz-orge-enerji-yurt-disi-projelere-odaklanacak\\\/\",\"url\":\"https:\\\/\\\/www.nevhangunduz.com.tr\\\/index.php\\\/2019\\\/05\\\/27\\\/nevhan-gunduz-orge-enerji-yurt-disi-projelere-odaklanacak\\\/\",\"name\":\"Nevhan G\u00fcnd\u00fcz \\\" ORGE Enerji, yurt d\u0131\u015f\u0131 projelere odaklanacak \\\"\",\"isPartOf\":{\"@id\":\"https:\\\/\\\/www.nevhangunduz.com.tr\\\/#website\"},\"primaryImageOfPage\":{\"@id\":\"https:\\\/\\\/www.nevhangunduz.com.tr\\\/index.php\\\/2019\\\/05\\\/27\\\/nevhan-gunduz-orge-enerji-yurt-disi-projelere-odaklanacak\\\/#primaryimage\"},\"image\":{\"@id\":\"https:\\\/\\\/www.nevhangunduz.com.tr\\\/index.php\\\/2019\\\/05\\\/27\\\/nevhan-gunduz-orge-enerji-yurt-disi-projelere-odaklanacak\\\/#primaryimage\"},\"thumbnailUrl\":\"https:\\\/\\\/www.nevhangunduz.com.tr\\\/wp-content\\\/uploads\\\/2019\\\/11\\\/nevhan-gunduz-capital-soylesi.jpg\",\"datePublished\":\"2019-05-27T14:02:38+00:00\",\"author\":{\"@id\":\"https:\\\/\\\/www.nevhangunduz.com.tr\\\/#\\\/schema\\\/person\\\/daacf86fe79758fd3cd3416eafa012d3\"},\"description\":\"Nevhan G\u00fcnd\u00fcz \u00c7eyrek asra yakla\u015fan i\u015f tecr\u00fcbesi ile T\u00fcrkiye'nin en \u00f6nemli ve b\u00fcy\u00fck projelerinde yer alan ORGE Enerji Elektrik,yeni d\u00f6nemde...\",\"breadcrumb\":{\"@id\":\"https:\\\/\\\/www.nevhangunduz.com.tr\\\/index.php\\\/2019\\\/05\\\/27\\\/nevhan-gunduz-orge-enerji-yurt-disi-projelere-odaklanacak\\\/#breadcrumb\"},\"inLanguage\":\"tr\",\"potentialAction\":[{\"@type\":\"ReadAction\",\"target\":[\"https:\\\/\\\/www.nevhangunduz.com.tr\\\/index.php\\\/2019\\\/05\\\/27\\\/nevhan-gunduz-orge-enerji-yurt-disi-projelere-odaklanacak\\\/\"]}]},{\"@type\":\"ImageObject\",\"inLanguage\":\"tr\",\"@id\":\"https:\\\/\\\/www.nevhangunduz.com.tr\\\/index.php\\\/2019\\\/05\\\/27\\\/nevhan-gunduz-orge-enerji-yurt-disi-projelere-odaklanacak\\\/#primaryimage\",\"url\":\"https:\\\/\\\/www.nevhangunduz.com.tr\\\/wp-content\\\/uploads\\\/2019\\\/11\\\/nevhan-gunduz-capital-soylesi.jpg\",\"contentUrl\":\"https:\\\/\\\/www.nevhangunduz.com.tr\\\/wp-content\\\/uploads\\\/2019\\\/11\\\/nevhan-gunduz-capital-soylesi.jpg\",\"width\":1050,\"height\":600,\"caption\":\"ORGE Enerji, yurt d\u0131\u015f\u0131 projelere odaklanacak\"},{\"@type\":\"BreadcrumbList\",\"@id\":\"https:\\\/\\\/www.nevhangunduz.com.tr\\\/index.php\\\/2019\\\/05\\\/27\\\/nevhan-gunduz-orge-enerji-yurt-disi-projelere-odaklanacak\\\/#breadcrumb\",\"itemListElement\":[{\"@type\":\"ListItem\",\"position\":1,\"name\":\"Ana sayfa\",\"item\":\"https:\\\/\\\/www.nevhangunduz.com.tr\\\/\"},{\"@type\":\"ListItem\",\"position\":2,\"name\":\"Nevhan G\u00fcnd\u00fcz &#8221; ORGE Enerji, yurt d\u0131\u015f\u0131 projelere odaklanacak &#8220;\"}]},{\"@type\":\"WebSite\",\"@id\":\"https:\\\/\\\/www.nevhangunduz.com.tr\\\/#website\",\"url\":\"https:\\\/\\\/www.nevhangunduz.com.tr\\\/\",\"name\":\"Nevhan G\u00fcnd\u00fcz\",\"description\":\"Nevhan G\u00fcnd\u00fcz Ki\u015fisel Web Sitesi\",\"potentialAction\":[{\"@type\":\"SearchAction\",\"target\":{\"@type\":\"EntryPoint\",\"urlTemplate\":\"https:\\\/\\\/www.nevhangunduz.com.tr\\\/?s={search_term_string}\"},\"query-input\":{\"@type\":\"PropertyValueSpecification\",\"valueRequired\":true,\"valueName\":\"search_term_string\"}}],\"inLanguage\":\"tr\"},{\"@type\":\"Person\",\"@id\":\"https:\\\/\\\/www.nevhangunduz.com.tr\\\/#\\\/schema\\\/person\\\/daacf86fe79758fd3cd3416eafa012d3\",\"name\":\"Nevhan G\u00fcnd\u00fcz\",\"sameAs\":[\"https:\\\/\\\/www.nevhangunduz.com.tr\"],\"url\":\"https:\\\/\\\/www.nevhangunduz.com.tr\\\/index.php\\\/author\\\/nevhan\\\/\"}]}<\/script>\n<!-- \/ Yoast SEO plugin. -->","yoast_head_json":{"title":"Nevhan G\u00fcnd\u00fcz \" ORGE Enerji, yurt d\u0131\u015f\u0131 projelere odaklanacak \"","description":"Nevhan G\u00fcnd\u00fcz \u00c7eyrek asra yakla\u015fan i\u015f tecr\u00fcbesi ile T\u00fcrkiye'nin en \u00f6nemli ve b\u00fcy\u00fck projelerinde yer alan ORGE Enerji Elektrik,yeni d\u00f6nemde...","robots":{"index":"index","follow":"follow","max-snippet":"max-snippet:-1","max-image-preview":"max-image-preview:large","max-video-preview":"max-video-preview:-1"},"canonical":"https:\/\/www.nevhangunduz.com.tr\/index.php\/2019\/05\/27\/nevhan-gunduz-orge-enerji-yurt-disi-projelere-odaklanacak\/","og_locale":"tr_TR","og_type":"article","og_title":"Nevhan G\u00fcnd\u00fcz \" ORGE Enerji, yurt d\u0131\u015f\u0131 projelere odaklanacak \"","og_description":"Nevhan G\u00fcnd\u00fcz \u00c7eyrek asra yakla\u015fan i\u015f tecr\u00fcbesi ile T\u00fcrkiye'nin en \u00f6nemli ve b\u00fcy\u00fck projelerinde yer alan ORGE Enerji Elektrik,yeni d\u00f6nemde...","og_url":"https:\/\/www.nevhangunduz.com.tr\/index.php\/2019\/05\/27\/nevhan-gunduz-orge-enerji-yurt-disi-projelere-odaklanacak\/","og_site_name":"Nevhan G\u00fcnd\u00fcz","article_published_time":"2019-05-27T14:02:38+00:00","og_image":[{"width":1050,"height":600,"url":"https:\/\/www.nevhangunduz.com.tr\/wp-content\/uploads\/2019\/11\/nevhan-gunduz-capital-soylesi.jpg","type":"image\/jpeg"}],"author":"Nevhan G\u00fcnd\u00fcz","twitter_card":"summary_large_image","twitter_misc":{"Yazan:":"Nevhan G\u00fcnd\u00fcz","Tahmini okuma s\u00fcresi":"3 dakika"},"schema":{"@context":"https:\/\/schema.org","@graph":[{"@type":"Article","@id":"https:\/\/www.nevhangunduz.com.tr\/index.php\/2019\/05\/27\/nevhan-gunduz-orge-enerji-yurt-disi-projelere-odaklanacak\/#article","isPartOf":{"@id":"https:\/\/www.nevhangunduz.com.tr\/index.php\/2019\/05\/27\/nevhan-gunduz-orge-enerji-yurt-disi-projelere-odaklanacak\/"},"author":{"name":"Nevhan G\u00fcnd\u00fcz","@id":"https:\/\/www.nevhangunduz.com.tr\/#\/schema\/person\/daacf86fe79758fd3cd3416eafa012d3"},"headline":"Nevhan G\u00fcnd\u00fcz &#8221; ORGE Enerji, yurt d\u0131\u015f\u0131 projelere odaklanacak &#8220;","datePublished":"2019-05-27T14:02:38+00:00","mainEntityOfPage":{"@id":"https:\/\/www.nevhangunduz.com.tr\/index.php\/2019\/05\/27\/nevhan-gunduz-orge-enerji-yurt-disi-projelere-odaklanacak\/"},"wordCount":583,"image":{"@id":"https:\/\/www.nevhangunduz.com.tr\/index.php\/2019\/05\/27\/nevhan-gunduz-orge-enerji-yurt-disi-projelere-odaklanacak\/#primaryimage"},"thumbnailUrl":"https:\/\/www.nevhangunduz.com.tr\/wp-content\/uploads\/2019\/11\/nevhan-gunduz-capital-soylesi.jpg","keywords":["Nevhan G\u00fcnd\u00fcz Bloomberg","Nevhan G\u00fcnd\u00fcz B\u00fcy\u00fck Klub","Nevhan G\u00fcnd\u00fcz Canl\u0131 Yay\u0131n","Nevhan G\u00fcnd\u00fcz Gazete Haberleri","Nevhan G\u00fcnd\u00fcz Hayat\u0131","Nevhan G\u00fcnd\u00fcz kimdir","Nevhan G\u00fcnd\u00fcz meslek egitimi","Nevhan G\u00fcnd\u00fcz Metro","nevhan g\u00fcnd\u00fcz sunum","nevhan g\u00fcnd\u00fcz t\u00fcsiad","Nevhan G\u00fcnd\u00fcz TV R\u00f6portaj\u0131","sabah gazetesi nevhan g\u00fcnd\u00fcz"],"articleSection":["Yaz\u0131l\u0131 Bas\u0131n"],"inLanguage":"tr"},{"@type":"WebPage","@id":"https:\/\/www.nevhangunduz.com.tr\/index.php\/2019\/05\/27\/nevhan-gunduz-orge-enerji-yurt-disi-projelere-odaklanacak\/","url":"https:\/\/www.nevhangunduz.com.tr\/index.php\/2019\/05\/27\/nevhan-gunduz-orge-enerji-yurt-disi-projelere-odaklanacak\/","name":"Nevhan G\u00fcnd\u00fcz \" ORGE Enerji, yurt d\u0131\u015f\u0131 projelere odaklanacak \"","isPartOf":{"@id":"https:\/\/www.nevhangunduz.com.tr\/#website"},"primaryImageOfPage":{"@id":"https:\/\/www.nevhangunduz.com.tr\/index.php\/2019\/05\/27\/nevhan-gunduz-orge-enerji-yurt-disi-projelere-odaklanacak\/#primaryimage"},"image":{"@id":"https:\/\/www.nevhangunduz.com.tr\/index.php\/2019\/05\/27\/nevhan-gunduz-orge-enerji-yurt-disi-projelere-odaklanacak\/#primaryimage"},"thumbnailUrl":"https:\/\/www.nevhangunduz.com.tr\/wp-content\/uploads\/2019\/11\/nevhan-gunduz-capital-soylesi.jpg","datePublished":"2019-05-27T14:02:38+00:00","author":{"@id":"https:\/\/www.nevhangunduz.com.tr\/#\/schema\/person\/daacf86fe79758fd3cd3416eafa012d3"},"description":"Nevhan G\u00fcnd\u00fcz \u00c7eyrek asra yakla\u015fan i\u015f tecr\u00fcbesi ile T\u00fcrkiye'nin en \u00f6nemli ve b\u00fcy\u00fck projelerinde yer alan ORGE Enerji Elektrik,yeni d\u00f6nemde...","breadcrumb":{"@id":"https:\/\/www.nevhangunduz.com.tr\/index.php\/2019\/05\/27\/nevhan-gunduz-orge-enerji-yurt-disi-projelere-odaklanacak\/#breadcrumb"},"inLanguage":"tr","potentialAction":[{"@type":"ReadAction","target":["https:\/\/www.nevhangunduz.com.tr\/index.php\/2019\/05\/27\/nevhan-gunduz-orge-enerji-yurt-disi-projelere-odaklanacak\/"]}]},{"@type":"ImageObject","inLanguage":"tr","@id":"https:\/\/www.nevhangunduz.com.tr\/index.php\/2019\/05\/27\/nevhan-gunduz-orge-enerji-yurt-disi-projelere-odaklanacak\/#primaryimage","url":"https:\/\/www.nevhangunduz.com.tr\/wp-content\/uploads\/2019\/11\/nevhan-gunduz-capital-soylesi.jpg","contentUrl":"https:\/\/www.nevhangunduz.com.tr\/wp-content\/uploads\/2019\/11\/nevhan-gunduz-capital-soylesi.jpg","width":1050,"height":600,"caption":"ORGE Enerji, yurt d\u0131\u015f\u0131 projelere odaklanacak"},{"@type":"BreadcrumbList","@id":"https:\/\/www.nevhangunduz.com.tr\/index.php\/2019\/05\/27\/nevhan-gunduz-orge-enerji-yurt-disi-projelere-odaklanacak\/#breadcrumb","itemListElement":[{"@type":"ListItem","position":1,"name":"Ana sayfa","item":"https:\/\/www.nevhangunduz.com.tr\/"},{"@type":"ListItem","position":2,"name":"Nevhan G\u00fcnd\u00fcz &#8221; ORGE Enerji, yurt d\u0131\u015f\u0131 projelere odaklanacak &#8220;"}]},{"@type":"WebSite","@id":"https:\/\/www.nevhangunduz.com.tr\/#website","url":"https:\/\/www.nevhangunduz.com.tr\/","name":"Nevhan G\u00fcnd\u00fcz","description":"Nevhan G\u00fcnd\u00fcz Ki\u015fisel Web Sitesi","potentialAction":[{"@type":"SearchAction","target":{"@type":"EntryPoint","urlTemplate":"https:\/\/www.nevhangunduz.com.tr\/?s={search_term_string}"},"query-input":{"@type":"PropertyValueSpecification","valueRequired":true,"valueName":"search_term_string"}}],"inLanguage":"tr"},{"@type":"Person","@id":"https:\/\/www.nevhangunduz.com.tr\/#\/schema\/person\/daacf86fe79758fd3cd3416eafa012d3","name":"Nevhan G\u00fcnd\u00fcz","sameAs":["https:\/\/www.nevhangunduz.com.tr"],"url":"https:\/\/www.nevhangunduz.com.tr\/index.php\/author\/nevhan\/"}]}},"_links":{"self":[{"href":"https:\/\/www.nevhangunduz.com.tr\/index.php\/wp-json\/wp\/v2\/posts\/761","targetHints":{"allow":["GET"]}}],"collection":[{"href":"https:\/\/www.nevhangunduz.com.tr\/index.php\/wp-json\/wp\/v2\/posts"}],"about":[{"href":"https:\/\/www.nevhangunduz.com.tr\/index.php\/wp-json\/wp\/v2\/types\/post"}],"author":[{"embeddable":true,"href":"https:\/\/www.nevhangunduz.com.tr\/index.php\/wp-json\/wp\/v2\/users\/1"}],"replies":[{"embeddable":true,"href":"https:\/\/www.nevhangunduz.com.tr\/index.php\/wp-json\/wp\/v2\/comments?post=761"}],"version-history":[{"count":0,"href":"https:\/\/www.nevhangunduz.com.tr\/index.php\/wp-json\/wp\/v2\/posts\/761\/revisions"}],"wp:featuredmedia":[{"embeddable":true,"href":"https:\/\/www.nevhangunduz.com.tr\/index.php\/wp-json\/wp\/v2\/media\/763"}],"wp:attachment":[{"href":"https:\/\/www.nevhangunduz.com.tr\/index.php\/wp-json\/wp\/v2\/media?parent=761"}],"wp:term":[{"taxonomy":"category","embeddable":true,"href":"https:\/\/www.nevhangunduz.com.tr\/index.php\/wp-json\/wp\/v2\/categories?post=761"},{"taxonomy":"post_tag","embeddable":true,"href":"https:\/\/www.nevhangunduz.com.tr\/index.php\/wp-json\/wp\/v2\/tags?post=761"}],"curies":[{"name":"wp","href":"https:\/\/api.w.org\/{rel}","templated":true}]}}