{"id":663,"date":"2018-01-02T16:34:02","date_gmt":"2018-01-02T13:34:02","guid":{"rendered":"http:\/\/nevhangunduz.com\/?p=663"},"modified":"2018-01-02T16:34:02","modified_gmt":"2018-01-02T13:34:02","slug":"nevhan-gunduz-istanbul-valisi-sayin-vasip-sahini-makaminda-ziyaret-etti","status":"publish","type":"post","link":"https:\/\/www.nevhangunduz.com.tr\/index.php\/2018\/01\/02\/nevhan-gunduz-istanbul-valisi-sayin-vasip-sahini-makaminda-ziyaret-etti\/","title":{"rendered":"Nevhan G\u00fcnd\u00fcz \u0130stanbul Valisi Say\u0131n Vasip \u015eahin\u2019i ziyaret etti"},"content":{"rendered":"\n<h1 class=\"has-text-align-left wp-block-heading\">Nevhan G\u00fcnd\u00fcz \u0130stanbul Valisi Say\u0131n Vasip \u015eahin\u2019i makam\u0131nda ziyaret etti.<\/h1>\n\n\n\n<p>Nevhan G\u00fcnd\u00fcz \u0130stanbul Valisi Say\u0131n Vasip \u015eahin\u2019i makam\u0131nda ziyaret etti.<\/p>\n\n\n\n<figure class=\"wp-block-image size-large\"><img loading=\"lazy\" decoding=\"async\" width=\"1000\" height=\"550\" src=\"http:\/\/nevhangunduz.com\/wp-content\/uploads\/2019\/11\/nevhan_gunduz_valilik-e1574342628899.png\" alt=\"nevhan-gunduz\" class=\"wp-image-664\" srcset=\"https:\/\/www.nevhangunduz.com.tr\/wp-content\/uploads\/2019\/11\/nevhan_gunduz_valilik-e1574342628899.png 1000w, https:\/\/www.nevhangunduz.com.tr\/wp-content\/uploads\/2019\/11\/nevhan_gunduz_valilik-e1574342628899-300x165.png 300w, https:\/\/www.nevhangunduz.com.tr\/wp-content\/uploads\/2019\/11\/nevhan_gunduz_valilik-e1574342628899-768x422.png 768w, https:\/\/www.nevhangunduz.com.tr\/wp-content\/uploads\/2019\/11\/nevhan_gunduz_valilik-e1574342628899-400x220.png 400w\" sizes=\"auto, (max-width: 1000px) 100vw, 1000px\" \/><figcaption> <\/figcaption><\/figure>\n\n\n\n<h2 class=\"wp-block-heading\">Nevhan G\u00fcnd\u00fcz Kimdir ?<\/h2>\n\n\n\n<p>\u0130stanbul\u2019da ya\u015fayan ve iki \u00e7ocuk sahibi olan&nbsp;<strong>Nevhan<a href=\"http:\/\/nevhangunduz.com\/nevhan-gunduz-kimdir\/\">&nbsp;G\u00fcnd\u00fcz<\/a><\/strong>&nbsp;1975 y\u0131l\u0131nda Hatay\u2019da do\u011fmu\u015ftur.<\/p>\n\n\n\n<p>Ortaokul ve lise tahsilini \u0130stanbul \u00d6zel Semiha \u015eakir Lisesi\u2019nde, \u00fcniversite e\u011fitimini New York Institute of Technology\u2019de tamamlam\u0131\u015ft\u0131r.<\/p>\n\n\n\n<p>E\u011fitim hayat\u0131n\u0131 tamamlad\u0131ktan sonra, elektrik ve enerji sekt\u00f6r\u00fcnde \u00e7al\u0131\u015fmalara ba\u015flam\u0131\u015ft\u0131r.<\/p>\n\n\n\n<p>Yenilenebilir enerji sekt\u00f6r\u00fcnde kat\u0131 at\u0131klar\u0131n bertaraf\u0131 ve ekonomiye geri kazan\u0131m\u0131 konusunda 1998 y\u0131l\u0131ndan itibaren yo\u011fun \u00e7al\u0131\u015fmalarda bulunmu\u015ftur.<\/p>\n\n\n\n<p>Yurtd\u0131\u015f\u0131nda da yayg\u0131n yenilenebilir enerji teknolojilerinin T\u00fcrkiye\u2019ye tan\u0131t\u0131lmas\u0131 ve getirilmesi konular\u0131nda \u00e7al\u0131\u015fmalarda bulunan Nevhan G\u00fcnd\u00fcz ;<\/p>\n\n\n\n<p>1998 y\u0131l\u0131na kadar orta\u011f\u0131 ve y\u00f6netim kurulu \u00fcyesi oldu\u011fu G\u00fcnd\u00fcz Elektrik Metal \u0130n\u015faat Malzemeleri Tic. ve San. A.\u015e.\u2019de \u00e7al\u0131\u015fmalarda bulunmu\u015ftur.<\/p>\n\n\n\n<p>Bu tarihten itibaren ise kurucu orta\u011f\u0131 oldu\u011fu ORGE Enerji Elektrik Taahh\u00fct A.\u015e.\u2019de Y\u00f6netim Kurulu Ba\u015fkan Yard\u0131mc\u0131s\u0131 ve CEO\u2019luk g\u00f6revlerini s\u00fcrd\u00fcrmektedir.<\/p>\n\n\n\n<figure class=\"wp-block-image\"><img loading=\"lazy\" decoding=\"async\" width=\"1024\" height=\"585\" src=\"http:\/\/nevhangunduz.com\/wp-content\/uploads\/2017\/09\/nevhan-gunduz-meslek-egitimi-1024x585.jpg\" alt=\"nevhan-gunduz\" class=\"wp-image-584\" srcset=\"https:\/\/www.nevhangunduz.com.tr\/wp-content\/uploads\/2017\/09\/nevhan-gunduz-meslek-egitimi-1024x585.jpg 1024w, https:\/\/www.nevhangunduz.com.tr\/wp-content\/uploads\/2017\/09\/nevhan-gunduz-meslek-egitimi-300x171.jpg 300w, https:\/\/www.nevhangunduz.com.tr\/wp-content\/uploads\/2017\/09\/nevhan-gunduz-meslek-egitimi-768x439.jpg 768w, https:\/\/www.nevhangunduz.com.tr\/wp-content\/uploads\/2017\/09\/nevhan-gunduz-meslek-egitimi-690x395.jpg 690w, https:\/\/www.nevhangunduz.com.tr\/wp-content\/uploads\/2017\/09\/nevhan-gunduz-meslek-egitimi-400x229.jpg 400w, https:\/\/www.nevhangunduz.com.tr\/wp-content\/uploads\/2017\/09\/nevhan-gunduz-meslek-egitimi.jpg 1050w\" sizes=\"auto, (max-width: 1024px) 100vw, 1024px\" \/><\/figure>\n\n\n\n<h2 class=\"wp-block-heading\">ORGE ELEKTR\u0130K TAAHH\u00dcT HAKKINDA<\/h2>\n\n\n\n<p><a href=\"http:\/\/orge.com.tr\/\">ORGE Elektrik Taahh\u00fct<\/a>, 1965 y\u0131l\u0131ndan bu yana elektrik taahh\u00fct sekt\u00f6r\u00fcnde i\u015f yapan G\u00dcND\u00dcZ Ailesinin hakim ortak oldu\u011fu bir \u015firket olup, Y\u00f6netim Kurulu Ba\u015fkan\u0131 Orhan G\u00dcND\u00dcZ elektrik taahh\u00fct disiplininin her dal\u0131nda \u00e7al\u0131\u015fma imkan\u0131 bulmu\u015f ve 1968 senesinden itibaren i\u015fveren olarak sekt\u00f6rdeki yerini alm\u0131\u015ft\u0131r.<\/p>\n\n\n\n<p>\u00c7ukurova Elektrik, \u0130ller Bankas\u0131 ve T\u00fcrkiye Elektrik Kurumu\u2019nun enerji nakil hatlar\u0131 i\u015flerinde elektrik taahh\u00fct i\u015flerini tamamlam\u0131\u015ft\u0131r.<\/p>\n\n\n\n<p>Y\u00f6netim Kurulu Ba\u015fkan\u0131 Orhan G\u00dcND\u00dcZ 54 y\u0131ll\u0131k i\u015f hayat\u0131nda YE\u011eENLER Kollektif \u015eirketi\u2019nin, YE-PA Elektroteknik A.\u015e.\u2019nin, GALDEM A.\u015e.\u2019nin, G\u00dcND\u00dcZ Elektrik A.\u015e.\u2019nin ve AND \u0130n\u015faat A.\u015e.\u2019nin de kuruculu\u011funu ve Ba\u015fkanl\u0131\u011f\u0131n\u0131 yapm\u0131\u015ft\u0131r.<\/p>\n\n\n\n<p>\u015eirketimiz, 12.02.1998 tarihinde ORGE Enerji Sistemleri \u0130n\u015faat Metal Ticaret ve Taahh\u00fct A.\u015e. unvan\u0131yla kurulmu\u015f , \u0130stanbul Ticaret Sicil Memurlu\u011funun 389580 sicil numaras\u0131 ile tescil olmu\u015ftur.<\/p>\n\n\n\n<p>\u015eirketin unvan\u0131 30.06.2010 tarihinde ORGE Enerji Elektrik Taahh\u00fct A.\u015e.&nbsp; olarak de\u011fi\u015ftirilmi\u015f ve tescil edilmi\u015ftir.<\/p>\n\n\n\n<p>ORGE Elektrik Taahh\u00fct, kurulu\u015fundan bug\u00fcne 4.000.000 m2 \u00fczerinde kapal\u0131 alanl\u0131 elektrik taahh\u00fct i\u015fini tamamlam\u0131\u015f ve eksiksiz teslim etmi\u015ftir.<\/p>\n\n\n\n<h2 class=\"wp-block-heading\">Orge Elektrik Tarih\u00e7e<\/h2>\n\n\n\n<p>ORGE Elektrik Taahh\u00fct, 1965 y\u0131l\u0131ndan bu yana elektrik taahh\u00fct sekt\u00f6r\u00fcnde i\u015f yapan G\u00dcND\u00dcZ Ailesinin hakim ortak oldu\u011fu bir \u015firkettir.<\/p>\n\n\n\n<p>Y\u00f6netim Kurulu Ba\u015fkan\u0131 Orhan G\u00dcND\u00dcZ elektrik taahh\u00fct disiplininin her dal\u0131nda \u00e7al\u0131\u015fma imkan\u0131 bulmu\u015f ve bilhassa 1968 senesinden itibaren i\u015fveren olarak sekt\u00f6rdeki yerini alm\u0131\u015ft\u0131r.<\/p>\n\n\n\n<p>\u015eirketimiz, 12.02.1998 tarihinde ORGE Enerji Sistemleri \u0130n\u015faat Metal Ticaret ve Taahh\u00fct A.\u015e. unvan\u0131yla kurulmu\u015f olup, \u0130stanbul Ticaret Sicil Memurlu\u011funun 389580 sicil numaras\u0131 ile tescil olmu\u015ftur.&nbsp;<\/p>\n\n\n\n<p>\u015eirketin unvan\u0131 30.06.2010 tarihinde ORGE Enerji Elektrik Taahh\u00fct A.\u015e.&nbsp; olarak de\u011fi\u015ftirilmi\u015f ve tescil edilmi\u015ftir.<\/p>\n\n\n\n<p>ORGE Elektrik Taahh\u00fct, kurulu\u015fundan bug\u00fcne 4.000.000 m2 \u00fczerinde kapal\u0131 alanl\u0131 elektrik taahh\u00fct i\u015fini tamamlam\u0131\u015f ve eksiksiz teslim etmi\u015ftir.<\/p>\n","protected":false},"excerpt":{"rendered":"<p>Nevhan G\u00fcnd\u00fcz \u0130stanbul Valisi Say\u0131n Vasip \u015eahin\u2019i makam\u0131nda ziyaret etti.<\/p>\n","protected":false},"author":1,"featured_media":665,"comment_status":"closed","ping_status":"closed","sticky":false,"template":"","format":"standard","meta":{"footnotes":""},"categories":[17],"tags":[3,4,5,6,7,8,9,10,11,12,13],"class_list":["post-663","post","type-post","status-publish","format-standard","has-post-thumbnail","hentry","category-nevhan-gunduz-haberler","tag-nevhan-gunduz","tag-nevhan-gunduz-bloomberg","tag-nevhan-gunduz-buyuk-klub","tag-nevhan-gunduz-canli-yayin","tag-nevhan-gunduz-gazete-haberleri","tag-nevhan-gunduz-hayati","tag-nevhan-gunduz-kimdir","tag-nevhan-gunduz-meslek-egitimi","tag-nevhan-gunduz-metro","tag-nevhan-gunduz-sunum","tag-nevhan-gunduz-tusiad"],"yoast_head":"<!-- This site is optimized with the Yoast SEO plugin v27.9 - https:\/\/yoast.com\/product\/yoast-seo-wordpress\/ -->\n<title>Nevhan G\u00fcnd\u00fcz \u0130stanbul Valisi Say\u0131n Vasip \u015eahin\u2019i makam\u0131nda ziyaret etti<\/title>\n<meta name=\"description\" content=\"Nevhan G\u00fcnd\u00fcz \u0130stanbul Valisi Say\u0131n Vasip \u015eahin\u2019i makam\u0131nda ziyaret etti.Orge Enerji Elektrik Taahh\u00fct A.\u015e. CEO&#039;su Nevhan G\u00fcnd\u00fcz \u0130stanbul...\" \/>\n<meta name=\"robots\" content=\"index, follow, max-snippet:-1, max-image-preview:large, max-video-preview:-1\" \/>\n<link rel=\"canonical\" href=\"https:\/\/www.nevhangunduz.com.tr\/index.php\/2018\/01\/02\/nevhan-gunduz-istanbul-valisi-sayin-vasip-sahini-makaminda-ziyaret-etti\/\" \/>\n<meta property=\"og:locale\" content=\"tr_TR\" \/>\n<meta property=\"og:type\" content=\"article\" \/>\n<meta property=\"og:title\" content=\"Nevhan G\u00fcnd\u00fcz \u0130stanbul Valisi Say\u0131n Vasip \u015eahin\u2019i makam\u0131nda ziyaret etti\" \/>\n<meta property=\"og:description\" content=\"Nevhan G\u00fcnd\u00fcz \u0130stanbul Valisi Say\u0131n Vasip \u015eahin\u2019i makam\u0131nda ziyaret etti.Orge Enerji Elektrik Taahh\u00fct A.\u015e. CEO&#039;su Nevhan G\u00fcnd\u00fcz \u0130stanbul...\" \/>\n<meta property=\"og:url\" content=\"https:\/\/www.nevhangunduz.com.tr\/index.php\/2018\/01\/02\/nevhan-gunduz-istanbul-valisi-sayin-vasip-sahini-makaminda-ziyaret-etti\/\" \/>\n<meta property=\"og:site_name\" content=\"Nevhan G\u00fcnd\u00fcz\" \/>\n<meta property=\"article:published_time\" content=\"2018-01-02T13:34:02+00:00\" \/>\n<meta property=\"og:image\" content=\"https:\/\/www.nevhangunduz.com.tr\/wp-content\/uploads\/2019\/11\/nevhan_gunduz_valilik-1-e1574765668210.png\" \/>\n\t<meta property=\"og:image:width\" content=\"1000\" \/>\n\t<meta property=\"og:image:height\" content=\"550\" \/>\n\t<meta property=\"og:image:type\" content=\"image\/png\" \/>\n<meta name=\"author\" content=\"Nevhan G\u00fcnd\u00fcz\" \/>\n<meta name=\"twitter:card\" content=\"summary_large_image\" \/>\n<meta name=\"twitter:label1\" content=\"Yazan:\" \/>\n\t<meta name=\"twitter:data1\" content=\"Nevhan G\u00fcnd\u00fcz\" \/>\n\t<meta name=\"twitter:label2\" content=\"Tahmini okuma s\u00fcresi\" \/>\n\t<meta name=\"twitter:data2\" content=\"3 dakika\" \/>\n<script type=\"application\/ld+json\" class=\"yoast-schema-graph\">{\"@context\":\"https:\\\/\\\/schema.org\",\"@graph\":[{\"@type\":\"Article\",\"@id\":\"https:\\\/\\\/www.nevhangunduz.com.tr\\\/index.php\\\/2018\\\/01\\\/02\\\/nevhan-gunduz-istanbul-valisi-sayin-vasip-sahini-makaminda-ziyaret-etti\\\/#article\",\"isPartOf\":{\"@id\":\"https:\\\/\\\/www.nevhangunduz.com.tr\\\/index.php\\\/2018\\\/01\\\/02\\\/nevhan-gunduz-istanbul-valisi-sayin-vasip-sahini-makaminda-ziyaret-etti\\\/\"},\"author\":{\"name\":\"Nevhan G\u00fcnd\u00fcz\",\"@id\":\"https:\\\/\\\/www.nevhangunduz.com.tr\\\/#\\\/schema\\\/person\\\/daacf86fe79758fd3cd3416eafa012d3\"},\"headline\":\"Nevhan G\u00fcnd\u00fcz \u0130stanbul Valisi Say\u0131n Vasip \u015eahin\u2019i ziyaret etti\",\"datePublished\":\"2018-01-02T13:34:02+00:00\",\"mainEntityOfPage\":{\"@id\":\"https:\\\/\\\/www.nevhangunduz.com.tr\\\/index.php\\\/2018\\\/01\\\/02\\\/nevhan-gunduz-istanbul-valisi-sayin-vasip-sahini-makaminda-ziyaret-etti\\\/\"},\"wordCount\":564,\"image\":{\"@id\":\"https:\\\/\\\/www.nevhangunduz.com.tr\\\/index.php\\\/2018\\\/01\\\/02\\\/nevhan-gunduz-istanbul-valisi-sayin-vasip-sahini-makaminda-ziyaret-etti\\\/#primaryimage\"},\"thumbnailUrl\":\"https:\\\/\\\/www.nevhangunduz.com.tr\\\/wp-content\\\/uploads\\\/2019\\\/11\\\/nevhan_gunduz_valilik-1-e1574765668210.png\",\"keywords\":[\"Nevhan G\u00fcnd\u00fcz\",\"Nevhan G\u00fcnd\u00fcz Bloomberg\",\"Nevhan G\u00fcnd\u00fcz B\u00fcy\u00fck Klub\",\"Nevhan G\u00fcnd\u00fcz Canl\u0131 Yay\u0131n\",\"Nevhan G\u00fcnd\u00fcz Gazete Haberleri\",\"Nevhan G\u00fcnd\u00fcz Hayat\u0131\",\"Nevhan G\u00fcnd\u00fcz kimdir\",\"Nevhan G\u00fcnd\u00fcz meslek egitimi\",\"Nevhan G\u00fcnd\u00fcz Metro\",\"nevhan g\u00fcnd\u00fcz sunum\",\"nevhan g\u00fcnd\u00fcz t\u00fcsiad\"],\"articleSection\":[\"Nevhan G\u00fcnd\u00fcz'den Haberler\"],\"inLanguage\":\"tr\"},{\"@type\":\"WebPage\",\"@id\":\"https:\\\/\\\/www.nevhangunduz.com.tr\\\/index.php\\\/2018\\\/01\\\/02\\\/nevhan-gunduz-istanbul-valisi-sayin-vasip-sahini-makaminda-ziyaret-etti\\\/\",\"url\":\"https:\\\/\\\/www.nevhangunduz.com.tr\\\/index.php\\\/2018\\\/01\\\/02\\\/nevhan-gunduz-istanbul-valisi-sayin-vasip-sahini-makaminda-ziyaret-etti\\\/\",\"name\":\"Nevhan G\u00fcnd\u00fcz \u0130stanbul Valisi Say\u0131n Vasip \u015eahin\u2019i makam\u0131nda ziyaret etti\",\"isPartOf\":{\"@id\":\"https:\\\/\\\/www.nevhangunduz.com.tr\\\/#website\"},\"primaryImageOfPage\":{\"@id\":\"https:\\\/\\\/www.nevhangunduz.com.tr\\\/index.php\\\/2018\\\/01\\\/02\\\/nevhan-gunduz-istanbul-valisi-sayin-vasip-sahini-makaminda-ziyaret-etti\\\/#primaryimage\"},\"image\":{\"@id\":\"https:\\\/\\\/www.nevhangunduz.com.tr\\\/index.php\\\/2018\\\/01\\\/02\\\/nevhan-gunduz-istanbul-valisi-sayin-vasip-sahini-makaminda-ziyaret-etti\\\/#primaryimage\"},\"thumbnailUrl\":\"https:\\\/\\\/www.nevhangunduz.com.tr\\\/wp-content\\\/uploads\\\/2019\\\/11\\\/nevhan_gunduz_valilik-1-e1574765668210.png\",\"datePublished\":\"2018-01-02T13:34:02+00:00\",\"author\":{\"@id\":\"https:\\\/\\\/www.nevhangunduz.com.tr\\\/#\\\/schema\\\/person\\\/daacf86fe79758fd3cd3416eafa012d3\"},\"description\":\"Nevhan G\u00fcnd\u00fcz \u0130stanbul Valisi Say\u0131n Vasip \u015eahin\u2019i makam\u0131nda ziyaret etti.Orge Enerji Elektrik Taahh\u00fct A.\u015e. CEO'su Nevhan G\u00fcnd\u00fcz \u0130stanbul...\",\"breadcrumb\":{\"@id\":\"https:\\\/\\\/www.nevhangunduz.com.tr\\\/index.php\\\/2018\\\/01\\\/02\\\/nevhan-gunduz-istanbul-valisi-sayin-vasip-sahini-makaminda-ziyaret-etti\\\/#breadcrumb\"},\"inLanguage\":\"tr\",\"potentialAction\":[{\"@type\":\"ReadAction\",\"target\":[\"https:\\\/\\\/www.nevhangunduz.com.tr\\\/index.php\\\/2018\\\/01\\\/02\\\/nevhan-gunduz-istanbul-valisi-sayin-vasip-sahini-makaminda-ziyaret-etti\\\/\"]}]},{\"@type\":\"ImageObject\",\"inLanguage\":\"tr\",\"@id\":\"https:\\\/\\\/www.nevhangunduz.com.tr\\\/index.php\\\/2018\\\/01\\\/02\\\/nevhan-gunduz-istanbul-valisi-sayin-vasip-sahini-makaminda-ziyaret-etti\\\/#primaryimage\",\"url\":\"https:\\\/\\\/www.nevhangunduz.com.tr\\\/wp-content\\\/uploads\\\/2019\\\/11\\\/nevhan_gunduz_valilik-1-e1574765668210.png\",\"contentUrl\":\"https:\\\/\\\/www.nevhangunduz.com.tr\\\/wp-content\\\/uploads\\\/2019\\\/11\\\/nevhan_gunduz_valilik-1-e1574765668210.png\",\"width\":1000,\"height\":550,\"caption\":\"Nevhan G\u00fcnd\u00fcz \u0130stanbul Valisi Say\u0131n Vasip \u015eahin\u2019i ziyaret etti\"},{\"@type\":\"BreadcrumbList\",\"@id\":\"https:\\\/\\\/www.nevhangunduz.com.tr\\\/index.php\\\/2018\\\/01\\\/02\\\/nevhan-gunduz-istanbul-valisi-sayin-vasip-sahini-makaminda-ziyaret-etti\\\/#breadcrumb\",\"itemListElement\":[{\"@type\":\"ListItem\",\"position\":1,\"name\":\"Ana sayfa\",\"item\":\"https:\\\/\\\/www.nevhangunduz.com.tr\\\/\"},{\"@type\":\"ListItem\",\"position\":2,\"name\":\"Nevhan G\u00fcnd\u00fcz \u0130stanbul Valisi Say\u0131n Vasip \u015eahin\u2019i ziyaret etti\"}]},{\"@type\":\"WebSite\",\"@id\":\"https:\\\/\\\/www.nevhangunduz.com.tr\\\/#website\",\"url\":\"https:\\\/\\\/www.nevhangunduz.com.tr\\\/\",\"name\":\"Nevhan G\u00fcnd\u00fcz\",\"description\":\"Nevhan G\u00fcnd\u00fcz Ki\u015fisel Web Sitesi\",\"potentialAction\":[{\"@type\":\"SearchAction\",\"target\":{\"@type\":\"EntryPoint\",\"urlTemplate\":\"https:\\\/\\\/www.nevhangunduz.com.tr\\\/?s={search_term_string}\"},\"query-input\":{\"@type\":\"PropertyValueSpecification\",\"valueRequired\":true,\"valueName\":\"search_term_string\"}}],\"inLanguage\":\"tr\"},{\"@type\":\"Person\",\"@id\":\"https:\\\/\\\/www.nevhangunduz.com.tr\\\/#\\\/schema\\\/person\\\/daacf86fe79758fd3cd3416eafa012d3\",\"name\":\"Nevhan G\u00fcnd\u00fcz\",\"sameAs\":[\"https:\\\/\\\/www.nevhangunduz.com.tr\"],\"url\":\"https:\\\/\\\/www.nevhangunduz.com.tr\\\/index.php\\\/author\\\/nevhan\\\/\"}]}<\/script>\n<!-- \/ Yoast SEO plugin. -->","yoast_head_json":{"title":"Nevhan G\u00fcnd\u00fcz \u0130stanbul Valisi Say\u0131n Vasip \u015eahin\u2019i makam\u0131nda ziyaret etti","description":"Nevhan G\u00fcnd\u00fcz \u0130stanbul Valisi Say\u0131n Vasip \u015eahin\u2019i makam\u0131nda ziyaret etti.Orge Enerji Elektrik Taahh\u00fct A.\u015e. CEO'su Nevhan G\u00fcnd\u00fcz \u0130stanbul...","robots":{"index":"index","follow":"follow","max-snippet":"max-snippet:-1","max-image-preview":"max-image-preview:large","max-video-preview":"max-video-preview:-1"},"canonical":"https:\/\/www.nevhangunduz.com.tr\/index.php\/2018\/01\/02\/nevhan-gunduz-istanbul-valisi-sayin-vasip-sahini-makaminda-ziyaret-etti\/","og_locale":"tr_TR","og_type":"article","og_title":"Nevhan G\u00fcnd\u00fcz \u0130stanbul Valisi Say\u0131n Vasip \u015eahin\u2019i makam\u0131nda ziyaret etti","og_description":"Nevhan G\u00fcnd\u00fcz \u0130stanbul Valisi Say\u0131n Vasip \u015eahin\u2019i makam\u0131nda ziyaret etti.Orge Enerji Elektrik Taahh\u00fct A.\u015e. CEO'su Nevhan G\u00fcnd\u00fcz \u0130stanbul...","og_url":"https:\/\/www.nevhangunduz.com.tr\/index.php\/2018\/01\/02\/nevhan-gunduz-istanbul-valisi-sayin-vasip-sahini-makaminda-ziyaret-etti\/","og_site_name":"Nevhan G\u00fcnd\u00fcz","article_published_time":"2018-01-02T13:34:02+00:00","og_image":[{"width":1000,"height":550,"url":"https:\/\/www.nevhangunduz.com.tr\/wp-content\/uploads\/2019\/11\/nevhan_gunduz_valilik-1-e1574765668210.png","type":"image\/png"}],"author":"Nevhan G\u00fcnd\u00fcz","twitter_card":"summary_large_image","twitter_misc":{"Yazan:":"Nevhan G\u00fcnd\u00fcz","Tahmini okuma s\u00fcresi":"3 dakika"},"schema":{"@context":"https:\/\/schema.org","@graph":[{"@type":"Article","@id":"https:\/\/www.nevhangunduz.com.tr\/index.php\/2018\/01\/02\/nevhan-gunduz-istanbul-valisi-sayin-vasip-sahini-makaminda-ziyaret-etti\/#article","isPartOf":{"@id":"https:\/\/www.nevhangunduz.com.tr\/index.php\/2018\/01\/02\/nevhan-gunduz-istanbul-valisi-sayin-vasip-sahini-makaminda-ziyaret-etti\/"},"author":{"name":"Nevhan G\u00fcnd\u00fcz","@id":"https:\/\/www.nevhangunduz.com.tr\/#\/schema\/person\/daacf86fe79758fd3cd3416eafa012d3"},"headline":"Nevhan G\u00fcnd\u00fcz \u0130stanbul Valisi Say\u0131n Vasip \u015eahin\u2019i ziyaret etti","datePublished":"2018-01-02T13:34:02+00:00","mainEntityOfPage":{"@id":"https:\/\/www.nevhangunduz.com.tr\/index.php\/2018\/01\/02\/nevhan-gunduz-istanbul-valisi-sayin-vasip-sahini-makaminda-ziyaret-etti\/"},"wordCount":564,"image":{"@id":"https:\/\/www.nevhangunduz.com.tr\/index.php\/2018\/01\/02\/nevhan-gunduz-istanbul-valisi-sayin-vasip-sahini-makaminda-ziyaret-etti\/#primaryimage"},"thumbnailUrl":"https:\/\/www.nevhangunduz.com.tr\/wp-content\/uploads\/2019\/11\/nevhan_gunduz_valilik-1-e1574765668210.png","keywords":["Nevhan G\u00fcnd\u00fcz","Nevhan G\u00fcnd\u00fcz Bloomberg","Nevhan G\u00fcnd\u00fcz B\u00fcy\u00fck Klub","Nevhan G\u00fcnd\u00fcz Canl\u0131 Yay\u0131n","Nevhan G\u00fcnd\u00fcz Gazete Haberleri","Nevhan G\u00fcnd\u00fcz Hayat\u0131","Nevhan G\u00fcnd\u00fcz kimdir","Nevhan G\u00fcnd\u00fcz meslek egitimi","Nevhan G\u00fcnd\u00fcz Metro","nevhan g\u00fcnd\u00fcz sunum","nevhan g\u00fcnd\u00fcz t\u00fcsiad"],"articleSection":["Nevhan G\u00fcnd\u00fcz'den Haberler"],"inLanguage":"tr"},{"@type":"WebPage","@id":"https:\/\/www.nevhangunduz.com.tr\/index.php\/2018\/01\/02\/nevhan-gunduz-istanbul-valisi-sayin-vasip-sahini-makaminda-ziyaret-etti\/","url":"https:\/\/www.nevhangunduz.com.tr\/index.php\/2018\/01\/02\/nevhan-gunduz-istanbul-valisi-sayin-vasip-sahini-makaminda-ziyaret-etti\/","name":"Nevhan G\u00fcnd\u00fcz \u0130stanbul Valisi Say\u0131n Vasip \u015eahin\u2019i makam\u0131nda ziyaret etti","isPartOf":{"@id":"https:\/\/www.nevhangunduz.com.tr\/#website"},"primaryImageOfPage":{"@id":"https:\/\/www.nevhangunduz.com.tr\/index.php\/2018\/01\/02\/nevhan-gunduz-istanbul-valisi-sayin-vasip-sahini-makaminda-ziyaret-etti\/#primaryimage"},"image":{"@id":"https:\/\/www.nevhangunduz.com.tr\/index.php\/2018\/01\/02\/nevhan-gunduz-istanbul-valisi-sayin-vasip-sahini-makaminda-ziyaret-etti\/#primaryimage"},"thumbnailUrl":"https:\/\/www.nevhangunduz.com.tr\/wp-content\/uploads\/2019\/11\/nevhan_gunduz_valilik-1-e1574765668210.png","datePublished":"2018-01-02T13:34:02+00:00","author":{"@id":"https:\/\/www.nevhangunduz.com.tr\/#\/schema\/person\/daacf86fe79758fd3cd3416eafa012d3"},"description":"Nevhan G\u00fcnd\u00fcz \u0130stanbul Valisi Say\u0131n Vasip \u015eahin\u2019i makam\u0131nda ziyaret etti.Orge Enerji Elektrik Taahh\u00fct A.\u015e. CEO'su Nevhan G\u00fcnd\u00fcz \u0130stanbul...","breadcrumb":{"@id":"https:\/\/www.nevhangunduz.com.tr\/index.php\/2018\/01\/02\/nevhan-gunduz-istanbul-valisi-sayin-vasip-sahini-makaminda-ziyaret-etti\/#breadcrumb"},"inLanguage":"tr","potentialAction":[{"@type":"ReadAction","target":["https:\/\/www.nevhangunduz.com.tr\/index.php\/2018\/01\/02\/nevhan-gunduz-istanbul-valisi-sayin-vasip-sahini-makaminda-ziyaret-etti\/"]}]},{"@type":"ImageObject","inLanguage":"tr","@id":"https:\/\/www.nevhangunduz.com.tr\/index.php\/2018\/01\/02\/nevhan-gunduz-istanbul-valisi-sayin-vasip-sahini-makaminda-ziyaret-etti\/#primaryimage","url":"https:\/\/www.nevhangunduz.com.tr\/wp-content\/uploads\/2019\/11\/nevhan_gunduz_valilik-1-e1574765668210.png","contentUrl":"https:\/\/www.nevhangunduz.com.tr\/wp-content\/uploads\/2019\/11\/nevhan_gunduz_valilik-1-e1574765668210.png","width":1000,"height":550,"caption":"Nevhan G\u00fcnd\u00fcz \u0130stanbul Valisi Say\u0131n Vasip \u015eahin\u2019i ziyaret etti"},{"@type":"BreadcrumbList","@id":"https:\/\/www.nevhangunduz.com.tr\/index.php\/2018\/01\/02\/nevhan-gunduz-istanbul-valisi-sayin-vasip-sahini-makaminda-ziyaret-etti\/#breadcrumb","itemListElement":[{"@type":"ListItem","position":1,"name":"Ana sayfa","item":"https:\/\/www.nevhangunduz.com.tr\/"},{"@type":"ListItem","position":2,"name":"Nevhan G\u00fcnd\u00fcz \u0130stanbul Valisi Say\u0131n Vasip \u015eahin\u2019i ziyaret etti"}]},{"@type":"WebSite","@id":"https:\/\/www.nevhangunduz.com.tr\/#website","url":"https:\/\/www.nevhangunduz.com.tr\/","name":"Nevhan G\u00fcnd\u00fcz","description":"Nevhan G\u00fcnd\u00fcz Ki\u015fisel Web Sitesi","potentialAction":[{"@type":"SearchAction","target":{"@type":"EntryPoint","urlTemplate":"https:\/\/www.nevhangunduz.com.tr\/?s={search_term_string}"},"query-input":{"@type":"PropertyValueSpecification","valueRequired":true,"valueName":"search_term_string"}}],"inLanguage":"tr"},{"@type":"Person","@id":"https:\/\/www.nevhangunduz.com.tr\/#\/schema\/person\/daacf86fe79758fd3cd3416eafa012d3","name":"Nevhan G\u00fcnd\u00fcz","sameAs":["https:\/\/www.nevhangunduz.com.tr"],"url":"https:\/\/www.nevhangunduz.com.tr\/index.php\/author\/nevhan\/"}]}},"_links":{"self":[{"href":"https:\/\/www.nevhangunduz.com.tr\/index.php\/wp-json\/wp\/v2\/posts\/663","targetHints":{"allow":["GET"]}}],"collection":[{"href":"https:\/\/www.nevhangunduz.com.tr\/index.php\/wp-json\/wp\/v2\/posts"}],"about":[{"href":"https:\/\/www.nevhangunduz.com.tr\/index.php\/wp-json\/wp\/v2\/types\/post"}],"author":[{"embeddable":true,"href":"https:\/\/www.nevhangunduz.com.tr\/index.php\/wp-json\/wp\/v2\/users\/1"}],"replies":[{"embeddable":true,"href":"https:\/\/www.nevhangunduz.com.tr\/index.php\/wp-json\/wp\/v2\/comments?post=663"}],"version-history":[{"count":0,"href":"https:\/\/www.nevhangunduz.com.tr\/index.php\/wp-json\/wp\/v2\/posts\/663\/revisions"}],"wp:featuredmedia":[{"embeddable":true,"href":"https:\/\/www.nevhangunduz.com.tr\/index.php\/wp-json\/wp\/v2\/media\/665"}],"wp:attachment":[{"href":"https:\/\/www.nevhangunduz.com.tr\/index.php\/wp-json\/wp\/v2\/media?parent=663"}],"wp:term":[{"taxonomy":"category","embeddable":true,"href":"https:\/\/www.nevhangunduz.com.tr\/index.php\/wp-json\/wp\/v2\/categories?post=663"},{"taxonomy":"post_tag","embeddable":true,"href":"https:\/\/www.nevhangunduz.com.tr\/index.php\/wp-json\/wp\/v2\/tags?post=663"}],"curies":[{"name":"wp","href":"https:\/\/api.w.org\/{rel}","templated":true}]}}