{"id":294,"date":"2017-05-22T14:03:58","date_gmt":"2017-05-22T11:03:58","guid":{"rendered":"http:\/\/nevhangunduz.com\/?p=294"},"modified":"2017-05-22T14:03:58","modified_gmt":"2017-05-22T11:03:58","slug":"orgenin-ceosu-nevhan-gunduz-ankarada-onemli-ziyaretlerde-bulundu","status":"publish","type":"post","link":"https:\/\/www.nevhangunduz.com.tr\/index.php\/2017\/05\/22\/orgenin-ceosu-nevhan-gunduz-ankarada-onemli-ziyaretlerde-bulundu\/","title":{"rendered":"ORGE&#8217;nin CEO&#8217;su Nevhan G\u00fcnd\u00fcz Ankara&#8217;da \u00d6nemli Ziyaretlerde Bulundu"},"content":{"rendered":"<p>Orge Elektrik Taahh\u00fct&#8217;\u00fcn CEO&#8217;su ve ayn\u0131 zamanda Hatay \u0130\u015f Adamlar\u0131 ve B\u00fcrokatlar\u0131 Derne\u011fi genel ba\u015fkan yard\u0131mc\u0131 say\u0131n Nevhan G\u00fcnd\u00fcz Ankara&#8217;da \u00f6nemli ziyaretlerde bulundu. Say\u0131n Nevhan G\u00fcnd\u00fcz ve HAT\u0130AB genel ba\u015fkan\u0131 say\u0131n \u0130brahim G\u00fcder\u00a0HSYK \u00fcyesi say\u0131n Hayriye \u015eirin \u00dcnsel han\u0131mefendiye nezaket ziyareti yapt\u0131.<\/p>\n<div id=\"attachment_295\" style=\"width: 970px\" class=\"wp-caption alignnone\"><img loading=\"lazy\" decoding=\"async\" aria-describedby=\"caption-attachment-295\" class=\"wp-image-295 size-full\" src=\"https:\/\/www.nevhangunduz.org\/wp-content\/uploads\/2017\/05\/nevhan-gunduz.jpg\" alt=\"\" width=\"960\" height=\"720\" srcset=\"https:\/\/www.nevhangunduz.com.tr\/wp-content\/uploads\/2017\/05\/nevhan-gunduz.jpg 960w, https:\/\/www.nevhangunduz.com.tr\/wp-content\/uploads\/2017\/05\/nevhan-gunduz-300x225.jpg 300w, https:\/\/www.nevhangunduz.com.tr\/wp-content\/uploads\/2017\/05\/nevhan-gunduz-768x576.jpg 768w, https:\/\/www.nevhangunduz.com.tr\/wp-content\/uploads\/2017\/05\/nevhan-gunduz-400x300.jpg 400w\" sizes=\"auto, (max-width: 960px) 100vw, 960px\" \/><p id=\"caption-attachment-295\" class=\"wp-caption-text\">Nevhan G\u00fcnd\u00fcz<\/p><\/div>\n","protected":false},"excerpt":{"rendered":"<p>Orge Elektrik Taahh\u00fct&#8217;\u00fcn CEO&#8217;su ve ayn\u0131 zamanda Hatay \u0130\u015f Adamlar\u0131 ve B\u00fcrokatlar\u0131 Derne\u011fi genel ba\u015fkan yard\u0131mc\u0131 say\u0131n Nevhan G\u00fcnd\u00fcz Ankara&#8217;da \u00f6nemli ziyaretlerde bulundu. Say\u0131n Nevhan G\u00fcnd\u00fcz ve HAT\u0130AB genel ba\u015fkan\u0131 say\u0131n \u0130brahim G\u00fcder\u00a0HSYK \u00fcyesi say\u0131n Hayriye \u015eirin \u00dcnsel han\u0131mefendiye nezaket ziyareti yapt\u0131.<\/p>\n","protected":false},"author":1,"featured_media":295,"comment_status":"open","ping_status":"open","sticky":false,"template":"","format":"standard","meta":{"footnotes":""},"categories":[17],"tags":[3,4,5,6,7,8,9,10,11,12,13,14],"class_list":["post-294","post","type-post","status-publish","format-standard","has-post-thumbnail","hentry","category-nevhan-gunduz-haberler","tag-nevhan-gunduz","tag-nevhan-gunduz-bloomberg","tag-nevhan-gunduz-buyuk-klub","tag-nevhan-gunduz-canli-yayin","tag-nevhan-gunduz-gazete-haberleri","tag-nevhan-gunduz-hayati","tag-nevhan-gunduz-kimdir","tag-nevhan-gunduz-meslek-egitimi","tag-nevhan-gunduz-metro","tag-nevhan-gunduz-sunum","tag-nevhan-gunduz-tusiad","tag-nevhan-gunduz-tv-roportaji"],"yoast_head":"<!-- This site is optimized with the Yoast SEO plugin v27.9 - https:\/\/yoast.com\/product\/yoast-seo-wordpress\/ -->\n<title>ORGE&#039;nin CEO&#039;su Nevhan G\u00fcnd\u00fcz Ankara&#039;da \u00d6nemli Ziyaretlerde Bulundu - Nevhan G\u00fcnd\u00fcz<\/title>\n<meta name=\"robots\" content=\"index, follow, max-snippet:-1, max-image-preview:large, max-video-preview:-1\" \/>\n<link rel=\"canonical\" href=\"https:\/\/www.nevhangunduz.com.tr\/index.php\/2017\/05\/22\/orgenin-ceosu-nevhan-gunduz-ankarada-onemli-ziyaretlerde-bulundu\/\" \/>\n<meta property=\"og:locale\" content=\"tr_TR\" \/>\n<meta property=\"og:type\" content=\"article\" \/>\n<meta property=\"og:title\" content=\"ORGE&#039;nin CEO&#039;su Nevhan G\u00fcnd\u00fcz Ankara&#039;da \u00d6nemli Ziyaretlerde Bulundu - Nevhan G\u00fcnd\u00fcz\" \/>\n<meta property=\"og:description\" content=\"Orge Elektrik Taahh\u00fct&#039;\u00fcn CEO&#039;su ve ayn\u0131 zamanda Hatay \u0130\u015f Adamlar\u0131 ve B\u00fcrokatlar\u0131 Derne\u011fi genel ba\u015fkan yard\u0131mc\u0131 say\u0131n Nevhan G\u00fcnd\u00fcz Ankara&#039;da \u00f6nemli ziyaretlerde bulundu. Say\u0131n Nevhan G\u00fcnd\u00fcz ve HAT\u0130AB genel ba\u015fkan\u0131 say\u0131n \u0130brahim G\u00fcder\u00a0HSYK \u00fcyesi say\u0131n Hayriye \u015eirin \u00dcnsel han\u0131mefendiye nezaket ziyareti yapt\u0131.\" \/>\n<meta property=\"og:url\" content=\"https:\/\/www.nevhangunduz.com.tr\/index.php\/2017\/05\/22\/orgenin-ceosu-nevhan-gunduz-ankarada-onemli-ziyaretlerde-bulundu\/\" \/>\n<meta property=\"og:site_name\" content=\"Nevhan G\u00fcnd\u00fcz\" \/>\n<meta property=\"article:published_time\" content=\"2017-05-22T11:03:58+00:00\" \/>\n<meta property=\"og:image\" content=\"https:\/\/www.nevhangunduz.com.tr\/wp-content\/uploads\/2017\/05\/nevhan-gunduz.jpg\" \/>\n\t<meta property=\"og:image:width\" content=\"960\" \/>\n\t<meta property=\"og:image:height\" content=\"720\" \/>\n\t<meta property=\"og:image:type\" content=\"image\/jpeg\" \/>\n<meta name=\"author\" content=\"Nevhan G\u00fcnd\u00fcz\" \/>\n<meta name=\"twitter:card\" content=\"summary_large_image\" \/>\n<meta name=\"twitter:label1\" content=\"Yazan:\" \/>\n\t<meta name=\"twitter:data1\" content=\"Nevhan G\u00fcnd\u00fcz\" \/>\n<script type=\"application\/ld+json\" class=\"yoast-schema-graph\">{\"@context\":\"https:\\\/\\\/schema.org\",\"@graph\":[{\"@type\":\"Article\",\"@id\":\"https:\\\/\\\/www.nevhangunduz.com.tr\\\/index.php\\\/2017\\\/05\\\/22\\\/orgenin-ceosu-nevhan-gunduz-ankarada-onemli-ziyaretlerde-bulundu\\\/#article\",\"isPartOf\":{\"@id\":\"https:\\\/\\\/www.nevhangunduz.com.tr\\\/index.php\\\/2017\\\/05\\\/22\\\/orgenin-ceosu-nevhan-gunduz-ankarada-onemli-ziyaretlerde-bulundu\\\/\"},\"author\":{\"name\":\"Nevhan G\u00fcnd\u00fcz\",\"@id\":\"https:\\\/\\\/www.nevhangunduz.com.tr\\\/#\\\/schema\\\/person\\\/daacf86fe79758fd3cd3416eafa012d3\"},\"headline\":\"ORGE&#8217;nin CEO&#8217;su Nevhan G\u00fcnd\u00fcz Ankara&#8217;da \u00d6nemli Ziyaretlerde Bulundu\",\"datePublished\":\"2017-05-22T11:03:58+00:00\",\"mainEntityOfPage\":{\"@id\":\"https:\\\/\\\/www.nevhangunduz.com.tr\\\/index.php\\\/2017\\\/05\\\/22\\\/orgenin-ceosu-nevhan-gunduz-ankarada-onemli-ziyaretlerde-bulundu\\\/\"},\"wordCount\":81,\"commentCount\":0,\"image\":{\"@id\":\"https:\\\/\\\/www.nevhangunduz.com.tr\\\/index.php\\\/2017\\\/05\\\/22\\\/orgenin-ceosu-nevhan-gunduz-ankarada-onemli-ziyaretlerde-bulundu\\\/#primaryimage\"},\"thumbnailUrl\":\"https:\\\/\\\/www.nevhangunduz.com.tr\\\/wp-content\\\/uploads\\\/2017\\\/05\\\/nevhan-gunduz.jpg\",\"keywords\":[\"Nevhan G\u00fcnd\u00fcz\",\"Nevhan G\u00fcnd\u00fcz Bloomberg\",\"Nevhan G\u00fcnd\u00fcz B\u00fcy\u00fck Klub\",\"Nevhan G\u00fcnd\u00fcz Canl\u0131 Yay\u0131n\",\"Nevhan G\u00fcnd\u00fcz Gazete Haberleri\",\"Nevhan G\u00fcnd\u00fcz Hayat\u0131\",\"Nevhan G\u00fcnd\u00fcz kimdir\",\"Nevhan G\u00fcnd\u00fcz meslek egitimi\",\"Nevhan G\u00fcnd\u00fcz Metro\",\"nevhan g\u00fcnd\u00fcz sunum\",\"nevhan g\u00fcnd\u00fcz t\u00fcsiad\",\"Nevhan G\u00fcnd\u00fcz TV R\u00f6portaj\u0131\"],\"articleSection\":[\"Nevhan G\u00fcnd\u00fcz'den Haberler\"],\"inLanguage\":\"tr\",\"potentialAction\":[{\"@type\":\"CommentAction\",\"name\":\"Comment\",\"target\":[\"https:\\\/\\\/www.nevhangunduz.com.tr\\\/index.php\\\/2017\\\/05\\\/22\\\/orgenin-ceosu-nevhan-gunduz-ankarada-onemli-ziyaretlerde-bulundu\\\/#respond\"]}]},{\"@type\":\"WebPage\",\"@id\":\"https:\\\/\\\/www.nevhangunduz.com.tr\\\/index.php\\\/2017\\\/05\\\/22\\\/orgenin-ceosu-nevhan-gunduz-ankarada-onemli-ziyaretlerde-bulundu\\\/\",\"url\":\"https:\\\/\\\/www.nevhangunduz.com.tr\\\/index.php\\\/2017\\\/05\\\/22\\\/orgenin-ceosu-nevhan-gunduz-ankarada-onemli-ziyaretlerde-bulundu\\\/\",\"name\":\"ORGE'nin CEO'su Nevhan G\u00fcnd\u00fcz Ankara'da \u00d6nemli Ziyaretlerde Bulundu - Nevhan G\u00fcnd\u00fcz\",\"isPartOf\":{\"@id\":\"https:\\\/\\\/www.nevhangunduz.com.tr\\\/#website\"},\"primaryImageOfPage\":{\"@id\":\"https:\\\/\\\/www.nevhangunduz.com.tr\\\/index.php\\\/2017\\\/05\\\/22\\\/orgenin-ceosu-nevhan-gunduz-ankarada-onemli-ziyaretlerde-bulundu\\\/#primaryimage\"},\"image\":{\"@id\":\"https:\\\/\\\/www.nevhangunduz.com.tr\\\/index.php\\\/2017\\\/05\\\/22\\\/orgenin-ceosu-nevhan-gunduz-ankarada-onemli-ziyaretlerde-bulundu\\\/#primaryimage\"},\"thumbnailUrl\":\"https:\\\/\\\/www.nevhangunduz.com.tr\\\/wp-content\\\/uploads\\\/2017\\\/05\\\/nevhan-gunduz.jpg\",\"datePublished\":\"2017-05-22T11:03:58+00:00\",\"author\":{\"@id\":\"https:\\\/\\\/www.nevhangunduz.com.tr\\\/#\\\/schema\\\/person\\\/daacf86fe79758fd3cd3416eafa012d3\"},\"breadcrumb\":{\"@id\":\"https:\\\/\\\/www.nevhangunduz.com.tr\\\/index.php\\\/2017\\\/05\\\/22\\\/orgenin-ceosu-nevhan-gunduz-ankarada-onemli-ziyaretlerde-bulundu\\\/#breadcrumb\"},\"inLanguage\":\"tr\",\"potentialAction\":[{\"@type\":\"ReadAction\",\"target\":[\"https:\\\/\\\/www.nevhangunduz.com.tr\\\/index.php\\\/2017\\\/05\\\/22\\\/orgenin-ceosu-nevhan-gunduz-ankarada-onemli-ziyaretlerde-bulundu\\\/\"]}]},{\"@type\":\"ImageObject\",\"inLanguage\":\"tr\",\"@id\":\"https:\\\/\\\/www.nevhangunduz.com.tr\\\/index.php\\\/2017\\\/05\\\/22\\\/orgenin-ceosu-nevhan-gunduz-ankarada-onemli-ziyaretlerde-bulundu\\\/#primaryimage\",\"url\":\"https:\\\/\\\/www.nevhangunduz.com.tr\\\/wp-content\\\/uploads\\\/2017\\\/05\\\/nevhan-gunduz.jpg\",\"contentUrl\":\"https:\\\/\\\/www.nevhangunduz.com.tr\\\/wp-content\\\/uploads\\\/2017\\\/05\\\/nevhan-gunduz.jpg\",\"width\":960,\"height\":720,\"caption\":\"Nevhan G\u00fcnd\u00fcz Ankara'da \u00d6nemli Ziyaretlerde Bulundu\"},{\"@type\":\"BreadcrumbList\",\"@id\":\"https:\\\/\\\/www.nevhangunduz.com.tr\\\/index.php\\\/2017\\\/05\\\/22\\\/orgenin-ceosu-nevhan-gunduz-ankarada-onemli-ziyaretlerde-bulundu\\\/#breadcrumb\",\"itemListElement\":[{\"@type\":\"ListItem\",\"position\":1,\"name\":\"Ana sayfa\",\"item\":\"https:\\\/\\\/www.nevhangunduz.com.tr\\\/\"},{\"@type\":\"ListItem\",\"position\":2,\"name\":\"ORGE&#8217;nin CEO&#8217;su Nevhan G\u00fcnd\u00fcz Ankara&#8217;da \u00d6nemli Ziyaretlerde Bulundu\"}]},{\"@type\":\"WebSite\",\"@id\":\"https:\\\/\\\/www.nevhangunduz.com.tr\\\/#website\",\"url\":\"https:\\\/\\\/www.nevhangunduz.com.tr\\\/\",\"name\":\"Nevhan G\u00fcnd\u00fcz\",\"description\":\"Nevhan G\u00fcnd\u00fcz Ki\u015fisel Web Sitesi\",\"potentialAction\":[{\"@type\":\"SearchAction\",\"target\":{\"@type\":\"EntryPoint\",\"urlTemplate\":\"https:\\\/\\\/www.nevhangunduz.com.tr\\\/?s={search_term_string}\"},\"query-input\":{\"@type\":\"PropertyValueSpecification\",\"valueRequired\":true,\"valueName\":\"search_term_string\"}}],\"inLanguage\":\"tr\"},{\"@type\":\"Person\",\"@id\":\"https:\\\/\\\/www.nevhangunduz.com.tr\\\/#\\\/schema\\\/person\\\/daacf86fe79758fd3cd3416eafa012d3\",\"name\":\"Nevhan G\u00fcnd\u00fcz\",\"sameAs\":[\"https:\\\/\\\/www.nevhangunduz.com.tr\"],\"url\":\"https:\\\/\\\/www.nevhangunduz.com.tr\\\/index.php\\\/author\\\/nevhan\\\/\"}]}<\/script>\n<!-- \/ Yoast SEO plugin. -->","yoast_head_json":{"title":"ORGE'nin CEO'su Nevhan G\u00fcnd\u00fcz Ankara'da \u00d6nemli Ziyaretlerde Bulundu - Nevhan G\u00fcnd\u00fcz","robots":{"index":"index","follow":"follow","max-snippet":"max-snippet:-1","max-image-preview":"max-image-preview:large","max-video-preview":"max-video-preview:-1"},"canonical":"https:\/\/www.nevhangunduz.com.tr\/index.php\/2017\/05\/22\/orgenin-ceosu-nevhan-gunduz-ankarada-onemli-ziyaretlerde-bulundu\/","og_locale":"tr_TR","og_type":"article","og_title":"ORGE'nin CEO'su Nevhan G\u00fcnd\u00fcz Ankara'da \u00d6nemli Ziyaretlerde Bulundu - Nevhan G\u00fcnd\u00fcz","og_description":"Orge Elektrik Taahh\u00fct'\u00fcn CEO'su ve ayn\u0131 zamanda Hatay \u0130\u015f Adamlar\u0131 ve B\u00fcrokatlar\u0131 Derne\u011fi genel ba\u015fkan yard\u0131mc\u0131 say\u0131n Nevhan G\u00fcnd\u00fcz Ankara'da \u00f6nemli ziyaretlerde bulundu. Say\u0131n Nevhan G\u00fcnd\u00fcz ve HAT\u0130AB genel ba\u015fkan\u0131 say\u0131n \u0130brahim G\u00fcder\u00a0HSYK \u00fcyesi say\u0131n Hayriye \u015eirin \u00dcnsel han\u0131mefendiye nezaket ziyareti yapt\u0131.","og_url":"https:\/\/www.nevhangunduz.com.tr\/index.php\/2017\/05\/22\/orgenin-ceosu-nevhan-gunduz-ankarada-onemli-ziyaretlerde-bulundu\/","og_site_name":"Nevhan G\u00fcnd\u00fcz","article_published_time":"2017-05-22T11:03:58+00:00","og_image":[{"width":960,"height":720,"url":"https:\/\/www.nevhangunduz.com.tr\/wp-content\/uploads\/2017\/05\/nevhan-gunduz.jpg","type":"image\/jpeg"}],"author":"Nevhan G\u00fcnd\u00fcz","twitter_card":"summary_large_image","twitter_misc":{"Yazan:":"Nevhan G\u00fcnd\u00fcz"},"schema":{"@context":"https:\/\/schema.org","@graph":[{"@type":"Article","@id":"https:\/\/www.nevhangunduz.com.tr\/index.php\/2017\/05\/22\/orgenin-ceosu-nevhan-gunduz-ankarada-onemli-ziyaretlerde-bulundu\/#article","isPartOf":{"@id":"https:\/\/www.nevhangunduz.com.tr\/index.php\/2017\/05\/22\/orgenin-ceosu-nevhan-gunduz-ankarada-onemli-ziyaretlerde-bulundu\/"},"author":{"name":"Nevhan G\u00fcnd\u00fcz","@id":"https:\/\/www.nevhangunduz.com.tr\/#\/schema\/person\/daacf86fe79758fd3cd3416eafa012d3"},"headline":"ORGE&#8217;nin CEO&#8217;su Nevhan G\u00fcnd\u00fcz Ankara&#8217;da \u00d6nemli Ziyaretlerde Bulundu","datePublished":"2017-05-22T11:03:58+00:00","mainEntityOfPage":{"@id":"https:\/\/www.nevhangunduz.com.tr\/index.php\/2017\/05\/22\/orgenin-ceosu-nevhan-gunduz-ankarada-onemli-ziyaretlerde-bulundu\/"},"wordCount":81,"commentCount":0,"image":{"@id":"https:\/\/www.nevhangunduz.com.tr\/index.php\/2017\/05\/22\/orgenin-ceosu-nevhan-gunduz-ankarada-onemli-ziyaretlerde-bulundu\/#primaryimage"},"thumbnailUrl":"https:\/\/www.nevhangunduz.com.tr\/wp-content\/uploads\/2017\/05\/nevhan-gunduz.jpg","keywords":["Nevhan G\u00fcnd\u00fcz","Nevhan G\u00fcnd\u00fcz Bloomberg","Nevhan G\u00fcnd\u00fcz B\u00fcy\u00fck Klub","Nevhan G\u00fcnd\u00fcz Canl\u0131 Yay\u0131n","Nevhan G\u00fcnd\u00fcz Gazete Haberleri","Nevhan G\u00fcnd\u00fcz Hayat\u0131","Nevhan G\u00fcnd\u00fcz kimdir","Nevhan G\u00fcnd\u00fcz meslek egitimi","Nevhan G\u00fcnd\u00fcz Metro","nevhan g\u00fcnd\u00fcz sunum","nevhan g\u00fcnd\u00fcz t\u00fcsiad","Nevhan G\u00fcnd\u00fcz TV R\u00f6portaj\u0131"],"articleSection":["Nevhan G\u00fcnd\u00fcz'den Haberler"],"inLanguage":"tr","potentialAction":[{"@type":"CommentAction","name":"Comment","target":["https:\/\/www.nevhangunduz.com.tr\/index.php\/2017\/05\/22\/orgenin-ceosu-nevhan-gunduz-ankarada-onemli-ziyaretlerde-bulundu\/#respond"]}]},{"@type":"WebPage","@id":"https:\/\/www.nevhangunduz.com.tr\/index.php\/2017\/05\/22\/orgenin-ceosu-nevhan-gunduz-ankarada-onemli-ziyaretlerde-bulundu\/","url":"https:\/\/www.nevhangunduz.com.tr\/index.php\/2017\/05\/22\/orgenin-ceosu-nevhan-gunduz-ankarada-onemli-ziyaretlerde-bulundu\/","name":"ORGE'nin CEO'su Nevhan G\u00fcnd\u00fcz Ankara'da \u00d6nemli Ziyaretlerde Bulundu - Nevhan G\u00fcnd\u00fcz","isPartOf":{"@id":"https:\/\/www.nevhangunduz.com.tr\/#website"},"primaryImageOfPage":{"@id":"https:\/\/www.nevhangunduz.com.tr\/index.php\/2017\/05\/22\/orgenin-ceosu-nevhan-gunduz-ankarada-onemli-ziyaretlerde-bulundu\/#primaryimage"},"image":{"@id":"https:\/\/www.nevhangunduz.com.tr\/index.php\/2017\/05\/22\/orgenin-ceosu-nevhan-gunduz-ankarada-onemli-ziyaretlerde-bulundu\/#primaryimage"},"thumbnailUrl":"https:\/\/www.nevhangunduz.com.tr\/wp-content\/uploads\/2017\/05\/nevhan-gunduz.jpg","datePublished":"2017-05-22T11:03:58+00:00","author":{"@id":"https:\/\/www.nevhangunduz.com.tr\/#\/schema\/person\/daacf86fe79758fd3cd3416eafa012d3"},"breadcrumb":{"@id":"https:\/\/www.nevhangunduz.com.tr\/index.php\/2017\/05\/22\/orgenin-ceosu-nevhan-gunduz-ankarada-onemli-ziyaretlerde-bulundu\/#breadcrumb"},"inLanguage":"tr","potentialAction":[{"@type":"ReadAction","target":["https:\/\/www.nevhangunduz.com.tr\/index.php\/2017\/05\/22\/orgenin-ceosu-nevhan-gunduz-ankarada-onemli-ziyaretlerde-bulundu\/"]}]},{"@type":"ImageObject","inLanguage":"tr","@id":"https:\/\/www.nevhangunduz.com.tr\/index.php\/2017\/05\/22\/orgenin-ceosu-nevhan-gunduz-ankarada-onemli-ziyaretlerde-bulundu\/#primaryimage","url":"https:\/\/www.nevhangunduz.com.tr\/wp-content\/uploads\/2017\/05\/nevhan-gunduz.jpg","contentUrl":"https:\/\/www.nevhangunduz.com.tr\/wp-content\/uploads\/2017\/05\/nevhan-gunduz.jpg","width":960,"height":720,"caption":"Nevhan G\u00fcnd\u00fcz Ankara'da \u00d6nemli Ziyaretlerde Bulundu"},{"@type":"BreadcrumbList","@id":"https:\/\/www.nevhangunduz.com.tr\/index.php\/2017\/05\/22\/orgenin-ceosu-nevhan-gunduz-ankarada-onemli-ziyaretlerde-bulundu\/#breadcrumb","itemListElement":[{"@type":"ListItem","position":1,"name":"Ana sayfa","item":"https:\/\/www.nevhangunduz.com.tr\/"},{"@type":"ListItem","position":2,"name":"ORGE&#8217;nin CEO&#8217;su Nevhan G\u00fcnd\u00fcz Ankara&#8217;da \u00d6nemli Ziyaretlerde Bulundu"}]},{"@type":"WebSite","@id":"https:\/\/www.nevhangunduz.com.tr\/#website","url":"https:\/\/www.nevhangunduz.com.tr\/","name":"Nevhan G\u00fcnd\u00fcz","description":"Nevhan G\u00fcnd\u00fcz Ki\u015fisel Web Sitesi","potentialAction":[{"@type":"SearchAction","target":{"@type":"EntryPoint","urlTemplate":"https:\/\/www.nevhangunduz.com.tr\/?s={search_term_string}"},"query-input":{"@type":"PropertyValueSpecification","valueRequired":true,"valueName":"search_term_string"}}],"inLanguage":"tr"},{"@type":"Person","@id":"https:\/\/www.nevhangunduz.com.tr\/#\/schema\/person\/daacf86fe79758fd3cd3416eafa012d3","name":"Nevhan G\u00fcnd\u00fcz","sameAs":["https:\/\/www.nevhangunduz.com.tr"],"url":"https:\/\/www.nevhangunduz.com.tr\/index.php\/author\/nevhan\/"}]}},"_links":{"self":[{"href":"https:\/\/www.nevhangunduz.com.tr\/index.php\/wp-json\/wp\/v2\/posts\/294","targetHints":{"allow":["GET"]}}],"collection":[{"href":"https:\/\/www.nevhangunduz.com.tr\/index.php\/wp-json\/wp\/v2\/posts"}],"about":[{"href":"https:\/\/www.nevhangunduz.com.tr\/index.php\/wp-json\/wp\/v2\/types\/post"}],"author":[{"embeddable":true,"href":"https:\/\/www.nevhangunduz.com.tr\/index.php\/wp-json\/wp\/v2\/users\/1"}],"replies":[{"embeddable":true,"href":"https:\/\/www.nevhangunduz.com.tr\/index.php\/wp-json\/wp\/v2\/comments?post=294"}],"version-history":[{"count":0,"href":"https:\/\/www.nevhangunduz.com.tr\/index.php\/wp-json\/wp\/v2\/posts\/294\/revisions"}],"wp:featuredmedia":[{"embeddable":true,"href":"https:\/\/www.nevhangunduz.com.tr\/index.php\/wp-json\/wp\/v2\/media\/295"}],"wp:attachment":[{"href":"https:\/\/www.nevhangunduz.com.tr\/index.php\/wp-json\/wp\/v2\/media?parent=294"}],"wp:term":[{"taxonomy":"category","embeddable":true,"href":"https:\/\/www.nevhangunduz.com.tr\/index.php\/wp-json\/wp\/v2\/categories?post=294"},{"taxonomy":"post_tag","embeddable":true,"href":"https:\/\/www.nevhangunduz.com.tr\/index.php\/wp-json\/wp\/v2\/tags?post=294"}],"curies":[{"name":"wp","href":"https:\/\/api.w.org\/{rel}","templated":true}]}}