{"id":28,"date":"2017-01-22T21:52:14","date_gmt":"2017-01-22T18:52:14","guid":{"rendered":"https:\/\/nevhangunduz.com.tr\/?p=28"},"modified":"2017-01-22T21:52:14","modified_gmt":"2017-01-22T18:52:14","slug":"bati-amerikan-turk-ticaret-odasi-ile-isbirligi-anlasmasi","status":"publish","type":"post","link":"https:\/\/www.nevhangunduz.com.tr\/index.php\/2017\/01\/22\/bati-amerikan-turk-ticaret-odasi-ile-isbirligi-anlasmasi\/","title":{"rendered":"Bat\u0131 Amerikan T\u00fcrk Ticaret Odas\u0131 ile i\u015fbirli\u011fi anla\u015fmas\u0131"},"content":{"rendered":"<p>Western American Turkish Chamber of Commerce (Bat\u0131 Amerikan T\u00fcrk Ticaret Odas\u0131) ile HAT\u0130AB Hatay \u0130\u015f Adamlar\u0131 ve B\u00fcrokratlar\u0131 Derne\u011fi aras\u0131nda ekonomi, turizm ve k\u00fclt\u00fcrel ili\u015fkileri kar\u015f\u0131l\u0131kl\u0131 geli\u015ftirmek amac\u0131yla HAT\u0130AB dernek merkezinde i\u015fbirli\u011fi anla\u015fmas\u0131 imzaland\u0131.<\/p>\n<p>\u0130mza t\u00f6reni, HAT\u0130AB Hatay \u0130\u015f Adamlar\u0131 ve B\u00fcrokratlar\u0131 Derne\u011fi Genel Ba\u015fkan\u0131 \u0130brahim G\u00fcder, HAT\u0130AB Ba\u015fkan Yard\u0131mc\u0131s\u0131 ve ORGE Elektrik CEO\u2019su Nevhan G\u00fcnd\u00fcz ve Western American Turkish Chamber of Commerce Bat\u0131 Amerikan T\u00fcrk Ticaret Odas\u0131 Genel Sekreteri Say\u0131n Melih kat\u0131l\u0131m\u0131yla ger\u00e7ekle\u015fti.<\/p>\n<h1><a href=\"https:\/\/nevhangunduz.com.tr\/?s=nevhan+gunduz\">Nevhan G\u00fcnd\u00fcz<\/a><\/h1>\n<h2><a href=\"https:\/\/nevhangunduz.com.tr\/?s=nevhan+gunduz\">Nevhan G\u00fcnd\u00fcz<\/a><\/h2>\n<h3><a href=\"https:\/\/nevhangunduz.com.tr\/?s=nevhan+gunduz\">Nevhan G\u00fcnd\u00fcz<\/a><\/h3>\n<h4><a href=\"https:\/\/nevhangunduz.com.tr\/?s=nevhan+gunduz\">Nevhan G\u00fcnd\u00fcz<\/a><\/h4>\n<h5><a href=\"https:\/\/nevhangunduz.com.tr\/?s=nevhan+gunduz\">Nevhan G\u00fcnd\u00fcz<\/a><\/h5>\n<h6><a href=\"https:\/\/nevhangunduz.com.tr\/?s=nevhan+gunduz\">Nevhan G\u00fcnd\u00fcz<\/a><\/h6>\n","protected":false},"excerpt":{"rendered":"<p>Western American Turkish Chamber of Commerce (Bat\u0131 Amerikan T\u00fcrk Ticaret Odas\u0131) ile HAT\u0130AB Hatay \u0130\u015f Adamlar\u0131 ve B\u00fcrokratlar\u0131 Derne\u011fi aras\u0131nda ekonomi, turizm ve k\u00fclt\u00fcrel ili\u015fkileri kar\u015f\u0131l\u0131kl\u0131 geli\u015ftirmek amac\u0131yla HAT\u0130AB dernek merkezinde i\u015fbirli\u011fi anla\u015fmas\u0131 imzaland\u0131. \u0130mza t\u00f6reni, HAT\u0130AB Hatay \u0130\u015f Adamlar\u0131 ve B\u00fcrokratlar\u0131 Derne\u011fi Genel Ba\u015fkan\u0131 \u0130brahim G\u00fcder, HAT\u0130AB Ba\u015fkan Yard\u0131mc\u0131s\u0131 ve ORGE Elektrik CEO\u2019su Nevhan G\u00fcnd\u00fcz ve Western American Turkish Chamber of Commerce Bat\u0131 Amerikan T\u00fcrk Ticaret Odas\u0131 Genel Sekreteri Say\u0131n Melih kat\u0131l\u0131m\u0131yla ger\u00e7ekle\u015fti. Nevhan G\u00fcnd\u00fcz Nevhan G\u00fcnd\u00fcz Nevhan G\u00fcnd\u00fcz Nevhan G\u00fcnd\u00fcz Nevhan G\u00fcnd\u00fcz Nevhan G\u00fcnd\u00fcz<\/p>\n","protected":false},"author":1,"featured_media":29,"comment_status":"open","ping_status":"open","sticky":false,"template":"","format":"standard","meta":{"footnotes":""},"categories":[17],"tags":[3,15,9,16],"class_list":["post-28","post","type-post","status-publish","format-standard","has-post-thumbnail","hentry","category-nevhan-gunduz-haberler","tag-nevhan-gunduz","tag-nevhan-gunduz-hatiab","tag-nevhan-gunduz-kimdir","tag-nevhan-gunduz-orge"],"yoast_head":"<!-- This site is optimized with the Yoast SEO plugin v27.9 - https:\/\/yoast.com\/product\/yoast-seo-wordpress\/ -->\n<title>Bat\u0131 Amerikan T\u00fcrk Ticaret Odas\u0131 ile i\u015fbirli\u011fi anla\u015fmas\u0131 - Nevhan G\u00fcnd\u00fcz<\/title>\n<meta name=\"robots\" content=\"index, follow, max-snippet:-1, max-image-preview:large, max-video-preview:-1\" \/>\n<link rel=\"canonical\" href=\"https:\/\/www.nevhangunduz.com.tr\/index.php\/2017\/01\/22\/bati-amerikan-turk-ticaret-odasi-ile-isbirligi-anlasmasi\/\" \/>\n<meta property=\"og:locale\" content=\"tr_TR\" \/>\n<meta property=\"og:type\" content=\"article\" \/>\n<meta property=\"og:title\" content=\"Bat\u0131 Amerikan T\u00fcrk Ticaret Odas\u0131 ile i\u015fbirli\u011fi anla\u015fmas\u0131 - Nevhan G\u00fcnd\u00fcz\" \/>\n<meta property=\"og:description\" content=\"Western American Turkish Chamber of Commerce (Bat\u0131 Amerikan T\u00fcrk Ticaret Odas\u0131) ile HAT\u0130AB Hatay \u0130\u015f Adamlar\u0131 ve B\u00fcrokratlar\u0131 Derne\u011fi aras\u0131nda ekonomi, turizm ve k\u00fclt\u00fcrel ili\u015fkileri kar\u015f\u0131l\u0131kl\u0131 geli\u015ftirmek amac\u0131yla HAT\u0130AB dernek merkezinde i\u015fbirli\u011fi anla\u015fmas\u0131 imzaland\u0131. \u0130mza t\u00f6reni, HAT\u0130AB Hatay \u0130\u015f Adamlar\u0131 ve B\u00fcrokratlar\u0131 Derne\u011fi Genel Ba\u015fkan\u0131 \u0130brahim G\u00fcder, HAT\u0130AB Ba\u015fkan Yard\u0131mc\u0131s\u0131 ve ORGE Elektrik CEO\u2019su Nevhan G\u00fcnd\u00fcz ve Western American Turkish Chamber of Commerce Bat\u0131 Amerikan T\u00fcrk Ticaret Odas\u0131 Genel Sekreteri Say\u0131n Melih kat\u0131l\u0131m\u0131yla ger\u00e7ekle\u015fti. Nevhan G\u00fcnd\u00fcz Nevhan G\u00fcnd\u00fcz Nevhan G\u00fcnd\u00fcz Nevhan G\u00fcnd\u00fcz Nevhan G\u00fcnd\u00fcz Nevhan G\u00fcnd\u00fcz\" \/>\n<meta property=\"og:url\" content=\"https:\/\/www.nevhangunduz.com.tr\/index.php\/2017\/01\/22\/bati-amerikan-turk-ticaret-odasi-ile-isbirligi-anlasmasi\/\" \/>\n<meta property=\"og:site_name\" content=\"Nevhan G\u00fcnd\u00fcz\" \/>\n<meta property=\"article:published_time\" content=\"2017-01-22T18:52:14+00:00\" \/>\n<meta property=\"og:image\" content=\"https:\/\/www.nevhangunduz.com.tr\/wp-content\/uploads\/2017\/01\/nevhan_gunduz-Bati-Amerikan-Turk-Ticaret-Odasi.jpg\" \/>\n\t<meta property=\"og:image:width\" content=\"1108\" \/>\n\t<meta property=\"og:image:height\" content=\"654\" \/>\n\t<meta property=\"og:image:type\" content=\"image\/jpeg\" \/>\n<meta name=\"author\" content=\"Nevhan G\u00fcnd\u00fcz\" \/>\n<meta name=\"twitter:card\" content=\"summary_large_image\" \/>\n<meta name=\"twitter:label1\" content=\"Yazan:\" \/>\n\t<meta name=\"twitter:data1\" content=\"Nevhan G\u00fcnd\u00fcz\" \/>\n\t<meta name=\"twitter:label2\" content=\"Tahmini okuma s\u00fcresi\" \/>\n\t<meta name=\"twitter:data2\" content=\"1 dakika\" \/>\n<script type=\"application\/ld+json\" class=\"yoast-schema-graph\">{\"@context\":\"https:\\\/\\\/schema.org\",\"@graph\":[{\"@type\":\"Article\",\"@id\":\"https:\\\/\\\/www.nevhangunduz.com.tr\\\/index.php\\\/2017\\\/01\\\/22\\\/bati-amerikan-turk-ticaret-odasi-ile-isbirligi-anlasmasi\\\/#article\",\"isPartOf\":{\"@id\":\"https:\\\/\\\/www.nevhangunduz.com.tr\\\/index.php\\\/2017\\\/01\\\/22\\\/bati-amerikan-turk-ticaret-odasi-ile-isbirligi-anlasmasi\\\/\"},\"author\":{\"name\":\"Nevhan G\u00fcnd\u00fcz\",\"@id\":\"https:\\\/\\\/www.nevhangunduz.com.tr\\\/#\\\/schema\\\/person\\\/daacf86fe79758fd3cd3416eafa012d3\"},\"headline\":\"Bat\u0131 Amerikan T\u00fcrk Ticaret Odas\u0131 ile i\u015fbirli\u011fi anla\u015fmas\u0131\",\"datePublished\":\"2017-01-22T18:52:14+00:00\",\"mainEntityOfPage\":{\"@id\":\"https:\\\/\\\/www.nevhangunduz.com.tr\\\/index.php\\\/2017\\\/01\\\/22\\\/bati-amerikan-turk-ticaret-odasi-ile-isbirligi-anlasmasi\\\/\"},\"wordCount\":144,\"commentCount\":0,\"image\":{\"@id\":\"https:\\\/\\\/www.nevhangunduz.com.tr\\\/index.php\\\/2017\\\/01\\\/22\\\/bati-amerikan-turk-ticaret-odasi-ile-isbirligi-anlasmasi\\\/#primaryimage\"},\"thumbnailUrl\":\"https:\\\/\\\/www.nevhangunduz.com.tr\\\/wp-content\\\/uploads\\\/2017\\\/01\\\/nevhan_gunduz-Bati-Amerikan-Turk-Ticaret-Odasi.jpg\",\"keywords\":[\"Nevhan G\u00fcnd\u00fcz\",\"Nevhan G\u00fcnd\u00fcz HAT\u0130AB\",\"Nevhan G\u00fcnd\u00fcz kimdir\",\"Nevhan G\u00fcnd\u00fcz ORGE\"],\"articleSection\":[\"Nevhan G\u00fcnd\u00fcz'den Haberler\"],\"inLanguage\":\"tr\",\"potentialAction\":[{\"@type\":\"CommentAction\",\"name\":\"Comment\",\"target\":[\"https:\\\/\\\/www.nevhangunduz.com.tr\\\/index.php\\\/2017\\\/01\\\/22\\\/bati-amerikan-turk-ticaret-odasi-ile-isbirligi-anlasmasi\\\/#respond\"]}]},{\"@type\":\"WebPage\",\"@id\":\"https:\\\/\\\/www.nevhangunduz.com.tr\\\/index.php\\\/2017\\\/01\\\/22\\\/bati-amerikan-turk-ticaret-odasi-ile-isbirligi-anlasmasi\\\/\",\"url\":\"https:\\\/\\\/www.nevhangunduz.com.tr\\\/index.php\\\/2017\\\/01\\\/22\\\/bati-amerikan-turk-ticaret-odasi-ile-isbirligi-anlasmasi\\\/\",\"name\":\"Bat\u0131 Amerikan T\u00fcrk Ticaret Odas\u0131 ile i\u015fbirli\u011fi anla\u015fmas\u0131 - Nevhan G\u00fcnd\u00fcz\",\"isPartOf\":{\"@id\":\"https:\\\/\\\/www.nevhangunduz.com.tr\\\/#website\"},\"primaryImageOfPage\":{\"@id\":\"https:\\\/\\\/www.nevhangunduz.com.tr\\\/index.php\\\/2017\\\/01\\\/22\\\/bati-amerikan-turk-ticaret-odasi-ile-isbirligi-anlasmasi\\\/#primaryimage\"},\"image\":{\"@id\":\"https:\\\/\\\/www.nevhangunduz.com.tr\\\/index.php\\\/2017\\\/01\\\/22\\\/bati-amerikan-turk-ticaret-odasi-ile-isbirligi-anlasmasi\\\/#primaryimage\"},\"thumbnailUrl\":\"https:\\\/\\\/www.nevhangunduz.com.tr\\\/wp-content\\\/uploads\\\/2017\\\/01\\\/nevhan_gunduz-Bati-Amerikan-Turk-Ticaret-Odasi.jpg\",\"datePublished\":\"2017-01-22T18:52:14+00:00\",\"author\":{\"@id\":\"https:\\\/\\\/www.nevhangunduz.com.tr\\\/#\\\/schema\\\/person\\\/daacf86fe79758fd3cd3416eafa012d3\"},\"breadcrumb\":{\"@id\":\"https:\\\/\\\/www.nevhangunduz.com.tr\\\/index.php\\\/2017\\\/01\\\/22\\\/bati-amerikan-turk-ticaret-odasi-ile-isbirligi-anlasmasi\\\/#breadcrumb\"},\"inLanguage\":\"tr\",\"potentialAction\":[{\"@type\":\"ReadAction\",\"target\":[\"https:\\\/\\\/www.nevhangunduz.com.tr\\\/index.php\\\/2017\\\/01\\\/22\\\/bati-amerikan-turk-ticaret-odasi-ile-isbirligi-anlasmasi\\\/\"]}]},{\"@type\":\"ImageObject\",\"inLanguage\":\"tr\",\"@id\":\"https:\\\/\\\/www.nevhangunduz.com.tr\\\/index.php\\\/2017\\\/01\\\/22\\\/bati-amerikan-turk-ticaret-odasi-ile-isbirligi-anlasmasi\\\/#primaryimage\",\"url\":\"https:\\\/\\\/www.nevhangunduz.com.tr\\\/wp-content\\\/uploads\\\/2017\\\/01\\\/nevhan_gunduz-Bati-Amerikan-Turk-Ticaret-Odasi.jpg\",\"contentUrl\":\"https:\\\/\\\/www.nevhangunduz.com.tr\\\/wp-content\\\/uploads\\\/2017\\\/01\\\/nevhan_gunduz-Bati-Amerikan-Turk-Ticaret-Odasi.jpg\",\"width\":1108,\"height\":654,\"caption\":\"Nevhan G\u00fcnd\u00fcz Bat\u0131 Amerikan T\u00fcrk Ticaret Odas\u0131 ile i\u015fbirli\u011fi anla\u015fmas\u0131\"},{\"@type\":\"BreadcrumbList\",\"@id\":\"https:\\\/\\\/www.nevhangunduz.com.tr\\\/index.php\\\/2017\\\/01\\\/22\\\/bati-amerikan-turk-ticaret-odasi-ile-isbirligi-anlasmasi\\\/#breadcrumb\",\"itemListElement\":[{\"@type\":\"ListItem\",\"position\":1,\"name\":\"Ana sayfa\",\"item\":\"https:\\\/\\\/www.nevhangunduz.com.tr\\\/\"},{\"@type\":\"ListItem\",\"position\":2,\"name\":\"Bat\u0131 Amerikan T\u00fcrk Ticaret Odas\u0131 ile i\u015fbirli\u011fi anla\u015fmas\u0131\"}]},{\"@type\":\"WebSite\",\"@id\":\"https:\\\/\\\/www.nevhangunduz.com.tr\\\/#website\",\"url\":\"https:\\\/\\\/www.nevhangunduz.com.tr\\\/\",\"name\":\"Nevhan G\u00fcnd\u00fcz\",\"description\":\"Nevhan G\u00fcnd\u00fcz Ki\u015fisel Web Sitesi\",\"potentialAction\":[{\"@type\":\"SearchAction\",\"target\":{\"@type\":\"EntryPoint\",\"urlTemplate\":\"https:\\\/\\\/www.nevhangunduz.com.tr\\\/?s={search_term_string}\"},\"query-input\":{\"@type\":\"PropertyValueSpecification\",\"valueRequired\":true,\"valueName\":\"search_term_string\"}}],\"inLanguage\":\"tr\"},{\"@type\":\"Person\",\"@id\":\"https:\\\/\\\/www.nevhangunduz.com.tr\\\/#\\\/schema\\\/person\\\/daacf86fe79758fd3cd3416eafa012d3\",\"name\":\"Nevhan G\u00fcnd\u00fcz\",\"sameAs\":[\"https:\\\/\\\/www.nevhangunduz.com.tr\"],\"url\":\"https:\\\/\\\/www.nevhangunduz.com.tr\\\/index.php\\\/author\\\/nevhan\\\/\"}]}<\/script>\n<!-- \/ Yoast SEO plugin. -->","yoast_head_json":{"title":"Bat\u0131 Amerikan T\u00fcrk Ticaret Odas\u0131 ile i\u015fbirli\u011fi anla\u015fmas\u0131 - Nevhan G\u00fcnd\u00fcz","robots":{"index":"index","follow":"follow","max-snippet":"max-snippet:-1","max-image-preview":"max-image-preview:large","max-video-preview":"max-video-preview:-1"},"canonical":"https:\/\/www.nevhangunduz.com.tr\/index.php\/2017\/01\/22\/bati-amerikan-turk-ticaret-odasi-ile-isbirligi-anlasmasi\/","og_locale":"tr_TR","og_type":"article","og_title":"Bat\u0131 Amerikan T\u00fcrk Ticaret Odas\u0131 ile i\u015fbirli\u011fi anla\u015fmas\u0131 - Nevhan G\u00fcnd\u00fcz","og_description":"Western American Turkish Chamber of Commerce (Bat\u0131 Amerikan T\u00fcrk Ticaret Odas\u0131) ile HAT\u0130AB Hatay \u0130\u015f Adamlar\u0131 ve B\u00fcrokratlar\u0131 Derne\u011fi aras\u0131nda ekonomi, turizm ve k\u00fclt\u00fcrel ili\u015fkileri kar\u015f\u0131l\u0131kl\u0131 geli\u015ftirmek amac\u0131yla HAT\u0130AB dernek merkezinde i\u015fbirli\u011fi anla\u015fmas\u0131 imzaland\u0131. \u0130mza t\u00f6reni, HAT\u0130AB Hatay \u0130\u015f Adamlar\u0131 ve B\u00fcrokratlar\u0131 Derne\u011fi Genel Ba\u015fkan\u0131 \u0130brahim G\u00fcder, HAT\u0130AB Ba\u015fkan Yard\u0131mc\u0131s\u0131 ve ORGE Elektrik CEO\u2019su Nevhan G\u00fcnd\u00fcz ve Western American Turkish Chamber of Commerce Bat\u0131 Amerikan T\u00fcrk Ticaret Odas\u0131 Genel Sekreteri Say\u0131n Melih kat\u0131l\u0131m\u0131yla ger\u00e7ekle\u015fti. Nevhan G\u00fcnd\u00fcz Nevhan G\u00fcnd\u00fcz Nevhan G\u00fcnd\u00fcz Nevhan G\u00fcnd\u00fcz Nevhan G\u00fcnd\u00fcz Nevhan G\u00fcnd\u00fcz","og_url":"https:\/\/www.nevhangunduz.com.tr\/index.php\/2017\/01\/22\/bati-amerikan-turk-ticaret-odasi-ile-isbirligi-anlasmasi\/","og_site_name":"Nevhan G\u00fcnd\u00fcz","article_published_time":"2017-01-22T18:52:14+00:00","og_image":[{"width":1108,"height":654,"url":"https:\/\/www.nevhangunduz.com.tr\/wp-content\/uploads\/2017\/01\/nevhan_gunduz-Bati-Amerikan-Turk-Ticaret-Odasi.jpg","type":"image\/jpeg"}],"author":"Nevhan G\u00fcnd\u00fcz","twitter_card":"summary_large_image","twitter_misc":{"Yazan:":"Nevhan G\u00fcnd\u00fcz","Tahmini okuma s\u00fcresi":"1 dakika"},"schema":{"@context":"https:\/\/schema.org","@graph":[{"@type":"Article","@id":"https:\/\/www.nevhangunduz.com.tr\/index.php\/2017\/01\/22\/bati-amerikan-turk-ticaret-odasi-ile-isbirligi-anlasmasi\/#article","isPartOf":{"@id":"https:\/\/www.nevhangunduz.com.tr\/index.php\/2017\/01\/22\/bati-amerikan-turk-ticaret-odasi-ile-isbirligi-anlasmasi\/"},"author":{"name":"Nevhan G\u00fcnd\u00fcz","@id":"https:\/\/www.nevhangunduz.com.tr\/#\/schema\/person\/daacf86fe79758fd3cd3416eafa012d3"},"headline":"Bat\u0131 Amerikan T\u00fcrk Ticaret Odas\u0131 ile i\u015fbirli\u011fi anla\u015fmas\u0131","datePublished":"2017-01-22T18:52:14+00:00","mainEntityOfPage":{"@id":"https:\/\/www.nevhangunduz.com.tr\/index.php\/2017\/01\/22\/bati-amerikan-turk-ticaret-odasi-ile-isbirligi-anlasmasi\/"},"wordCount":144,"commentCount":0,"image":{"@id":"https:\/\/www.nevhangunduz.com.tr\/index.php\/2017\/01\/22\/bati-amerikan-turk-ticaret-odasi-ile-isbirligi-anlasmasi\/#primaryimage"},"thumbnailUrl":"https:\/\/www.nevhangunduz.com.tr\/wp-content\/uploads\/2017\/01\/nevhan_gunduz-Bati-Amerikan-Turk-Ticaret-Odasi.jpg","keywords":["Nevhan G\u00fcnd\u00fcz","Nevhan G\u00fcnd\u00fcz HAT\u0130AB","Nevhan G\u00fcnd\u00fcz kimdir","Nevhan G\u00fcnd\u00fcz ORGE"],"articleSection":["Nevhan G\u00fcnd\u00fcz'den Haberler"],"inLanguage":"tr","potentialAction":[{"@type":"CommentAction","name":"Comment","target":["https:\/\/www.nevhangunduz.com.tr\/index.php\/2017\/01\/22\/bati-amerikan-turk-ticaret-odasi-ile-isbirligi-anlasmasi\/#respond"]}]},{"@type":"WebPage","@id":"https:\/\/www.nevhangunduz.com.tr\/index.php\/2017\/01\/22\/bati-amerikan-turk-ticaret-odasi-ile-isbirligi-anlasmasi\/","url":"https:\/\/www.nevhangunduz.com.tr\/index.php\/2017\/01\/22\/bati-amerikan-turk-ticaret-odasi-ile-isbirligi-anlasmasi\/","name":"Bat\u0131 Amerikan T\u00fcrk Ticaret Odas\u0131 ile i\u015fbirli\u011fi anla\u015fmas\u0131 - Nevhan G\u00fcnd\u00fcz","isPartOf":{"@id":"https:\/\/www.nevhangunduz.com.tr\/#website"},"primaryImageOfPage":{"@id":"https:\/\/www.nevhangunduz.com.tr\/index.php\/2017\/01\/22\/bati-amerikan-turk-ticaret-odasi-ile-isbirligi-anlasmasi\/#primaryimage"},"image":{"@id":"https:\/\/www.nevhangunduz.com.tr\/index.php\/2017\/01\/22\/bati-amerikan-turk-ticaret-odasi-ile-isbirligi-anlasmasi\/#primaryimage"},"thumbnailUrl":"https:\/\/www.nevhangunduz.com.tr\/wp-content\/uploads\/2017\/01\/nevhan_gunduz-Bati-Amerikan-Turk-Ticaret-Odasi.jpg","datePublished":"2017-01-22T18:52:14+00:00","author":{"@id":"https:\/\/www.nevhangunduz.com.tr\/#\/schema\/person\/daacf86fe79758fd3cd3416eafa012d3"},"breadcrumb":{"@id":"https:\/\/www.nevhangunduz.com.tr\/index.php\/2017\/01\/22\/bati-amerikan-turk-ticaret-odasi-ile-isbirligi-anlasmasi\/#breadcrumb"},"inLanguage":"tr","potentialAction":[{"@type":"ReadAction","target":["https:\/\/www.nevhangunduz.com.tr\/index.php\/2017\/01\/22\/bati-amerikan-turk-ticaret-odasi-ile-isbirligi-anlasmasi\/"]}]},{"@type":"ImageObject","inLanguage":"tr","@id":"https:\/\/www.nevhangunduz.com.tr\/index.php\/2017\/01\/22\/bati-amerikan-turk-ticaret-odasi-ile-isbirligi-anlasmasi\/#primaryimage","url":"https:\/\/www.nevhangunduz.com.tr\/wp-content\/uploads\/2017\/01\/nevhan_gunduz-Bati-Amerikan-Turk-Ticaret-Odasi.jpg","contentUrl":"https:\/\/www.nevhangunduz.com.tr\/wp-content\/uploads\/2017\/01\/nevhan_gunduz-Bati-Amerikan-Turk-Ticaret-Odasi.jpg","width":1108,"height":654,"caption":"Nevhan G\u00fcnd\u00fcz Bat\u0131 Amerikan T\u00fcrk Ticaret Odas\u0131 ile i\u015fbirli\u011fi anla\u015fmas\u0131"},{"@type":"BreadcrumbList","@id":"https:\/\/www.nevhangunduz.com.tr\/index.php\/2017\/01\/22\/bati-amerikan-turk-ticaret-odasi-ile-isbirligi-anlasmasi\/#breadcrumb","itemListElement":[{"@type":"ListItem","position":1,"name":"Ana sayfa","item":"https:\/\/www.nevhangunduz.com.tr\/"},{"@type":"ListItem","position":2,"name":"Bat\u0131 Amerikan T\u00fcrk Ticaret Odas\u0131 ile i\u015fbirli\u011fi anla\u015fmas\u0131"}]},{"@type":"WebSite","@id":"https:\/\/www.nevhangunduz.com.tr\/#website","url":"https:\/\/www.nevhangunduz.com.tr\/","name":"Nevhan G\u00fcnd\u00fcz","description":"Nevhan G\u00fcnd\u00fcz Ki\u015fisel Web Sitesi","potentialAction":[{"@type":"SearchAction","target":{"@type":"EntryPoint","urlTemplate":"https:\/\/www.nevhangunduz.com.tr\/?s={search_term_string}"},"query-input":{"@type":"PropertyValueSpecification","valueRequired":true,"valueName":"search_term_string"}}],"inLanguage":"tr"},{"@type":"Person","@id":"https:\/\/www.nevhangunduz.com.tr\/#\/schema\/person\/daacf86fe79758fd3cd3416eafa012d3","name":"Nevhan G\u00fcnd\u00fcz","sameAs":["https:\/\/www.nevhangunduz.com.tr"],"url":"https:\/\/www.nevhangunduz.com.tr\/index.php\/author\/nevhan\/"}]}},"_links":{"self":[{"href":"https:\/\/www.nevhangunduz.com.tr\/index.php\/wp-json\/wp\/v2\/posts\/28","targetHints":{"allow":["GET"]}}],"collection":[{"href":"https:\/\/www.nevhangunduz.com.tr\/index.php\/wp-json\/wp\/v2\/posts"}],"about":[{"href":"https:\/\/www.nevhangunduz.com.tr\/index.php\/wp-json\/wp\/v2\/types\/post"}],"author":[{"embeddable":true,"href":"https:\/\/www.nevhangunduz.com.tr\/index.php\/wp-json\/wp\/v2\/users\/1"}],"replies":[{"embeddable":true,"href":"https:\/\/www.nevhangunduz.com.tr\/index.php\/wp-json\/wp\/v2\/comments?post=28"}],"version-history":[{"count":0,"href":"https:\/\/www.nevhangunduz.com.tr\/index.php\/wp-json\/wp\/v2\/posts\/28\/revisions"}],"wp:featuredmedia":[{"embeddable":true,"href":"https:\/\/www.nevhangunduz.com.tr\/index.php\/wp-json\/wp\/v2\/media\/29"}],"wp:attachment":[{"href":"https:\/\/www.nevhangunduz.com.tr\/index.php\/wp-json\/wp\/v2\/media?parent=28"}],"wp:term":[{"taxonomy":"category","embeddable":true,"href":"https:\/\/www.nevhangunduz.com.tr\/index.php\/wp-json\/wp\/v2\/categories?post=28"},{"taxonomy":"post_tag","embeddable":true,"href":"https:\/\/www.nevhangunduz.com.tr\/index.php\/wp-json\/wp\/v2\/tags?post=28"}],"curies":[{"name":"wp","href":"https:\/\/api.w.org\/{rel}","templated":true}]}}