{"id":234,"date":"2017-03-08T02:53:17","date_gmt":"2017-03-07T23:53:17","guid":{"rendered":"http:\/\/nevhangunduz.com\/?p=234"},"modified":"2017-03-08T02:53:17","modified_gmt":"2017-03-07T23:53:17","slug":"tusiad-baskani-sayin-erol-bilecike-ziyaret","status":"publish","type":"post","link":"https:\/\/www.nevhangunduz.com.tr\/index.php\/2017\/03\/08\/tusiad-baskani-sayin-erol-bilecike-ziyaret\/","title":{"rendered":"Nevhan G\u00fcnd\u00fcz &#8211; T\u00dcS\u0130AD Ba\u015fkan\u0131 Say\u0131n Erol Bilecik&#8217;e Ziyaret"},"content":{"rendered":"<p>Nevhan G\u00fcnd\u00fcz &#8211; Hatay \u0130\u015f Adamlar\u0131 ve B\u00fcrokratlar\u0131 Derne\u011fi Y\u00f6netim Kurulu ve Y\u00fcksek \u0130sti\u015fare Kurulu \u00fcyelerinden T\u00dcS\u0130AD ba\u015fkan\u0131 say\u0131n Erol Bilecik&#8217;e hay\u0131rl\u0131 olsun ziyareti ger\u00e7ekle\u015ftirildi.<\/p>\n<p>Ziyarette HAT\u0130AB Genel Ba\u015fkan Yard\u0131mc\u0131s\u0131 ORGE Enerji A.\u015e. CEO&#8217;su say\u0131n <strong><a href=\"http:\/\/nevhangunduz.com\/nevhan-gunduz-kimdir-hayati\/\">Nevhan G\u00fcnd\u00fcz<\/a><\/strong>&#8216;de kat\u0131ld\u0131. Say\u0131n Erol Bilecik&#8217;e \u00e7al\u0131\u015fmalar\u0131nda ba\u015far\u0131lar diliyoruz.<\/p>\n<h2>Nevhan G\u00fcnd\u00fcz T\u00dcS\u0130AD Ziyareti Galeri<\/h2>\n\n\t\t<style type=\"text\/css\">\n\t\t\t#gallery-1 {\n\t\t\t\tmargin: auto;\n\t\t\t}\n\t\t\t#gallery-1 .gallery-item {\n\t\t\t\tfloat: left;\n\t\t\t\tmargin-top: 10px;\n\t\t\t\ttext-align: center;\n\t\t\t\twidth: 25%;\n\t\t\t}\n\t\t\t#gallery-1 img {\n\t\t\t\tborder: 2px solid #cfcfcf;\n\t\t\t}\n\t\t\t#gallery-1 .gallery-caption {\n\t\t\t\tmargin-left: 0;\n\t\t\t}\n\t\t\t\/* see gallery_shortcode() in wp-includes\/media.php *\/\n\t\t<\/style>\n\t\t<div id='gallery-1' class='gallery galleryid-234 gallery-columns-4 gallery-size-thumbnail'><dl class='gallery-item'>\n\t\t\t<dt class='gallery-icon landscape'>\n\t\t\t\t<a href='https:\/\/www.nevhangunduz.com.tr\/nevhangunduz-2-2\/'><img loading=\"lazy\" decoding=\"async\" width=\"150\" height=\"150\" src=\"https:\/\/www.nevhangunduz.com.tr\/wp-content\/uploads\/2017\/03\/nevhangunduz-2-150x150.jpg\" class=\"attachment-thumbnail size-thumbnail\" alt=\"Nevhan G\u00fcnd\u00fcz - T\u00dcS\u0130AD Ba\u015fkan\u0131 Say\u0131n Erol Bilecik&#039;e Ziyaret\" \/><\/a>\n\t\t\t<\/dt><\/dl><dl class='gallery-item'>\n\t\t\t<dt class='gallery-icon landscape'>\n\t\t\t\t<a href='https:\/\/www.nevhangunduz.com.tr\/nevhan-gunduz-2-3\/'><img loading=\"lazy\" decoding=\"async\" width=\"150\" height=\"150\" src=\"https:\/\/www.nevhangunduz.com.tr\/wp-content\/uploads\/2017\/03\/nevhan-gunduz-2-150x150.jpg\" class=\"attachment-thumbnail size-thumbnail\" alt=\"Nevhan G\u00fcnd\u00fcz - T\u00dcS\u0130AD Ba\u015fkan\u0131 Say\u0131n Erol Bilecik&#039;e Ziyaret\" \/><\/a>\n\t\t\t<\/dt><\/dl><dl class='gallery-item'>\n\t\t\t<dt class='gallery-icon landscape'>\n\t\t\t\t<a href='https:\/\/www.nevhangunduz.com.tr\/nevhangunduz-3-2\/'><img loading=\"lazy\" decoding=\"async\" width=\"150\" height=\"150\" src=\"https:\/\/www.nevhangunduz.com.tr\/wp-content\/uploads\/2017\/03\/nevhangunduz-3-150x150.jpg\" class=\"attachment-thumbnail size-thumbnail\" alt=\"Nevhan G\u00fcnd\u00fcz - T\u00dcS\u0130AD Ba\u015fkan\u0131 Say\u0131n Erol Bilecik&#039;e Ziyaret\" \/><\/a>\n\t\t\t<\/dt><\/dl><dl class='gallery-item'>\n\t\t\t<dt class='gallery-icon landscape'>\n\t\t\t\t<a href='https:\/\/www.nevhangunduz.com.tr\/nevhan-gunduz-3-3\/'><img loading=\"lazy\" decoding=\"async\" width=\"150\" height=\"150\" src=\"https:\/\/www.nevhangunduz.com.tr\/wp-content\/uploads\/2017\/03\/nevhan-gunduz-3-150x150.jpg\" class=\"attachment-thumbnail size-thumbnail\" alt=\"Nevhan G\u00fcnd\u00fcz - T\u00dcS\u0130AD Ba\u015fkan\u0131 Say\u0131n Erol Bilecik&#039;e Ziyaret\" \/><\/a>\n\t\t\t<\/dt><\/dl><br style=\"clear: both\" \/><dl class='gallery-item'>\n\t\t\t<dt class='gallery-icon landscape'>\n\t\t\t\t<a href='https:\/\/www.nevhangunduz.com.tr\/nevhan-gunduz-4-3\/'><img loading=\"lazy\" decoding=\"async\" width=\"150\" height=\"150\" src=\"https:\/\/www.nevhangunduz.com.tr\/wp-content\/uploads\/2017\/03\/nevhan-gunduz-4-150x150.jpg\" class=\"attachment-thumbnail size-thumbnail\" alt=\"Nevhan G\u00fcnd\u00fcz - T\u00dcS\u0130AD Ba\u015fkan\u0131 Say\u0131n Erol Bilecik&#039;e Ziyaret\" \/><\/a>\n\t\t\t<\/dt><\/dl><dl class='gallery-item'>\n\t\t\t<dt class='gallery-icon landscape'>\n\t\t\t\t<a href='https:\/\/www.nevhangunduz.com.tr\/nevhan-gunduz-5-3\/'><img loading=\"lazy\" decoding=\"async\" width=\"150\" height=\"150\" src=\"https:\/\/www.nevhangunduz.com.tr\/wp-content\/uploads\/2017\/03\/nevhan-gunduz-5-150x150.jpg\" class=\"attachment-thumbnail size-thumbnail\" alt=\"Nevhan G\u00fcnd\u00fcz - T\u00dcS\u0130AD Ba\u015fkan\u0131 Say\u0131n Erol Bilecik&#039;e Ziyaret\" \/><\/a>\n\t\t\t<\/dt><\/dl><dl class='gallery-item'>\n\t\t\t<dt class='gallery-icon landscape'>\n\t\t\t\t<a href='https:\/\/www.nevhangunduz.com.tr\/nevhan-gunduz-6-3\/'><img loading=\"lazy\" decoding=\"async\" width=\"150\" height=\"150\" src=\"https:\/\/www.nevhangunduz.com.tr\/wp-content\/uploads\/2017\/03\/nevhan-gunduz-6-150x150.jpg\" class=\"attachment-thumbnail size-thumbnail\" alt=\"Nevhan G\u00fcnd\u00fcz - T\u00dcS\u0130AD Ba\u015fkan\u0131 Say\u0131n Erol Bilecik&#039;e Ziyaret\" \/><\/a>\n\t\t\t<\/dt><\/dl><dl class='gallery-item'>\n\t\t\t<dt class='gallery-icon landscape'>\n\t\t\t\t<a href='https:\/\/www.nevhangunduz.com.tr\/nevhan-gunduz-7-2\/'><img loading=\"lazy\" decoding=\"async\" width=\"150\" height=\"150\" src=\"https:\/\/www.nevhangunduz.com.tr\/wp-content\/uploads\/2017\/03\/nevhan-gunduz-7-150x150.jpg\" class=\"attachment-thumbnail size-thumbnail\" alt=\"Nevhan G\u00fcnd\u00fcz - T\u00dcS\u0130AD Ba\u015fkan\u0131 Say\u0131n Erol Bilecik&#039;e Ziyaret\" \/><\/a>\n\t\t\t<\/dt><\/dl><br style=\"clear: both\" \/><dl class='gallery-item'>\n\t\t\t<dt class='gallery-icon landscape'>\n\t\t\t\t<a href='https:\/\/www.nevhangunduz.com.tr\/nevhan-gunduz-8-2\/'><img loading=\"lazy\" decoding=\"async\" width=\"150\" height=\"150\" src=\"https:\/\/www.nevhangunduz.com.tr\/wp-content\/uploads\/2017\/03\/nevhan-gunduz-8-150x150.jpg\" class=\"attachment-thumbnail size-thumbnail\" alt=\"Nevhan G\u00fcnd\u00fcz - T\u00dcS\u0130AD Ba\u015fkan\u0131 Say\u0131n Erol Bilecik&#039;e Ziyaret\" \/><\/a>\n\t\t\t<\/dt><\/dl><dl class='gallery-item'>\n\t\t\t<dt class='gallery-icon landscape'>\n\t\t\t\t<a href='https:\/\/www.nevhangunduz.com.tr\/nevhangunduz-8\/'><img loading=\"lazy\" decoding=\"async\" width=\"150\" height=\"150\" src=\"https:\/\/www.nevhangunduz.com.tr\/wp-content\/uploads\/2017\/03\/nevhangunduz-150x150.jpg\" class=\"attachment-thumbnail size-thumbnail\" alt=\"Nevhan G\u00fcnd\u00fcz - T\u00dcS\u0130AD Ba\u015fkan\u0131 Say\u0131n Erol Bilecik&#039;e Ziyaret\" \/><\/a>\n\t\t\t<\/dt><\/dl><dl class='gallery-item'>\n\t\t\t<dt class='gallery-icon landscape'>\n\t\t\t\t<a href='https:\/\/www.nevhangunduz.com.tr\/nevhan-gunduz-9\/'><img loading=\"lazy\" decoding=\"async\" width=\"150\" height=\"150\" src=\"https:\/\/www.nevhangunduz.com.tr\/wp-content\/uploads\/2017\/03\/nevhan-gunduz-150x150.jpg\" class=\"attachment-thumbnail size-thumbnail\" alt=\"Nevhan G\u00fcnd\u00fcz - T\u00dcS\u0130AD Ba\u015fkan\u0131 Say\u0131n Erol Bilecik&#039;e Ziyaret\" \/><\/a>\n\t\t\t<\/dt><\/dl><dl class='gallery-item'>\n\t\t\t<dt class='gallery-icon landscape'>\n\t\t\t\t<a href='https:\/\/www.nevhangunduz.com.tr\/nevhan-gunduz-hatiab-2\/'><img loading=\"lazy\" decoding=\"async\" width=\"150\" height=\"150\" src=\"https:\/\/www.nevhangunduz.com.tr\/wp-content\/uploads\/2017\/03\/nevhan-gunduz-hatiab-2-150x150.jpg\" class=\"attachment-thumbnail size-thumbnail\" alt=\"Nevhan G\u00fcnd\u00fcz - T\u00dcS\u0130AD Ba\u015fkan\u0131 Say\u0131n Erol Bilecik&#039;e Ziyaret\" \/><\/a>\n\t\t\t<\/dt><\/dl><br style=\"clear: both\" \/><dl class='gallery-item'>\n\t\t\t<dt class='gallery-icon landscape'>\n\t\t\t\t<a href='https:\/\/www.nevhangunduz.com.tr\/nevhan-gunduz-hatiab-3\/'><img loading=\"lazy\" decoding=\"async\" width=\"150\" height=\"150\" src=\"https:\/\/www.nevhangunduz.com.tr\/wp-content\/uploads\/2017\/03\/nevhan-gunduz-hatiab-3-150x150.jpg\" class=\"attachment-thumbnail size-thumbnail\" alt=\"Nevhan G\u00fcnd\u00fcz - T\u00dcS\u0130AD Ba\u015fkan\u0131 Say\u0131n Erol Bilecik&#039;e Ziyaret\" \/><\/a>\n\t\t\t<\/dt><\/dl><dl class='gallery-item'>\n\t\t\t<dt class='gallery-icon landscape'>\n\t\t\t\t<a href='https:\/\/www.nevhangunduz.com.tr\/nevhan-gunduz-hatiab-4\/'><img loading=\"lazy\" decoding=\"async\" width=\"150\" height=\"150\" src=\"https:\/\/www.nevhangunduz.com.tr\/wp-content\/uploads\/2017\/03\/nevhan-gunduz-hatiab-4-150x150.jpg\" class=\"attachment-thumbnail size-thumbnail\" alt=\"Nevhan G\u00fcnd\u00fcz - T\u00dcS\u0130AD Ba\u015fkan\u0131 Say\u0131n Erol Bilecik&#039;e Ziyaret\" \/><\/a>\n\t\t\t<\/dt><\/dl><dl class='gallery-item'>\n\t\t\t<dt class='gallery-icon landscape'>\n\t\t\t\t<a href='https:\/\/www.nevhangunduz.com.tr\/nevhan-gunduz-hatiab\/'><img loading=\"lazy\" decoding=\"async\" width=\"150\" height=\"150\" src=\"https:\/\/www.nevhangunduz.com.tr\/wp-content\/uploads\/2017\/03\/nevhan-gunduz-hatiab-150x150.jpg\" class=\"attachment-thumbnail size-thumbnail\" alt=\"Nevhan G\u00fcnd\u00fcz - T\u00dcS\u0130AD Ba\u015fkan\u0131 Say\u0131n Erol Bilecik&#039;e Ziyaret\" \/><\/a>\n\t\t\t<\/dt><\/dl><dl class='gallery-item'>\n\t\t\t<dt class='gallery-icon landscape'>\n\t\t\t\t<a href='https:\/\/www.nevhangunduz.com.tr\/nevhan-gunduz-tusiad-2\/'><img loading=\"lazy\" decoding=\"async\" width=\"150\" height=\"150\" src=\"https:\/\/www.nevhangunduz.com.tr\/wp-content\/uploads\/2017\/03\/nevhan-gunduz-tusiad-2-150x150.jpg\" class=\"attachment-thumbnail size-thumbnail\" alt=\"Nevhan G\u00fcnd\u00fcz - T\u00dcS\u0130AD Ba\u015fkan\u0131 Say\u0131n Erol Bilecik&#039;e Ziyaret\" \/><\/a>\n\t\t\t<\/dt><\/dl><br style=\"clear: both\" \/><dl class='gallery-item'>\n\t\t\t<dt class='gallery-icon portrait'>\n\t\t\t\t<a href='https:\/\/www.nevhangunduz.com.tr\/nevhan-gunduz-tusiad-3\/'><img loading=\"lazy\" decoding=\"async\" width=\"150\" height=\"150\" src=\"https:\/\/www.nevhangunduz.com.tr\/wp-content\/uploads\/2017\/03\/nevhan-gunduz-tusiad-3-150x150.jpg\" class=\"attachment-thumbnail size-thumbnail\" alt=\"Nevhan G\u00fcnd\u00fcz - T\u00dcS\u0130AD Ba\u015fkan\u0131 Say\u0131n Erol Bilecik&#039;e Ziyaret\" \/><\/a>\n\t\t\t<\/dt><\/dl><dl class='gallery-item'>\n\t\t\t<dt class='gallery-icon landscape'>\n\t\t\t\t<a href='https:\/\/www.nevhangunduz.com.tr\/nevhan-gunduz-tusiad-4\/'><img loading=\"lazy\" decoding=\"async\" width=\"150\" height=\"150\" src=\"https:\/\/www.nevhangunduz.com.tr\/wp-content\/uploads\/2017\/03\/nevhan-gunduz-tusiad-4-150x150.jpg\" class=\"attachment-thumbnail size-thumbnail\" alt=\"Nevhan G\u00fcnd\u00fcz - T\u00dcS\u0130AD Ba\u015fkan\u0131 Say\u0131n Erol Bilecik&#039;e Ziyaret\" \/><\/a>\n\t\t\t<\/dt><\/dl><dl class='gallery-item'>\n\t\t\t<dt class='gallery-icon landscape'>\n\t\t\t\t<a href='https:\/\/www.nevhangunduz.com.tr\/nevhan-gunduz-tusiad-5\/'><img loading=\"lazy\" decoding=\"async\" width=\"150\" height=\"150\" src=\"https:\/\/www.nevhangunduz.com.tr\/wp-content\/uploads\/2017\/03\/nevhan-gunduz-tusiad-5-150x150.jpg\" class=\"attachment-thumbnail size-thumbnail\" alt=\"Nevhan G\u00fcnd\u00fcz - T\u00dcS\u0130AD Ba\u015fkan\u0131 Say\u0131n Erol Bilecik&#039;e Ziyaret\" \/><\/a>\n\t\t\t<\/dt><\/dl><dl class='gallery-item'>\n\t\t\t<dt class='gallery-icon landscape'>\n\t\t\t\t<a href='https:\/\/www.nevhangunduz.com.tr\/nevhan-gunduz-tusiad-6\/'><img loading=\"lazy\" decoding=\"async\" width=\"150\" height=\"150\" src=\"https:\/\/www.nevhangunduz.com.tr\/wp-content\/uploads\/2017\/03\/nevhan-gunduz-tusiad-6-150x150.jpg\" class=\"attachment-thumbnail size-thumbnail\" alt=\"Nevhan G\u00fcnd\u00fcz - T\u00dcS\u0130AD Ba\u015fkan\u0131 Say\u0131n Erol Bilecik&#039;e Ziyaret\" \/><\/a>\n\t\t\t<\/dt><\/dl><br style=\"clear: both\" \/><dl class='gallery-item'>\n\t\t\t<dt class='gallery-icon landscape'>\n\t\t\t\t<a href='https:\/\/www.nevhangunduz.com.tr\/nevhan-gunduz-tusiad-7\/'><img loading=\"lazy\" decoding=\"async\" width=\"150\" height=\"150\" src=\"https:\/\/www.nevhangunduz.com.tr\/wp-content\/uploads\/2017\/03\/nevhan-gunduz-tusiad-7-150x150.jpg\" class=\"attachment-thumbnail size-thumbnail\" alt=\"Nevhan G\u00fcnd\u00fcz - T\u00dcS\u0130AD Ba\u015fkan\u0131 Say\u0131n Erol Bilecik&#039;e Ziyaret\" \/><\/a>\n\t\t\t<\/dt><\/dl><dl class='gallery-item'>\n\t\t\t<dt class='gallery-icon portrait'>\n\t\t\t\t<a href='https:\/\/www.nevhangunduz.com.tr\/nevhan-gunduz-tusiad-8\/'><img loading=\"lazy\" decoding=\"async\" width=\"150\" height=\"150\" src=\"https:\/\/www.nevhangunduz.com.tr\/wp-content\/uploads\/2017\/03\/nevhan-gunduz-tusiad-8-150x150.jpg\" class=\"attachment-thumbnail size-thumbnail\" alt=\"Nevhan G\u00fcnd\u00fcz - T\u00dcS\u0130AD Ba\u015fkan\u0131 Say\u0131n Erol Bilecik&#039;e Ziyaret\" \/><\/a>\n\t\t\t<\/dt><\/dl><dl class='gallery-item'>\n\t\t\t<dt class='gallery-icon portrait'>\n\t\t\t\t<a href='https:\/\/www.nevhangunduz.com.tr\/nevhan-gunduz-tusiad-9\/'><img loading=\"lazy\" decoding=\"async\" width=\"150\" height=\"150\" src=\"https:\/\/www.nevhangunduz.com.tr\/wp-content\/uploads\/2017\/03\/nevhan-gunduz-tusiad-9-150x150.jpg\" class=\"attachment-thumbnail size-thumbnail\" alt=\"Nevhan G\u00fcnd\u00fcz - T\u00dcS\u0130AD Ba\u015fkan\u0131 Say\u0131n Erol Bilecik&#039;e Ziyaret\" \/><\/a>\n\t\t\t<\/dt><\/dl><dl class='gallery-item'>\n\t\t\t<dt class='gallery-icon portrait'>\n\t\t\t\t<a href='https:\/\/www.nevhangunduz.com.tr\/nevhan-gunduz-tusiad-10\/'><img loading=\"lazy\" decoding=\"async\" width=\"150\" height=\"150\" src=\"https:\/\/www.nevhangunduz.com.tr\/wp-content\/uploads\/2017\/03\/nevhan-gunduz-tusiad-10-150x150.jpg\" class=\"attachment-thumbnail size-thumbnail\" alt=\"Nevhan G\u00fcnd\u00fcz - T\u00dcS\u0130AD Ba\u015fkan\u0131 Say\u0131n Erol Bilecik&#039;e Ziyaret\" \/><\/a>\n\t\t\t<\/dt><\/dl><br style=\"clear: both\" \/><dl class='gallery-item'>\n\t\t\t<dt class='gallery-icon landscape'>\n\t\t\t\t<a href='https:\/\/www.nevhangunduz.com.tr\/nevhan-gunduz-tusiad-11\/'><img loading=\"lazy\" decoding=\"async\" width=\"150\" height=\"150\" src=\"https:\/\/www.nevhangunduz.com.tr\/wp-content\/uploads\/2017\/03\/nevhan-gunduz-tusiad-11-150x150.jpg\" class=\"attachment-thumbnail size-thumbnail\" alt=\"Nevhan G\u00fcnd\u00fcz - T\u00dcS\u0130AD Ba\u015fkan\u0131 Say\u0131n Erol Bilecik&#039;e Ziyaret\" \/><\/a>\n\t\t\t<\/dt><\/dl><dl class='gallery-item'>\n\t\t\t<dt class='gallery-icon landscape'>\n\t\t\t\t<a href='https:\/\/www.nevhangunduz.com.tr\/nevhan-gunduz-tusiad-12\/'><img loading=\"lazy\" decoding=\"async\" width=\"150\" height=\"150\" src=\"https:\/\/www.nevhangunduz.com.tr\/wp-content\/uploads\/2017\/03\/nevhan-gunduz-tusiad-12-150x150.jpg\" class=\"attachment-thumbnail size-thumbnail\" alt=\"Nevhan G\u00fcnd\u00fcz - T\u00dcS\u0130AD Ba\u015fkan\u0131 Say\u0131n Erol Bilecik&#039;e Ziyaret\" \/><\/a>\n\t\t\t<\/dt><\/dl><dl class='gallery-item'>\n\t\t\t<dt class='gallery-icon landscape'>\n\t\t\t\t<a href='https:\/\/www.nevhangunduz.com.tr\/nevhan-gunduz-tusiad-13\/'><img loading=\"lazy\" decoding=\"async\" width=\"150\" height=\"150\" src=\"https:\/\/www.nevhangunduz.com.tr\/wp-content\/uploads\/2017\/03\/nevhan-gunduz-tusiad-150x150.jpg\" class=\"attachment-thumbnail size-thumbnail\" alt=\"Nevhan G\u00fcnd\u00fcz - T\u00dcS\u0130AD Ba\u015fkan\u0131 Say\u0131n Erol Bilecik&#039;e Ziyaret\" \/><\/a>\n\t\t\t<\/dt><\/dl><dl class='gallery-item'>\n\t\t\t<dt class='gallery-icon landscape'>\n\t\t\t\t<a href='https:\/\/www.nevhangunduz.com.tr\/nevhan-gunduz-tusiad-ziyareti-2\/'><img loading=\"lazy\" decoding=\"async\" width=\"150\" height=\"150\" src=\"https:\/\/www.nevhangunduz.com.tr\/wp-content\/uploads\/2017\/03\/nevhan-gunduz-tusiad-ziyareti-2-150x150.jpg\" class=\"attachment-thumbnail size-thumbnail\" alt=\"Nevhan G\u00fcnd\u00fcz - T\u00dcS\u0130AD Ba\u015fkan\u0131 Say\u0131n Erol Bilecik&#039;e Ziyaret\" \/><\/a>\n\t\t\t<\/dt><\/dl><br style=\"clear: both\" \/><dl class='gallery-item'>\n\t\t\t<dt class='gallery-icon landscape'>\n\t\t\t\t<a href='https:\/\/www.nevhangunduz.com.tr\/nevhan-gunduz-tusiad-ziyareti-3\/'><img loading=\"lazy\" decoding=\"async\" width=\"150\" height=\"150\" src=\"https:\/\/www.nevhangunduz.com.tr\/wp-content\/uploads\/2017\/03\/nevhan-gunduz-tusiad-ziyareti-3-150x150.jpg\" class=\"attachment-thumbnail size-thumbnail\" alt=\"Nevhan G\u00fcnd\u00fcz - T\u00dcS\u0130AD Ba\u015fkan\u0131 Say\u0131n Erol Bilecik&#039;e Ziyaret\" \/><\/a>\n\t\t\t<\/dt><\/dl><dl class='gallery-item'>\n\t\t\t<dt class='gallery-icon landscape'>\n\t\t\t\t<a href='https:\/\/www.nevhangunduz.com.tr\/nevhan-gunduz-tusiad-ziyareti-4\/'><img loading=\"lazy\" decoding=\"async\" width=\"150\" height=\"150\" src=\"https:\/\/www.nevhangunduz.com.tr\/wp-content\/uploads\/2017\/03\/nevhan-gunduz-tusiad-ziyareti-4-150x150.jpg\" class=\"attachment-thumbnail size-thumbnail\" alt=\"Nevhan G\u00fcnd\u00fcz - T\u00dcS\u0130AD Ba\u015fkan\u0131 Say\u0131n Erol Bilecik&#039;e Ziyaret\" \/><\/a>\n\t\t\t<\/dt><\/dl><dl class='gallery-item'>\n\t\t\t<dt class='gallery-icon landscape'>\n\t\t\t\t<a href='https:\/\/www.nevhangunduz.com.tr\/nevhan-gunduz-tusiad-ziyareti-5\/'><img loading=\"lazy\" decoding=\"async\" width=\"150\" height=\"150\" src=\"https:\/\/www.nevhangunduz.com.tr\/wp-content\/uploads\/2017\/03\/nevhan-gunduz-tusiad-ziyareti-5-150x150.jpg\" class=\"attachment-thumbnail size-thumbnail\" alt=\"Nevhan G\u00fcnd\u00fcz - T\u00dcS\u0130AD Ba\u015fkan\u0131 Say\u0131n Erol Bilecik&#039;e Ziyaret\" \/><\/a>\n\t\t\t<\/dt><\/dl><dl class='gallery-item'>\n\t\t\t<dt class='gallery-icon landscape'>\n\t\t\t\t<a href='https:\/\/www.nevhangunduz.com.tr\/nevhan-gunduz-tusiad-ziyareti-6\/'><img loading=\"lazy\" decoding=\"async\" width=\"150\" height=\"150\" src=\"https:\/\/www.nevhangunduz.com.tr\/wp-content\/uploads\/2017\/03\/nevhan-gunduz-tusiad-ziyareti-6-150x150.jpg\" class=\"attachment-thumbnail size-thumbnail\" alt=\"Nevhan G\u00fcnd\u00fcz - T\u00dcS\u0130AD Ba\u015fkan\u0131 Say\u0131n Erol Bilecik&#039;e Ziyaret\" \/><\/a>\n\t\t\t<\/dt><\/dl><br style=\"clear: both\" \/><dl class='gallery-item'>\n\t\t\t<dt class='gallery-icon landscape'>\n\t\t\t\t<a href='https:\/\/www.nevhangunduz.com.tr\/nevhan-gunduz-tusiad-ziyareti-7\/'><img loading=\"lazy\" decoding=\"async\" width=\"150\" height=\"150\" src=\"https:\/\/www.nevhangunduz.com.tr\/wp-content\/uploads\/2017\/03\/nevhan-gunduz-tusiad-ziyareti-7-150x150.jpg\" class=\"attachment-thumbnail size-thumbnail\" alt=\"Nevhan G\u00fcnd\u00fcz - T\u00dcS\u0130AD Ba\u015fkan\u0131 Say\u0131n Erol Bilecik&#039;e Ziyaret\" \/><\/a>\n\t\t\t<\/dt><\/dl><dl class='gallery-item'>\n\t\t\t<dt class='gallery-icon landscape'>\n\t\t\t\t<a href='https:\/\/www.nevhangunduz.com.tr\/nevhan-gunduz-tusiad-ziyareti-8\/'><img loading=\"lazy\" decoding=\"async\" width=\"150\" height=\"150\" src=\"https:\/\/www.nevhangunduz.com.tr\/wp-content\/uploads\/2017\/03\/nevhan-gunduz-tusiad-ziyareti-8-150x150.jpg\" class=\"attachment-thumbnail size-thumbnail\" alt=\"Nevhan G\u00fcnd\u00fcz - T\u00dcS\u0130AD Ba\u015fkan\u0131 Say\u0131n Erol Bilecik&#039;e Ziyaret\" \/><\/a>\n\t\t\t<\/dt><\/dl><dl class='gallery-item'>\n\t\t\t<dt class='gallery-icon landscape'>\n\t\t\t\t<a href='https:\/\/www.nevhangunduz.com.tr\/nevhangunduz-3-3\/'><img loading=\"lazy\" decoding=\"async\" width=\"150\" height=\"150\" src=\"https:\/\/www.nevhangunduz.com.tr\/wp-content\/uploads\/2017\/03\/nevhangunduz-3-1-150x150.jpg\" class=\"attachment-thumbnail size-thumbnail\" alt=\"Nevhan G\u00fcnd\u00fcz - T\u00dcS\u0130AD Ba\u015fkan\u0131 Say\u0131n Erol Bilecik&#039;e Ziyaret\" \/><\/a>\n\t\t\t<\/dt><\/dl><dl class='gallery-item'>\n\t\t\t<dt class='gallery-icon landscape'>\n\t\t\t\t<a href='https:\/\/www.nevhangunduz.com.tr\/nevhangunduz-4-2\/'><img loading=\"lazy\" decoding=\"async\" width=\"150\" height=\"150\" src=\"https:\/\/www.nevhangunduz.com.tr\/wp-content\/uploads\/2017\/03\/nevhangunduz-4-150x150.jpg\" class=\"attachment-thumbnail size-thumbnail\" alt=\"Nevhan G\u00fcnd\u00fcz - T\u00dcS\u0130AD Ba\u015fkan\u0131 Say\u0131n Erol Bilecik&#039;e Ziyaret\" \/><\/a>\n\t\t\t<\/dt><\/dl><br style=\"clear: both\" \/><dl class='gallery-item'>\n\t\t\t<dt class='gallery-icon landscape'>\n\t\t\t\t<a href='https:\/\/www.nevhangunduz.com.tr\/nevhangunduz-5-2\/'><img loading=\"lazy\" decoding=\"async\" width=\"150\" height=\"150\" src=\"https:\/\/www.nevhangunduz.com.tr\/wp-content\/uploads\/2017\/03\/nevhangunduz-5-150x150.jpg\" class=\"attachment-thumbnail size-thumbnail\" alt=\"Nevhan G\u00fcnd\u00fcz - T\u00dcS\u0130AD Ba\u015fkan\u0131 Say\u0131n Erol Bilecik&#039;e Ziyaret\" \/><\/a>\n\t\t\t<\/dt><\/dl><dl class='gallery-item'>\n\t\t\t<dt class='gallery-icon landscape'>\n\t\t\t\t<a href='https:\/\/www.nevhangunduz.com.tr\/nevhangunduz-6-2\/'><img loading=\"lazy\" decoding=\"async\" width=\"150\" height=\"150\" src=\"https:\/\/www.nevhangunduz.com.tr\/wp-content\/uploads\/2017\/03\/nevhangunduz-6-150x150.jpg\" class=\"attachment-thumbnail size-thumbnail\" alt=\"Nevhan G\u00fcnd\u00fcz - T\u00dcS\u0130AD Ba\u015fkan\u0131 Say\u0131n Erol Bilecik&#039;e Ziyaret\" \/><\/a>\n\t\t\t<\/dt><\/dl><dl class='gallery-item'>\n\t\t\t<dt class='gallery-icon landscape'>\n\t\t\t\t<a href='https:\/\/www.nevhangunduz.com.tr\/nevhangunduz-9\/'><img loading=\"lazy\" decoding=\"async\" width=\"150\" height=\"150\" src=\"https:\/\/www.nevhangunduz.com.tr\/wp-content\/uploads\/2017\/03\/nevhangunduz-1-150x150.jpg\" class=\"attachment-thumbnail size-thumbnail\" alt=\"Nevhan G\u00fcnd\u00fcz - T\u00dcS\u0130AD Ba\u015fkan\u0131 Say\u0131n Erol Bilecik&#039;e Ziyaret\" \/><\/a>\n\t\t\t<\/dt><\/dl>\n\t\t\t<br style='clear: both' \/>\n\t\t<\/div>\n\n\n\n<h2 class=\"wp-block-heading\">T\u00dcS\u0130AD ba\u015fkan\u0131 Erol Bilecik kimdir, <\/h2>\n\n\n\n<p>1962 y\u0131l\u0131nda Antakya\u2019da do\u011fan Erol Bilecik, ilk, orta ve lise \u00f6\u011frenimini yine Antakya\u2019da tamamlad\u0131. 1987\u2019de \u0130stanbul Teknik \u00dcniversitesi Bilgisayar M\u00fchendisli\u011fi B\u00f6l\u00fcm\u00fc\u2019nden mezun olarak T\u00fcrkiye\u2019nin ilk bilgisayar m\u00fchendisleri aras\u0131nda yer ald\u0131.1989 y\u0131l\u0131nda \u0130ndeks Bilgisayar A.\u015e.\u2019yi kuran Erol Bilecik, firman\u0131n genel m\u00fcd\u00fcrl\u00fck g\u00f6revini de \u00fcstlendi. T\u00fcrkiye genelinde bilgisayar firmalar\u0131na, ihtiya\u00e7 duyduklar\u0131 teknoloji \u00fcr\u00fcnlerinin tedarik merkezi olma amac\u0131yla faaliyet g\u00f6steren \u0130ndeks Bilgisayar A.\u015e., 200\u2019den fazla d\u00fcnya markas\u0131n\u0131n \u00fcr\u00fcnlerini 8.000\u2019den fazla i\u015f orta\u011f\u0131 kanal\u0131yla T\u00fcrkiye\u2019deki bireysel ve kurumsal t\u00fcketicilerle bulu\u015fturuyor.<\/p>\n\n\n\n<p>Erol Bilecik, halen Index Grup b\u00fcnyesindeki \u0130ndeks Bilgisayar A.\u015e., Despec A.\u015e., Datagate A.\u015e., Art\u0131m A.\u015e., Neteks A.\u015e, Teklos A.\u015e. ve Homend A.\u015e.\u2019nin CEO ve Y\u00f6netim Kurulu Ba\u015fkanl\u0131\u011f\u0131n\u0131 yapmaktad\u0131r.<\/p>\n\n\n\n<p>Erol Bilecik y\u00f6netiminde, Index Grup \u015firketlerinden \u0130ndeks Bilgisayar 2004 y\u0131l\u0131nda, Datagate Bilgisayar 2006 y\u0131l\u0131nda, Despec Bilgisayar ise 2010 y\u0131l\u0131nda BIST\u2019te halka a\u00e7\u0131lm\u0131\u015flard\u0131r. Erol Bilecik, Grup \u015eirketleri vas\u0131tas\u0131yla sekt\u00f6re ve \u00fclkemize be\u015f kez yabanc\u0131 stratejik ortak ve sermaye giri\u015fi ger\u00e7ekle\u015fmesine katk\u0131da bulunmu\u015ftur.<\/p>\n\n\n\n<p>Bilecik 2002-2005 y\u0131llar\u0131 aras\u0131nda, T\u00fcrk bilgisayar sekt\u00f6r\u00fcndeki en eski sivil toplum kurulu\u015flar\u0131ndan biri olan T\u00dcB\u0130SAD\u2019\u0131n (T\u00fcrkiye Bili\u015fim Sanayicileri ve \u0130\u015fadamlar\u0131 Derne\u011fi) ve 2010-2014 d\u00f6nemleri aras\u0131nda \u0130T\u00dc Mezunlar Derne\u011fi\u2019nin Ba\u015fkanl\u0131\u011f\u0131n\u0131 yapm\u0131\u015ft\u0131r. Halen bir \u00e7ok sivil toplum \u00f6rg\u00fct\u00fcn\u00fcn y\u00f6netimlerinde yer almaktad\u0131r.<\/p>\n\n\n\n<p>Erol Bilecik, e\u011fitim alan\u0131na verdi\u011fi destek ve yapt\u0131\u011f\u0131 katk\u0131lar dolay\u0131s\u0131yla 15 Temmuz 2010 tarihinde TBMM \u00dcst\u00fcn Hizmet Madalyas\u0131 ile \u00f6d\u00fcllendirilmi\u015ftir.<\/p>\n\n\n\n<p>T\u00dcS\u0130AD\u2019\u0131n 12 Ocak 2017 tarihinde ger\u00e7ekle\u015fen 47. Ola\u011fan Genel Kurulu\u2019nda Y\u00f6netim Kurulu Ba\u015fkanl\u0131\u011f\u0131&#8217;na se\u00e7ilmi\u015ftir.<\/p>\n\n\n\n<p>Evli ve 2 \u00e7ocuk babas\u0131d\u0131r.\n\n<\/p>\n\n\n\n<p> <\/p>\n\n\n\n<h1 class=\"wp-block-heading\">Nevhan G\u00fcnd\u00fcz Kimdir ?<\/h1>\n\n\n\n<p>1975 y\u0131l\u0131nda Hatay\u2019da do\u011fmu\u015f olup, ortaokul ve lise tahsilini \u0130stanbul \u00d6zel Semiha \u015eakir Lisesi\u2019nde, \u00fcniversite e\u011fitimini New York Institute of Technology\u2019de tamamlam\u0131\u015ft\u0131r. E\u011fitim hayat\u0131n\u0131 tamamlad\u0131ktan sonra, elektrik ve enerji sekt\u00f6r\u00fcnde \u00e7al\u0131\u015fmalara ba\u015flam\u0131\u015ft\u0131r.<\/p>\n\n\n\n<p>Yenilenebilir enerji sekt\u00f6r\u00fcnde kat\u0131 at\u0131klar\u0131n bertaraf\u0131 ve ekonomiye geri kazan\u0131m\u0131 konusunda 1998 y\u0131l\u0131ndan itibaren yo\u011fun \u00e7al\u0131\u015fmalarda bulunmu\u015f, yurtd\u0131\u015f\u0131nda yayg\u0131n yenilenebilir enerji teknolojilerinin T\u00fcrkiye\u2019ye tan\u0131t\u0131lmas\u0131 ve getirilmesi konular\u0131nda \u00e7al\u0131\u015fmalarda bulunmu\u015ftur.<\/p>\n\n\n\n<p>1998 y\u0131l\u0131na kadar orta\u011f\u0131 ve y\u00f6netim kurulu \u00fcyesi oldu\u011fu G\u00fcnd\u00fcz Elektrik Metal \u0130n\u015faat Malzemeleri Tic. ve San. A.\u015e.\u2019de \u00e7al\u0131\u015fmalarda bulunmu\u015f, bu tarihten itibaren ise kurucu orta\u011f\u0131 oldu\u011fu ORGE Enerji Elektrik Taahh\u00fct A.\u015e.\u2019de Y\u00f6netim Kurulu Ba\u015fkan Yard\u0131mc\u0131s\u0131 ve CEO\u2019luk g\u00f6revlerini s\u00fcrd\u00fcrmektedir.<\/p>\n\n\n\n<p class=\"has-drop-cap\">\u0130stanbul\u2019da ya\u015fayan ve iki \u00e7ocuk sahibi olan&nbsp;<strong>Nevhan G\u00fcnd\u00fcz<\/strong>&nbsp;ayn\u0131 zamanda HAT\u0130AB (Hatay \u0130\u015f Adamlar\u0131 ve B\u00fcrokratlar\u0131 Derne\u011fi) Ba\u015fkan Yard\u0131mc\u0131s\u0131 ve Y\u00f6netim Kurulu \u00dcyesidir. <\/p>\n","protected":false},"excerpt":{"rendered":"<p>Nevhan G\u00fcnd\u00fcz &#8211; Hatay \u0130\u015f Adamlar\u0131 ve B\u00fcrokratlar\u0131 Derne\u011fi Y\u00f6netim Kurulu ve Y\u00fcksek \u0130sti\u015fare Kurulu \u00fcyelerinden T\u00dcS\u0130AD ba\u015fkan\u0131 say\u0131n Erol Bilecik&#8217;e hay\u0131rl\u0131 olsun ziyareti ger\u00e7ekle\u015ftirildi.<\/p>\n","protected":false},"author":1,"featured_media":260,"comment_status":"open","ping_status":"open","sticky":false,"template":"","format":"standard","meta":{"footnotes":""},"categories":[17],"tags":[30,3,4,5,6,7,8,9,10,11,12,13,14,31],"class_list":["post-234","post","type-post","status-publish","format-standard","has-post-thumbnail","hentry","category-nevhan-gunduz-haberler","tag-erol-bileceik","tag-nevhan-gunduz","tag-nevhan-gunduz-bloomberg","tag-nevhan-gunduz-buyuk-klub","tag-nevhan-gunduz-canli-yayin","tag-nevhan-gunduz-gazete-haberleri","tag-nevhan-gunduz-hayati","tag-nevhan-gunduz-kimdir","tag-nevhan-gunduz-meslek-egitimi","tag-nevhan-gunduz-metro","tag-nevhan-gunduz-sunum","tag-nevhan-gunduz-tusiad","tag-nevhan-gunduz-tv-roportaji","tag-tusiad-baskani"],"yoast_head":"<!-- This site is optimized with the Yoast SEO plugin v27.9 - https:\/\/yoast.com\/product\/yoast-seo-wordpress\/ -->\n<title>Nevhan G\u00fcnd\u00fcz&#039;den T\u00dcS\u0130AD Ba\u015fkan\u0131 Say\u0131n Erol Bilecik&#039;e Ziyaret<\/title>\n<meta name=\"description\" content=\"Nevhan G\u00fcnd\u00fcz&#039;den Hatay \u0130\u015f Adamlar\u0131 ve B\u00fcrokratlar\u0131 Derne\u011fi Y\u00f6netim Kurulu ve Y\u00fcksek \u0130sti\u015fare Kurulu \u00fcyelerinden T\u00dcS\u0130AD ba\u015fkan\u0131 say\u0131n Erol Bilecik&#039;e hay\u0131rl\u0131\" \/>\n<meta name=\"robots\" content=\"index, follow, max-snippet:-1, max-image-preview:large, max-video-preview:-1\" \/>\n<link rel=\"canonical\" href=\"https:\/\/www.nevhangunduz.com.tr\/index.php\/2017\/03\/08\/tusiad-baskani-sayin-erol-bilecike-ziyaret\/\" \/>\n<meta property=\"og:locale\" content=\"tr_TR\" \/>\n<meta property=\"og:type\" content=\"article\" \/>\n<meta property=\"og:title\" content=\"Nevhan G\u00fcnd\u00fcz&#039;den T\u00dcS\u0130AD Ba\u015fkan\u0131 Say\u0131n Erol Bilecik&#039;e Ziyaret\" \/>\n<meta property=\"og:description\" content=\"Nevhan G\u00fcnd\u00fcz&#039;den Hatay \u0130\u015f Adamlar\u0131 ve B\u00fcrokratlar\u0131 Derne\u011fi Y\u00f6netim Kurulu ve Y\u00fcksek \u0130sti\u015fare Kurulu \u00fcyelerinden T\u00dcS\u0130AD ba\u015fkan\u0131 say\u0131n Erol Bilecik&#039;e hay\u0131rl\u0131\" \/>\n<meta property=\"og:url\" content=\"https:\/\/www.nevhangunduz.com.tr\/index.php\/2017\/03\/08\/tusiad-baskani-sayin-erol-bilecike-ziyaret\/\" \/>\n<meta property=\"og:site_name\" content=\"Nevhan G\u00fcnd\u00fcz\" \/>\n<meta property=\"article:published_time\" content=\"2017-03-07T23:53:17+00:00\" \/>\n<meta property=\"og:image\" content=\"https:\/\/www.nevhangunduz.com.tr\/wp-content\/uploads\/2017\/03\/nevhan-gunduz-tusiad-12.jpg\" \/>\n\t<meta property=\"og:image:width\" content=\"1280\" \/>\n\t<meta property=\"og:image:height\" content=\"960\" \/>\n\t<meta property=\"og:image:type\" content=\"image\/jpeg\" \/>\n<meta name=\"author\" content=\"Nevhan G\u00fcnd\u00fcz\" \/>\n<meta name=\"twitter:card\" content=\"summary_large_image\" \/>\n<meta name=\"twitter:label1\" content=\"Yazan:\" \/>\n\t<meta name=\"twitter:data1\" content=\"Nevhan G\u00fcnd\u00fcz\" \/>\n\t<meta name=\"twitter:label2\" content=\"Tahmini okuma s\u00fcresi\" \/>\n\t<meta name=\"twitter:data2\" content=\"3 dakika\" \/>\n<script type=\"application\/ld+json\" class=\"yoast-schema-graph\">{\"@context\":\"https:\\\/\\\/schema.org\",\"@graph\":[{\"@type\":\"Article\",\"@id\":\"https:\\\/\\\/www.nevhangunduz.com.tr\\\/index.php\\\/2017\\\/03\\\/08\\\/tusiad-baskani-sayin-erol-bilecike-ziyaret\\\/#article\",\"isPartOf\":{\"@id\":\"https:\\\/\\\/www.nevhangunduz.com.tr\\\/index.php\\\/2017\\\/03\\\/08\\\/tusiad-baskani-sayin-erol-bilecike-ziyaret\\\/\"},\"author\":{\"name\":\"Nevhan G\u00fcnd\u00fcz\",\"@id\":\"https:\\\/\\\/www.nevhangunduz.com.tr\\\/#\\\/schema\\\/person\\\/daacf86fe79758fd3cd3416eafa012d3\"},\"headline\":\"Nevhan G\u00fcnd\u00fcz &#8211; T\u00dcS\u0130AD Ba\u015fkan\u0131 Say\u0131n Erol Bilecik&#8217;e Ziyaret\",\"datePublished\":\"2017-03-07T23:53:17+00:00\",\"mainEntityOfPage\":{\"@id\":\"https:\\\/\\\/www.nevhangunduz.com.tr\\\/index.php\\\/2017\\\/03\\\/08\\\/tusiad-baskani-sayin-erol-bilecike-ziyaret\\\/\"},\"wordCount\":625,\"commentCount\":0,\"image\":{\"@id\":\"https:\\\/\\\/www.nevhangunduz.com.tr\\\/index.php\\\/2017\\\/03\\\/08\\\/tusiad-baskani-sayin-erol-bilecike-ziyaret\\\/#primaryimage\"},\"thumbnailUrl\":\"https:\\\/\\\/www.nevhangunduz.com.tr\\\/wp-content\\\/uploads\\\/2017\\\/03\\\/nevhan-gunduz-tusiad-12.jpg\",\"keywords\":[\"erol bileceik\",\"Nevhan G\u00fcnd\u00fcz\",\"Nevhan G\u00fcnd\u00fcz Bloomberg\",\"Nevhan G\u00fcnd\u00fcz B\u00fcy\u00fck Klub\",\"Nevhan G\u00fcnd\u00fcz Canl\u0131 Yay\u0131n\",\"Nevhan G\u00fcnd\u00fcz Gazete Haberleri\",\"Nevhan G\u00fcnd\u00fcz Hayat\u0131\",\"Nevhan G\u00fcnd\u00fcz kimdir\",\"Nevhan G\u00fcnd\u00fcz meslek egitimi\",\"Nevhan G\u00fcnd\u00fcz Metro\",\"nevhan g\u00fcnd\u00fcz sunum\",\"nevhan g\u00fcnd\u00fcz t\u00fcsiad\",\"Nevhan G\u00fcnd\u00fcz TV R\u00f6portaj\u0131\",\"t\u00fcsiad ba\u015fkan\u0131\"],\"articleSection\":[\"Nevhan G\u00fcnd\u00fcz'den Haberler\"],\"inLanguage\":\"tr\",\"potentialAction\":[{\"@type\":\"CommentAction\",\"name\":\"Comment\",\"target\":[\"https:\\\/\\\/www.nevhangunduz.com.tr\\\/index.php\\\/2017\\\/03\\\/08\\\/tusiad-baskani-sayin-erol-bilecike-ziyaret\\\/#respond\"]}]},{\"@type\":\"WebPage\",\"@id\":\"https:\\\/\\\/www.nevhangunduz.com.tr\\\/index.php\\\/2017\\\/03\\\/08\\\/tusiad-baskani-sayin-erol-bilecike-ziyaret\\\/\",\"url\":\"https:\\\/\\\/www.nevhangunduz.com.tr\\\/index.php\\\/2017\\\/03\\\/08\\\/tusiad-baskani-sayin-erol-bilecike-ziyaret\\\/\",\"name\":\"Nevhan G\u00fcnd\u00fcz'den T\u00dcS\u0130AD Ba\u015fkan\u0131 Say\u0131n Erol Bilecik'e Ziyaret\",\"isPartOf\":{\"@id\":\"https:\\\/\\\/www.nevhangunduz.com.tr\\\/#website\"},\"primaryImageOfPage\":{\"@id\":\"https:\\\/\\\/www.nevhangunduz.com.tr\\\/index.php\\\/2017\\\/03\\\/08\\\/tusiad-baskani-sayin-erol-bilecike-ziyaret\\\/#primaryimage\"},\"image\":{\"@id\":\"https:\\\/\\\/www.nevhangunduz.com.tr\\\/index.php\\\/2017\\\/03\\\/08\\\/tusiad-baskani-sayin-erol-bilecike-ziyaret\\\/#primaryimage\"},\"thumbnailUrl\":\"https:\\\/\\\/www.nevhangunduz.com.tr\\\/wp-content\\\/uploads\\\/2017\\\/03\\\/nevhan-gunduz-tusiad-12.jpg\",\"datePublished\":\"2017-03-07T23:53:17+00:00\",\"author\":{\"@id\":\"https:\\\/\\\/www.nevhangunduz.com.tr\\\/#\\\/schema\\\/person\\\/daacf86fe79758fd3cd3416eafa012d3\"},\"description\":\"Nevhan G\u00fcnd\u00fcz'den Hatay \u0130\u015f Adamlar\u0131 ve B\u00fcrokratlar\u0131 Derne\u011fi Y\u00f6netim Kurulu ve Y\u00fcksek \u0130sti\u015fare Kurulu \u00fcyelerinden T\u00dcS\u0130AD ba\u015fkan\u0131 say\u0131n Erol Bilecik'e hay\u0131rl\u0131\",\"breadcrumb\":{\"@id\":\"https:\\\/\\\/www.nevhangunduz.com.tr\\\/index.php\\\/2017\\\/03\\\/08\\\/tusiad-baskani-sayin-erol-bilecike-ziyaret\\\/#breadcrumb\"},\"inLanguage\":\"tr\",\"potentialAction\":[{\"@type\":\"ReadAction\",\"target\":[\"https:\\\/\\\/www.nevhangunduz.com.tr\\\/index.php\\\/2017\\\/03\\\/08\\\/tusiad-baskani-sayin-erol-bilecike-ziyaret\\\/\"]}]},{\"@type\":\"ImageObject\",\"inLanguage\":\"tr\",\"@id\":\"https:\\\/\\\/www.nevhangunduz.com.tr\\\/index.php\\\/2017\\\/03\\\/08\\\/tusiad-baskani-sayin-erol-bilecike-ziyaret\\\/#primaryimage\",\"url\":\"https:\\\/\\\/www.nevhangunduz.com.tr\\\/wp-content\\\/uploads\\\/2017\\\/03\\\/nevhan-gunduz-tusiad-12.jpg\",\"contentUrl\":\"https:\\\/\\\/www.nevhangunduz.com.tr\\\/wp-content\\\/uploads\\\/2017\\\/03\\\/nevhan-gunduz-tusiad-12.jpg\",\"width\":1280,\"height\":960,\"caption\":\"Nevhan G\u00fcnd\u00fcz - T\u00dcS\u0130AD Ba\u015fkan\u0131 Say\u0131n Erol Bilecik'e Ziyaret\"},{\"@type\":\"BreadcrumbList\",\"@id\":\"https:\\\/\\\/www.nevhangunduz.com.tr\\\/index.php\\\/2017\\\/03\\\/08\\\/tusiad-baskani-sayin-erol-bilecike-ziyaret\\\/#breadcrumb\",\"itemListElement\":[{\"@type\":\"ListItem\",\"position\":1,\"name\":\"Ana sayfa\",\"item\":\"https:\\\/\\\/www.nevhangunduz.com.tr\\\/\"},{\"@type\":\"ListItem\",\"position\":2,\"name\":\"Nevhan G\u00fcnd\u00fcz &#8211; T\u00dcS\u0130AD Ba\u015fkan\u0131 Say\u0131n Erol Bilecik&#8217;e Ziyaret\"}]},{\"@type\":\"WebSite\",\"@id\":\"https:\\\/\\\/www.nevhangunduz.com.tr\\\/#website\",\"url\":\"https:\\\/\\\/www.nevhangunduz.com.tr\\\/\",\"name\":\"Nevhan G\u00fcnd\u00fcz\",\"description\":\"Nevhan G\u00fcnd\u00fcz Ki\u015fisel Web Sitesi\",\"potentialAction\":[{\"@type\":\"SearchAction\",\"target\":{\"@type\":\"EntryPoint\",\"urlTemplate\":\"https:\\\/\\\/www.nevhangunduz.com.tr\\\/?s={search_term_string}\"},\"query-input\":{\"@type\":\"PropertyValueSpecification\",\"valueRequired\":true,\"valueName\":\"search_term_string\"}}],\"inLanguage\":\"tr\"},{\"@type\":\"Person\",\"@id\":\"https:\\\/\\\/www.nevhangunduz.com.tr\\\/#\\\/schema\\\/person\\\/daacf86fe79758fd3cd3416eafa012d3\",\"name\":\"Nevhan G\u00fcnd\u00fcz\",\"sameAs\":[\"https:\\\/\\\/www.nevhangunduz.com.tr\"],\"url\":\"https:\\\/\\\/www.nevhangunduz.com.tr\\\/index.php\\\/author\\\/nevhan\\\/\"}]}<\/script>\n<!-- \/ Yoast SEO plugin. -->","yoast_head_json":{"title":"Nevhan G\u00fcnd\u00fcz'den T\u00dcS\u0130AD Ba\u015fkan\u0131 Say\u0131n Erol Bilecik'e Ziyaret","description":"Nevhan G\u00fcnd\u00fcz'den Hatay \u0130\u015f Adamlar\u0131 ve B\u00fcrokratlar\u0131 Derne\u011fi Y\u00f6netim Kurulu ve Y\u00fcksek \u0130sti\u015fare Kurulu \u00fcyelerinden T\u00dcS\u0130AD ba\u015fkan\u0131 say\u0131n Erol Bilecik'e hay\u0131rl\u0131","robots":{"index":"index","follow":"follow","max-snippet":"max-snippet:-1","max-image-preview":"max-image-preview:large","max-video-preview":"max-video-preview:-1"},"canonical":"https:\/\/www.nevhangunduz.com.tr\/index.php\/2017\/03\/08\/tusiad-baskani-sayin-erol-bilecike-ziyaret\/","og_locale":"tr_TR","og_type":"article","og_title":"Nevhan G\u00fcnd\u00fcz'den T\u00dcS\u0130AD Ba\u015fkan\u0131 Say\u0131n Erol Bilecik'e Ziyaret","og_description":"Nevhan G\u00fcnd\u00fcz'den Hatay \u0130\u015f Adamlar\u0131 ve B\u00fcrokratlar\u0131 Derne\u011fi Y\u00f6netim Kurulu ve Y\u00fcksek \u0130sti\u015fare Kurulu \u00fcyelerinden T\u00dcS\u0130AD ba\u015fkan\u0131 say\u0131n Erol Bilecik'e hay\u0131rl\u0131","og_url":"https:\/\/www.nevhangunduz.com.tr\/index.php\/2017\/03\/08\/tusiad-baskani-sayin-erol-bilecike-ziyaret\/","og_site_name":"Nevhan G\u00fcnd\u00fcz","article_published_time":"2017-03-07T23:53:17+00:00","og_image":[{"width":1280,"height":960,"url":"https:\/\/www.nevhangunduz.com.tr\/wp-content\/uploads\/2017\/03\/nevhan-gunduz-tusiad-12.jpg","type":"image\/jpeg"}],"author":"Nevhan G\u00fcnd\u00fcz","twitter_card":"summary_large_image","twitter_misc":{"Yazan:":"Nevhan G\u00fcnd\u00fcz","Tahmini okuma s\u00fcresi":"3 dakika"},"schema":{"@context":"https:\/\/schema.org","@graph":[{"@type":"Article","@id":"https:\/\/www.nevhangunduz.com.tr\/index.php\/2017\/03\/08\/tusiad-baskani-sayin-erol-bilecike-ziyaret\/#article","isPartOf":{"@id":"https:\/\/www.nevhangunduz.com.tr\/index.php\/2017\/03\/08\/tusiad-baskani-sayin-erol-bilecike-ziyaret\/"},"author":{"name":"Nevhan G\u00fcnd\u00fcz","@id":"https:\/\/www.nevhangunduz.com.tr\/#\/schema\/person\/daacf86fe79758fd3cd3416eafa012d3"},"headline":"Nevhan G\u00fcnd\u00fcz &#8211; T\u00dcS\u0130AD Ba\u015fkan\u0131 Say\u0131n Erol Bilecik&#8217;e Ziyaret","datePublished":"2017-03-07T23:53:17+00:00","mainEntityOfPage":{"@id":"https:\/\/www.nevhangunduz.com.tr\/index.php\/2017\/03\/08\/tusiad-baskani-sayin-erol-bilecike-ziyaret\/"},"wordCount":625,"commentCount":0,"image":{"@id":"https:\/\/www.nevhangunduz.com.tr\/index.php\/2017\/03\/08\/tusiad-baskani-sayin-erol-bilecike-ziyaret\/#primaryimage"},"thumbnailUrl":"https:\/\/www.nevhangunduz.com.tr\/wp-content\/uploads\/2017\/03\/nevhan-gunduz-tusiad-12.jpg","keywords":["erol bileceik","Nevhan G\u00fcnd\u00fcz","Nevhan G\u00fcnd\u00fcz Bloomberg","Nevhan G\u00fcnd\u00fcz B\u00fcy\u00fck Klub","Nevhan G\u00fcnd\u00fcz Canl\u0131 Yay\u0131n","Nevhan G\u00fcnd\u00fcz Gazete Haberleri","Nevhan G\u00fcnd\u00fcz Hayat\u0131","Nevhan G\u00fcnd\u00fcz kimdir","Nevhan G\u00fcnd\u00fcz meslek egitimi","Nevhan G\u00fcnd\u00fcz Metro","nevhan g\u00fcnd\u00fcz sunum","nevhan g\u00fcnd\u00fcz t\u00fcsiad","Nevhan G\u00fcnd\u00fcz TV R\u00f6portaj\u0131","t\u00fcsiad ba\u015fkan\u0131"],"articleSection":["Nevhan G\u00fcnd\u00fcz'den Haberler"],"inLanguage":"tr","potentialAction":[{"@type":"CommentAction","name":"Comment","target":["https:\/\/www.nevhangunduz.com.tr\/index.php\/2017\/03\/08\/tusiad-baskani-sayin-erol-bilecike-ziyaret\/#respond"]}]},{"@type":"WebPage","@id":"https:\/\/www.nevhangunduz.com.tr\/index.php\/2017\/03\/08\/tusiad-baskani-sayin-erol-bilecike-ziyaret\/","url":"https:\/\/www.nevhangunduz.com.tr\/index.php\/2017\/03\/08\/tusiad-baskani-sayin-erol-bilecike-ziyaret\/","name":"Nevhan G\u00fcnd\u00fcz'den T\u00dcS\u0130AD Ba\u015fkan\u0131 Say\u0131n Erol Bilecik'e Ziyaret","isPartOf":{"@id":"https:\/\/www.nevhangunduz.com.tr\/#website"},"primaryImageOfPage":{"@id":"https:\/\/www.nevhangunduz.com.tr\/index.php\/2017\/03\/08\/tusiad-baskani-sayin-erol-bilecike-ziyaret\/#primaryimage"},"image":{"@id":"https:\/\/www.nevhangunduz.com.tr\/index.php\/2017\/03\/08\/tusiad-baskani-sayin-erol-bilecike-ziyaret\/#primaryimage"},"thumbnailUrl":"https:\/\/www.nevhangunduz.com.tr\/wp-content\/uploads\/2017\/03\/nevhan-gunduz-tusiad-12.jpg","datePublished":"2017-03-07T23:53:17+00:00","author":{"@id":"https:\/\/www.nevhangunduz.com.tr\/#\/schema\/person\/daacf86fe79758fd3cd3416eafa012d3"},"description":"Nevhan G\u00fcnd\u00fcz'den Hatay \u0130\u015f Adamlar\u0131 ve B\u00fcrokratlar\u0131 Derne\u011fi Y\u00f6netim Kurulu ve Y\u00fcksek \u0130sti\u015fare Kurulu \u00fcyelerinden T\u00dcS\u0130AD ba\u015fkan\u0131 say\u0131n Erol Bilecik'e hay\u0131rl\u0131","breadcrumb":{"@id":"https:\/\/www.nevhangunduz.com.tr\/index.php\/2017\/03\/08\/tusiad-baskani-sayin-erol-bilecike-ziyaret\/#breadcrumb"},"inLanguage":"tr","potentialAction":[{"@type":"ReadAction","target":["https:\/\/www.nevhangunduz.com.tr\/index.php\/2017\/03\/08\/tusiad-baskani-sayin-erol-bilecike-ziyaret\/"]}]},{"@type":"ImageObject","inLanguage":"tr","@id":"https:\/\/www.nevhangunduz.com.tr\/index.php\/2017\/03\/08\/tusiad-baskani-sayin-erol-bilecike-ziyaret\/#primaryimage","url":"https:\/\/www.nevhangunduz.com.tr\/wp-content\/uploads\/2017\/03\/nevhan-gunduz-tusiad-12.jpg","contentUrl":"https:\/\/www.nevhangunduz.com.tr\/wp-content\/uploads\/2017\/03\/nevhan-gunduz-tusiad-12.jpg","width":1280,"height":960,"caption":"Nevhan G\u00fcnd\u00fcz - T\u00dcS\u0130AD Ba\u015fkan\u0131 Say\u0131n Erol Bilecik'e Ziyaret"},{"@type":"BreadcrumbList","@id":"https:\/\/www.nevhangunduz.com.tr\/index.php\/2017\/03\/08\/tusiad-baskani-sayin-erol-bilecike-ziyaret\/#breadcrumb","itemListElement":[{"@type":"ListItem","position":1,"name":"Ana sayfa","item":"https:\/\/www.nevhangunduz.com.tr\/"},{"@type":"ListItem","position":2,"name":"Nevhan G\u00fcnd\u00fcz &#8211; T\u00dcS\u0130AD Ba\u015fkan\u0131 Say\u0131n Erol Bilecik&#8217;e Ziyaret"}]},{"@type":"WebSite","@id":"https:\/\/www.nevhangunduz.com.tr\/#website","url":"https:\/\/www.nevhangunduz.com.tr\/","name":"Nevhan G\u00fcnd\u00fcz","description":"Nevhan G\u00fcnd\u00fcz Ki\u015fisel Web Sitesi","potentialAction":[{"@type":"SearchAction","target":{"@type":"EntryPoint","urlTemplate":"https:\/\/www.nevhangunduz.com.tr\/?s={search_term_string}"},"query-input":{"@type":"PropertyValueSpecification","valueRequired":true,"valueName":"search_term_string"}}],"inLanguage":"tr"},{"@type":"Person","@id":"https:\/\/www.nevhangunduz.com.tr\/#\/schema\/person\/daacf86fe79758fd3cd3416eafa012d3","name":"Nevhan G\u00fcnd\u00fcz","sameAs":["https:\/\/www.nevhangunduz.com.tr"],"url":"https:\/\/www.nevhangunduz.com.tr\/index.php\/author\/nevhan\/"}]}},"_links":{"self":[{"href":"https:\/\/www.nevhangunduz.com.tr\/index.php\/wp-json\/wp\/v2\/posts\/234","targetHints":{"allow":["GET"]}}],"collection":[{"href":"https:\/\/www.nevhangunduz.com.tr\/index.php\/wp-json\/wp\/v2\/posts"}],"about":[{"href":"https:\/\/www.nevhangunduz.com.tr\/index.php\/wp-json\/wp\/v2\/types\/post"}],"author":[{"embeddable":true,"href":"https:\/\/www.nevhangunduz.com.tr\/index.php\/wp-json\/wp\/v2\/users\/1"}],"replies":[{"embeddable":true,"href":"https:\/\/www.nevhangunduz.com.tr\/index.php\/wp-json\/wp\/v2\/comments?post=234"}],"version-history":[{"count":0,"href":"https:\/\/www.nevhangunduz.com.tr\/index.php\/wp-json\/wp\/v2\/posts\/234\/revisions"}],"wp:featuredmedia":[{"embeddable":true,"href":"https:\/\/www.nevhangunduz.com.tr\/index.php\/wp-json\/wp\/v2\/media\/260"}],"wp:attachment":[{"href":"https:\/\/www.nevhangunduz.com.tr\/index.php\/wp-json\/wp\/v2\/media?parent=234"}],"wp:term":[{"taxonomy":"category","embeddable":true,"href":"https:\/\/www.nevhangunduz.com.tr\/index.php\/wp-json\/wp\/v2\/categories?post=234"},{"taxonomy":"post_tag","embeddable":true,"href":"https:\/\/www.nevhangunduz.com.tr\/index.php\/wp-json\/wp\/v2\/tags?post=234"}],"curies":[{"name":"wp","href":"https:\/\/api.w.org\/{rel}","templated":true}]}}