{"id":129,"date":"2017-01-22T21:45:14","date_gmt":"2017-01-22T18:45:14","guid":{"rendered":"https:\/\/nevhangunduz.com.tr\/?p=21"},"modified":"2017-01-22T21:45:14","modified_gmt":"2017-01-22T18:45:14","slug":"hatay-il-emniyet-muduru-sayin-ali-dogan-uludagin-ziyareti","status":"publish","type":"post","link":"https:\/\/www.nevhangunduz.com.tr\/index.php\/2017\/01\/22\/hatay-il-emniyet-muduru-sayin-ali-dogan-uludagin-ziyareti\/","title":{"rendered":"Hatay \u0130l Emniyet M\u00fcd\u00fcr\u00fc Say\u0131n Ali Do\u011fan Uluda\u011f\u2019\u0131n ziyareti"},"content":{"rendered":"<p>Hatay \u0130l Emniyet M\u00fcd\u00fcr\u00fc Say\u0131n Ali Do\u011fan Uluda\u011f HAT\u0130AB Hatay \u0130\u015f Adamlar\u0131 ve B\u00fcrokratlar\u0131 Derne\u011fi Genel merkezine nezaket ziyaretinde bulundu. HAT\u0130AB Genel Ba\u015fkan\u0131 \u0130brahim G\u00fcder ve ORGE Elektrik CEO\u2019su ve HAT\u0130AB Ba\u015fkan Yard\u0131mc\u0131s\u0131 Nevhan G\u00fcnd\u00fcz ile bir araya geldi.<\/p>\n<h1><a href=\"https:\/\/nevhangunduz.com.tr\/?s=nevhan+gunduz\">Nevhan G\u00fcnd\u00fcz<\/a><\/h1>\n<h2><a href=\"https:\/\/nevhangunduz.com.tr\/?s=nevhan+gunduz\">Nevhan G\u00fcnd\u00fcz<\/a><\/h2>\n<h3><a href=\"https:\/\/nevhangunduz.com.tr\/?s=nevhan+gunduz\">Nevhan G\u00fcnd\u00fcz<\/a><\/h3>\n<h4><a href=\"https:\/\/nevhangunduz.com.tr\/?s=nevhan+gunduz\">Nevhan G\u00fcnd\u00fcz<\/a><\/h4>\n<h5><a href=\"https:\/\/nevhangunduz.com.tr\/?s=nevhan+gunduz\">Nevhan G\u00fcnd\u00fcz<\/a><\/h5>\n<h6><a href=\"https:\/\/nevhangunduz.com.tr\/?s=nevhan+gunduz\">Nevhan G\u00fcnd\u00fcz<\/a><\/h6>\n","protected":false},"excerpt":{"rendered":"<p>Hatay \u0130l Emniyet M\u00fcd\u00fcr\u00fc Say\u0131n Ali Do\u011fan Uluda\u011f HAT\u0130AB Hatay \u0130\u015f Adamlar\u0131 ve B\u00fcrokratlar\u0131 Derne\u011fi Genel merkezine nezaket ziyaretinde bulundu. HAT\u0130AB Genel Ba\u015fkan\u0131 \u0130brahim G\u00fcder ve ORGE Elektrik CEO\u2019su ve HAT\u0130AB Ba\u015fkan Yard\u0131mc\u0131s\u0131 Nevhan G\u00fcnd\u00fcz ile bir araya geldi. Nevhan G\u00fcnd\u00fcz Nevhan G\u00fcnd\u00fcz Nevhan G\u00fcnd\u00fcz Nevhan G\u00fcnd\u00fcz Nevhan G\u00fcnd\u00fcz Nevhan G\u00fcnd\u00fcz<\/p>\n","protected":false},"author":1,"featured_media":26,"comment_status":"open","ping_status":"open","sticky":false,"template":"","format":"standard","meta":{"footnotes":""},"categories":[17],"tags":[3,15,9,16],"class_list":["post-129","post","type-post","status-publish","format-standard","has-post-thumbnail","hentry","category-nevhan-gunduz-haberler","tag-nevhan-gunduz","tag-nevhan-gunduz-hatiab","tag-nevhan-gunduz-kimdir","tag-nevhan-gunduz-orge"],"yoast_head":"<!-- This site is optimized with the Yoast SEO plugin v27.9 - https:\/\/yoast.com\/product\/yoast-seo-wordpress\/ -->\n<title>Hatay \u0130l Emniyet M\u00fcd\u00fcr\u00fc Say\u0131n Ali Do\u011fan Uluda\u011f\u2019\u0131n ziyareti - Nevhan G\u00fcnd\u00fcz<\/title>\n<meta name=\"robots\" content=\"index, follow, max-snippet:-1, max-image-preview:large, max-video-preview:-1\" \/>\n<link rel=\"canonical\" href=\"https:\/\/www.nevhangunduz.com.tr\/index.php\/2017\/01\/22\/hatay-il-emniyet-muduru-sayin-ali-dogan-uludagin-ziyareti\/\" \/>\n<meta property=\"og:locale\" content=\"tr_TR\" \/>\n<meta property=\"og:type\" content=\"article\" \/>\n<meta property=\"og:title\" content=\"Hatay \u0130l Emniyet M\u00fcd\u00fcr\u00fc Say\u0131n Ali Do\u011fan Uluda\u011f\u2019\u0131n ziyareti - Nevhan G\u00fcnd\u00fcz\" \/>\n<meta property=\"og:description\" content=\"Hatay \u0130l Emniyet M\u00fcd\u00fcr\u00fc Say\u0131n Ali Do\u011fan Uluda\u011f HAT\u0130AB Hatay \u0130\u015f Adamlar\u0131 ve B\u00fcrokratlar\u0131 Derne\u011fi Genel merkezine nezaket ziyaretinde bulundu. HAT\u0130AB Genel Ba\u015fkan\u0131 \u0130brahim G\u00fcder ve ORGE Elektrik CEO\u2019su ve HAT\u0130AB Ba\u015fkan Yard\u0131mc\u0131s\u0131 Nevhan G\u00fcnd\u00fcz ile bir araya geldi. Nevhan G\u00fcnd\u00fcz Nevhan G\u00fcnd\u00fcz Nevhan G\u00fcnd\u00fcz Nevhan G\u00fcnd\u00fcz Nevhan G\u00fcnd\u00fcz Nevhan G\u00fcnd\u00fcz\" \/>\n<meta property=\"og:url\" content=\"https:\/\/www.nevhangunduz.com.tr\/index.php\/2017\/01\/22\/hatay-il-emniyet-muduru-sayin-ali-dogan-uludagin-ziyareti\/\" \/>\n<meta property=\"og:site_name\" content=\"Nevhan G\u00fcnd\u00fcz\" \/>\n<meta property=\"article:published_time\" content=\"2017-01-22T18:45:14+00:00\" \/>\n<meta property=\"og:image\" content=\"https:\/\/www.nevhangunduz.com.tr\/wp-content\/uploads\/2017\/01\/nevhan_gunduz-hatay-il-emniyet-muduru.jpg\" \/>\n\t<meta property=\"og:image:width\" content=\"1077\" \/>\n\t<meta property=\"og:image:height\" content=\"610\" \/>\n\t<meta property=\"og:image:type\" content=\"image\/jpeg\" \/>\n<meta name=\"author\" content=\"Nevhan G\u00fcnd\u00fcz\" \/>\n<meta name=\"twitter:card\" content=\"summary_large_image\" \/>\n<meta name=\"twitter:label1\" content=\"Yazan:\" \/>\n\t<meta name=\"twitter:data1\" content=\"Nevhan G\u00fcnd\u00fcz\" \/>\n<script type=\"application\/ld+json\" class=\"yoast-schema-graph\">{\"@context\":\"https:\\\/\\\/schema.org\",\"@graph\":[{\"@type\":\"Article\",\"@id\":\"https:\\\/\\\/www.nevhangunduz.com.tr\\\/index.php\\\/2017\\\/01\\\/22\\\/hatay-il-emniyet-muduru-sayin-ali-dogan-uludagin-ziyareti\\\/#article\",\"isPartOf\":{\"@id\":\"https:\\\/\\\/www.nevhangunduz.com.tr\\\/index.php\\\/2017\\\/01\\\/22\\\/hatay-il-emniyet-muduru-sayin-ali-dogan-uludagin-ziyareti\\\/\"},\"author\":{\"name\":\"Nevhan G\u00fcnd\u00fcz\",\"@id\":\"https:\\\/\\\/www.nevhangunduz.com.tr\\\/#\\\/schema\\\/person\\\/daacf86fe79758fd3cd3416eafa012d3\"},\"headline\":\"Hatay \u0130l Emniyet M\u00fcd\u00fcr\u00fc Say\u0131n Ali Do\u011fan Uluda\u011f\u2019\u0131n ziyareti\",\"datePublished\":\"2017-01-22T18:45:14+00:00\",\"mainEntityOfPage\":{\"@id\":\"https:\\\/\\\/www.nevhangunduz.com.tr\\\/index.php\\\/2017\\\/01\\\/22\\\/hatay-il-emniyet-muduru-sayin-ali-dogan-uludagin-ziyareti\\\/\"},\"wordCount\":93,\"commentCount\":0,\"image\":{\"@id\":\"https:\\\/\\\/www.nevhangunduz.com.tr\\\/index.php\\\/2017\\\/01\\\/22\\\/hatay-il-emniyet-muduru-sayin-ali-dogan-uludagin-ziyareti\\\/#primaryimage\"},\"thumbnailUrl\":\"https:\\\/\\\/www.nevhangunduz.com.tr\\\/wp-content\\\/uploads\\\/2017\\\/01\\\/nevhan_gunduz-hatay-il-emniyet-muduru.jpg\",\"keywords\":[\"Nevhan G\u00fcnd\u00fcz\",\"Nevhan G\u00fcnd\u00fcz HAT\u0130AB\",\"Nevhan G\u00fcnd\u00fcz kimdir\",\"Nevhan G\u00fcnd\u00fcz ORGE\"],\"articleSection\":[\"Nevhan G\u00fcnd\u00fcz'den Haberler\"],\"inLanguage\":\"tr\",\"potentialAction\":[{\"@type\":\"CommentAction\",\"name\":\"Comment\",\"target\":[\"https:\\\/\\\/www.nevhangunduz.com.tr\\\/index.php\\\/2017\\\/01\\\/22\\\/hatay-il-emniyet-muduru-sayin-ali-dogan-uludagin-ziyareti\\\/#respond\"]}]},{\"@type\":\"WebPage\",\"@id\":\"https:\\\/\\\/www.nevhangunduz.com.tr\\\/index.php\\\/2017\\\/01\\\/22\\\/hatay-il-emniyet-muduru-sayin-ali-dogan-uludagin-ziyareti\\\/\",\"url\":\"https:\\\/\\\/www.nevhangunduz.com.tr\\\/index.php\\\/2017\\\/01\\\/22\\\/hatay-il-emniyet-muduru-sayin-ali-dogan-uludagin-ziyareti\\\/\",\"name\":\"Hatay \u0130l Emniyet M\u00fcd\u00fcr\u00fc Say\u0131n Ali Do\u011fan Uluda\u011f\u2019\u0131n ziyareti - Nevhan G\u00fcnd\u00fcz\",\"isPartOf\":{\"@id\":\"https:\\\/\\\/www.nevhangunduz.com.tr\\\/#website\"},\"primaryImageOfPage\":{\"@id\":\"https:\\\/\\\/www.nevhangunduz.com.tr\\\/index.php\\\/2017\\\/01\\\/22\\\/hatay-il-emniyet-muduru-sayin-ali-dogan-uludagin-ziyareti\\\/#primaryimage\"},\"image\":{\"@id\":\"https:\\\/\\\/www.nevhangunduz.com.tr\\\/index.php\\\/2017\\\/01\\\/22\\\/hatay-il-emniyet-muduru-sayin-ali-dogan-uludagin-ziyareti\\\/#primaryimage\"},\"thumbnailUrl\":\"https:\\\/\\\/www.nevhangunduz.com.tr\\\/wp-content\\\/uploads\\\/2017\\\/01\\\/nevhan_gunduz-hatay-il-emniyet-muduru.jpg\",\"datePublished\":\"2017-01-22T18:45:14+00:00\",\"author\":{\"@id\":\"https:\\\/\\\/www.nevhangunduz.com.tr\\\/#\\\/schema\\\/person\\\/daacf86fe79758fd3cd3416eafa012d3\"},\"breadcrumb\":{\"@id\":\"https:\\\/\\\/www.nevhangunduz.com.tr\\\/index.php\\\/2017\\\/01\\\/22\\\/hatay-il-emniyet-muduru-sayin-ali-dogan-uludagin-ziyareti\\\/#breadcrumb\"},\"inLanguage\":\"tr\",\"potentialAction\":[{\"@type\":\"ReadAction\",\"target\":[\"https:\\\/\\\/www.nevhangunduz.com.tr\\\/index.php\\\/2017\\\/01\\\/22\\\/hatay-il-emniyet-muduru-sayin-ali-dogan-uludagin-ziyareti\\\/\"]}]},{\"@type\":\"ImageObject\",\"inLanguage\":\"tr\",\"@id\":\"https:\\\/\\\/www.nevhangunduz.com.tr\\\/index.php\\\/2017\\\/01\\\/22\\\/hatay-il-emniyet-muduru-sayin-ali-dogan-uludagin-ziyareti\\\/#primaryimage\",\"url\":\"https:\\\/\\\/www.nevhangunduz.com.tr\\\/wp-content\\\/uploads\\\/2017\\\/01\\\/nevhan_gunduz-hatay-il-emniyet-muduru.jpg\",\"contentUrl\":\"https:\\\/\\\/www.nevhangunduz.com.tr\\\/wp-content\\\/uploads\\\/2017\\\/01\\\/nevhan_gunduz-hatay-il-emniyet-muduru.jpg\",\"width\":1077,\"height\":610,\"caption\":\"Hatay \u0130l Emniyet M\u00fcd\u00fcr\u00fc Say\u0131n Ali Do\u011fan Uluda\u011f\u2019\u0131n ziyareti\"},{\"@type\":\"BreadcrumbList\",\"@id\":\"https:\\\/\\\/www.nevhangunduz.com.tr\\\/index.php\\\/2017\\\/01\\\/22\\\/hatay-il-emniyet-muduru-sayin-ali-dogan-uludagin-ziyareti\\\/#breadcrumb\",\"itemListElement\":[{\"@type\":\"ListItem\",\"position\":1,\"name\":\"Ana sayfa\",\"item\":\"https:\\\/\\\/www.nevhangunduz.com.tr\\\/\"},{\"@type\":\"ListItem\",\"position\":2,\"name\":\"Hatay \u0130l Emniyet M\u00fcd\u00fcr\u00fc Say\u0131n Ali Do\u011fan Uluda\u011f\u2019\u0131n ziyareti\"}]},{\"@type\":\"WebSite\",\"@id\":\"https:\\\/\\\/www.nevhangunduz.com.tr\\\/#website\",\"url\":\"https:\\\/\\\/www.nevhangunduz.com.tr\\\/\",\"name\":\"Nevhan G\u00fcnd\u00fcz\",\"description\":\"Nevhan G\u00fcnd\u00fcz Ki\u015fisel Web Sitesi\",\"potentialAction\":[{\"@type\":\"SearchAction\",\"target\":{\"@type\":\"EntryPoint\",\"urlTemplate\":\"https:\\\/\\\/www.nevhangunduz.com.tr\\\/?s={search_term_string}\"},\"query-input\":{\"@type\":\"PropertyValueSpecification\",\"valueRequired\":true,\"valueName\":\"search_term_string\"}}],\"inLanguage\":\"tr\"},{\"@type\":\"Person\",\"@id\":\"https:\\\/\\\/www.nevhangunduz.com.tr\\\/#\\\/schema\\\/person\\\/daacf86fe79758fd3cd3416eafa012d3\",\"name\":\"Nevhan G\u00fcnd\u00fcz\",\"sameAs\":[\"https:\\\/\\\/www.nevhangunduz.com.tr\"],\"url\":\"https:\\\/\\\/www.nevhangunduz.com.tr\\\/index.php\\\/author\\\/nevhan\\\/\"}]}<\/script>\n<!-- \/ Yoast SEO plugin. -->","yoast_head_json":{"title":"Hatay \u0130l Emniyet M\u00fcd\u00fcr\u00fc Say\u0131n Ali Do\u011fan Uluda\u011f\u2019\u0131n ziyareti - Nevhan G\u00fcnd\u00fcz","robots":{"index":"index","follow":"follow","max-snippet":"max-snippet:-1","max-image-preview":"max-image-preview:large","max-video-preview":"max-video-preview:-1"},"canonical":"https:\/\/www.nevhangunduz.com.tr\/index.php\/2017\/01\/22\/hatay-il-emniyet-muduru-sayin-ali-dogan-uludagin-ziyareti\/","og_locale":"tr_TR","og_type":"article","og_title":"Hatay \u0130l Emniyet M\u00fcd\u00fcr\u00fc Say\u0131n Ali Do\u011fan Uluda\u011f\u2019\u0131n ziyareti - Nevhan G\u00fcnd\u00fcz","og_description":"Hatay \u0130l Emniyet M\u00fcd\u00fcr\u00fc Say\u0131n Ali Do\u011fan Uluda\u011f HAT\u0130AB Hatay \u0130\u015f Adamlar\u0131 ve B\u00fcrokratlar\u0131 Derne\u011fi Genel merkezine nezaket ziyaretinde bulundu. HAT\u0130AB Genel Ba\u015fkan\u0131 \u0130brahim G\u00fcder ve ORGE Elektrik CEO\u2019su ve HAT\u0130AB Ba\u015fkan Yard\u0131mc\u0131s\u0131 Nevhan G\u00fcnd\u00fcz ile bir araya geldi. Nevhan G\u00fcnd\u00fcz Nevhan G\u00fcnd\u00fcz Nevhan G\u00fcnd\u00fcz Nevhan G\u00fcnd\u00fcz Nevhan G\u00fcnd\u00fcz Nevhan G\u00fcnd\u00fcz","og_url":"https:\/\/www.nevhangunduz.com.tr\/index.php\/2017\/01\/22\/hatay-il-emniyet-muduru-sayin-ali-dogan-uludagin-ziyareti\/","og_site_name":"Nevhan G\u00fcnd\u00fcz","article_published_time":"2017-01-22T18:45:14+00:00","og_image":[{"width":1077,"height":610,"url":"https:\/\/www.nevhangunduz.com.tr\/wp-content\/uploads\/2017\/01\/nevhan_gunduz-hatay-il-emniyet-muduru.jpg","type":"image\/jpeg"}],"author":"Nevhan G\u00fcnd\u00fcz","twitter_card":"summary_large_image","twitter_misc":{"Yazan:":"Nevhan G\u00fcnd\u00fcz"},"schema":{"@context":"https:\/\/schema.org","@graph":[{"@type":"Article","@id":"https:\/\/www.nevhangunduz.com.tr\/index.php\/2017\/01\/22\/hatay-il-emniyet-muduru-sayin-ali-dogan-uludagin-ziyareti\/#article","isPartOf":{"@id":"https:\/\/www.nevhangunduz.com.tr\/index.php\/2017\/01\/22\/hatay-il-emniyet-muduru-sayin-ali-dogan-uludagin-ziyareti\/"},"author":{"name":"Nevhan G\u00fcnd\u00fcz","@id":"https:\/\/www.nevhangunduz.com.tr\/#\/schema\/person\/daacf86fe79758fd3cd3416eafa012d3"},"headline":"Hatay \u0130l Emniyet M\u00fcd\u00fcr\u00fc Say\u0131n Ali Do\u011fan Uluda\u011f\u2019\u0131n ziyareti","datePublished":"2017-01-22T18:45:14+00:00","mainEntityOfPage":{"@id":"https:\/\/www.nevhangunduz.com.tr\/index.php\/2017\/01\/22\/hatay-il-emniyet-muduru-sayin-ali-dogan-uludagin-ziyareti\/"},"wordCount":93,"commentCount":0,"image":{"@id":"https:\/\/www.nevhangunduz.com.tr\/index.php\/2017\/01\/22\/hatay-il-emniyet-muduru-sayin-ali-dogan-uludagin-ziyareti\/#primaryimage"},"thumbnailUrl":"https:\/\/www.nevhangunduz.com.tr\/wp-content\/uploads\/2017\/01\/nevhan_gunduz-hatay-il-emniyet-muduru.jpg","keywords":["Nevhan G\u00fcnd\u00fcz","Nevhan G\u00fcnd\u00fcz HAT\u0130AB","Nevhan G\u00fcnd\u00fcz kimdir","Nevhan G\u00fcnd\u00fcz ORGE"],"articleSection":["Nevhan G\u00fcnd\u00fcz'den Haberler"],"inLanguage":"tr","potentialAction":[{"@type":"CommentAction","name":"Comment","target":["https:\/\/www.nevhangunduz.com.tr\/index.php\/2017\/01\/22\/hatay-il-emniyet-muduru-sayin-ali-dogan-uludagin-ziyareti\/#respond"]}]},{"@type":"WebPage","@id":"https:\/\/www.nevhangunduz.com.tr\/index.php\/2017\/01\/22\/hatay-il-emniyet-muduru-sayin-ali-dogan-uludagin-ziyareti\/","url":"https:\/\/www.nevhangunduz.com.tr\/index.php\/2017\/01\/22\/hatay-il-emniyet-muduru-sayin-ali-dogan-uludagin-ziyareti\/","name":"Hatay \u0130l Emniyet M\u00fcd\u00fcr\u00fc Say\u0131n Ali Do\u011fan Uluda\u011f\u2019\u0131n ziyareti - Nevhan G\u00fcnd\u00fcz","isPartOf":{"@id":"https:\/\/www.nevhangunduz.com.tr\/#website"},"primaryImageOfPage":{"@id":"https:\/\/www.nevhangunduz.com.tr\/index.php\/2017\/01\/22\/hatay-il-emniyet-muduru-sayin-ali-dogan-uludagin-ziyareti\/#primaryimage"},"image":{"@id":"https:\/\/www.nevhangunduz.com.tr\/index.php\/2017\/01\/22\/hatay-il-emniyet-muduru-sayin-ali-dogan-uludagin-ziyareti\/#primaryimage"},"thumbnailUrl":"https:\/\/www.nevhangunduz.com.tr\/wp-content\/uploads\/2017\/01\/nevhan_gunduz-hatay-il-emniyet-muduru.jpg","datePublished":"2017-01-22T18:45:14+00:00","author":{"@id":"https:\/\/www.nevhangunduz.com.tr\/#\/schema\/person\/daacf86fe79758fd3cd3416eafa012d3"},"breadcrumb":{"@id":"https:\/\/www.nevhangunduz.com.tr\/index.php\/2017\/01\/22\/hatay-il-emniyet-muduru-sayin-ali-dogan-uludagin-ziyareti\/#breadcrumb"},"inLanguage":"tr","potentialAction":[{"@type":"ReadAction","target":["https:\/\/www.nevhangunduz.com.tr\/index.php\/2017\/01\/22\/hatay-il-emniyet-muduru-sayin-ali-dogan-uludagin-ziyareti\/"]}]},{"@type":"ImageObject","inLanguage":"tr","@id":"https:\/\/www.nevhangunduz.com.tr\/index.php\/2017\/01\/22\/hatay-il-emniyet-muduru-sayin-ali-dogan-uludagin-ziyareti\/#primaryimage","url":"https:\/\/www.nevhangunduz.com.tr\/wp-content\/uploads\/2017\/01\/nevhan_gunduz-hatay-il-emniyet-muduru.jpg","contentUrl":"https:\/\/www.nevhangunduz.com.tr\/wp-content\/uploads\/2017\/01\/nevhan_gunduz-hatay-il-emniyet-muduru.jpg","width":1077,"height":610,"caption":"Hatay \u0130l Emniyet M\u00fcd\u00fcr\u00fc Say\u0131n Ali Do\u011fan Uluda\u011f\u2019\u0131n ziyareti"},{"@type":"BreadcrumbList","@id":"https:\/\/www.nevhangunduz.com.tr\/index.php\/2017\/01\/22\/hatay-il-emniyet-muduru-sayin-ali-dogan-uludagin-ziyareti\/#breadcrumb","itemListElement":[{"@type":"ListItem","position":1,"name":"Ana sayfa","item":"https:\/\/www.nevhangunduz.com.tr\/"},{"@type":"ListItem","position":2,"name":"Hatay \u0130l Emniyet M\u00fcd\u00fcr\u00fc Say\u0131n Ali Do\u011fan Uluda\u011f\u2019\u0131n ziyareti"}]},{"@type":"WebSite","@id":"https:\/\/www.nevhangunduz.com.tr\/#website","url":"https:\/\/www.nevhangunduz.com.tr\/","name":"Nevhan G\u00fcnd\u00fcz","description":"Nevhan G\u00fcnd\u00fcz Ki\u015fisel Web Sitesi","potentialAction":[{"@type":"SearchAction","target":{"@type":"EntryPoint","urlTemplate":"https:\/\/www.nevhangunduz.com.tr\/?s={search_term_string}"},"query-input":{"@type":"PropertyValueSpecification","valueRequired":true,"valueName":"search_term_string"}}],"inLanguage":"tr"},{"@type":"Person","@id":"https:\/\/www.nevhangunduz.com.tr\/#\/schema\/person\/daacf86fe79758fd3cd3416eafa012d3","name":"Nevhan G\u00fcnd\u00fcz","sameAs":["https:\/\/www.nevhangunduz.com.tr"],"url":"https:\/\/www.nevhangunduz.com.tr\/index.php\/author\/nevhan\/"}]}},"_links":{"self":[{"href":"https:\/\/www.nevhangunduz.com.tr\/index.php\/wp-json\/wp\/v2\/posts\/129","targetHints":{"allow":["GET"]}}],"collection":[{"href":"https:\/\/www.nevhangunduz.com.tr\/index.php\/wp-json\/wp\/v2\/posts"}],"about":[{"href":"https:\/\/www.nevhangunduz.com.tr\/index.php\/wp-json\/wp\/v2\/types\/post"}],"author":[{"embeddable":true,"href":"https:\/\/www.nevhangunduz.com.tr\/index.php\/wp-json\/wp\/v2\/users\/1"}],"replies":[{"embeddable":true,"href":"https:\/\/www.nevhangunduz.com.tr\/index.php\/wp-json\/wp\/v2\/comments?post=129"}],"version-history":[{"count":0,"href":"https:\/\/www.nevhangunduz.com.tr\/index.php\/wp-json\/wp\/v2\/posts\/129\/revisions"}],"wp:featuredmedia":[{"embeddable":true,"href":"https:\/\/www.nevhangunduz.com.tr\/index.php\/wp-json\/wp\/v2\/media\/26"}],"wp:attachment":[{"href":"https:\/\/www.nevhangunduz.com.tr\/index.php\/wp-json\/wp\/v2\/media?parent=129"}],"wp:term":[{"taxonomy":"category","embeddable":true,"href":"https:\/\/www.nevhangunduz.com.tr\/index.php\/wp-json\/wp\/v2\/categories?post=129"},{"taxonomy":"post_tag","embeddable":true,"href":"https:\/\/www.nevhangunduz.com.tr\/index.php\/wp-json\/wp\/v2\/tags?post=129"}],"curies":[{"name":"wp","href":"https:\/\/api.w.org\/{rel}","templated":true}]}}