{"id":1264,"date":"2024-03-22T18:11:00","date_gmt":"2024-03-22T15:11:00","guid":{"rendered":"https:\/\/www.nevhangunduz.com.tr\/?p=1264"},"modified":"2025-05-09T18:19:27","modified_gmt":"2025-05-09T15:19:27","slug":"nevhan-gunduz-onemli-olan-agaclar-degil-orman-olmali","status":"publish","type":"post","link":"https:\/\/www.nevhangunduz.com.tr\/index.php\/2024\/03\/22\/nevhan-gunduz-onemli-olan-agaclar-degil-orman-olmali\/","title":{"rendered":"Nevhan G\u00fcnd\u00fcz; \u201c\u00d6nemli olan a\u011fa\u00e7lar de\u011fil, orman olmal\u0131.\u201c"},"content":{"rendered":"\n<h1 class=\"wp-block-heading\">Nevhan G\u00fcnd\u00fcz; \u201c\u00d6nemli olan a\u011fa\u00e7lar de\u011fil, orman olmal\u0131.\u201c<\/h1>\n\n\n\n<p>Nevhan G\u00fcnd\u00fcz<\/p>\n\n\n\n<p><strong>Platin Dergisi, devam eden #PlatinPortre k\u00f6\u015fesiyle hem i\u015f ve ekonomi d\u00fcnyas\u0131na hem de bu d\u00fcnyadan insanlara yeni tan\u0131mlar ve anlamlar kazand\u0131rmaya devam ediyor. Mart say\u0131m\u0131zda 11&#8217;inci portremizi okurlar\u0131m\u0131za sunuyoruz: Nevhan G\u00fcnd\u00fcz&#8230; ORGE Elektrik Taahh\u00fct&#8217;\u00fcn CEO&#8217;su olan G\u00fcnd\u00fcz, 1975 do\u011fumlu ve aslen Hatayl\u0131. \u00dcniversite e\u011fitimini New York Institute of Technology&#8217;de tamamlam\u0131\u015f ba\u015far\u0131l\u0131 bir i\u015f insan\u0131. Ama bu bilgilerin arkas\u0131nda daha derin bir portresi de var&#8230;<\/strong><\/p>\n\n\n\n<p><strong>* Nas\u0131ls\u0131n\u0131z Nevhan Bey, hayat\u0131n\u0131z nas\u0131l ge\u00e7iyor?<\/strong><\/p>\n\n\n\n<p>G\u00fcnl\u00fck hayat\u0131n stresinde her g\u00fcn\u00fcm\u00fcz farkl\u0131 ge\u00e7iyor. Kimi g\u00fcn \u00fcz\u00fcnt\u00fcl\u00fc kimi g\u00fcn ise sevin\u00e7li&#8230; Ama en nihayetinde hayat devam ediyor hepimiz i\u00e7in. \u015eu ara hem i\u015f hayat\u0131m hem de di\u011fer faaliyetlerim epey yo\u011fun. Bu nedenle g\u00fcnlerim iyi bir programlama yapmakla ve i\u015flerimi yeti\u015ftirme m\u00fccadelesiyle ge\u00e7iyor ama genel itibariyle iyiyim.<\/p>\n\n\n\n<p><strong>&#8220;\u00c7A\u011eDA\u015e SANATI VE SPOR YAPMAYI SEV\u0130YORUM&#8221;<\/strong><\/p>\n\n\n\n<p><strong>* Peki i\u015f d\u0131\u015f\u0131nda neler yapmaktan keyif al\u0131yorsunuz, hobileriniz nedir?<\/strong><\/p>\n\n\n\n<p>Tabii ki sosyal hayat\u0131ma da zaman ay\u0131rmaya \u00e7al\u0131\u015f\u0131yorum. Hobilerimle ilgileniyorum, bilhassa spor yapmay\u0131 \u00e7ok seviyorum. Kayak, crossfit ve fitness yap\u0131yorum, zaman zamansa tenis oynuyorum. A\u00e7\u0131k\u00e7as\u0131 spor yapmak k\u00fc\u00e7\u00fckl\u00fc\u011f\u00fcmden beri hayat\u0131mda \u00f6nemli bir yer te\u015fkil etti. Beni hem dinlendiriyor hem de kafam\u0131 da\u011f\u0131t\u0131yor. Mutlaka ona \u00f6zel vakit ay\u0131r\u0131yorum. Haftada en az 2 g\u00fcn\u00fcn alt\u0131na d\u00fc\u015f\u00fcrmemeye \u00e7al\u0131\u015f\u0131yorum. Ayn\u0131 zamanda sanatla da ilgileniyorum. \u00c7a\u011fda\u015f sanat sergilerini gezmeyi, bilhassa \u00e7a\u011fda\u015f T\u00fcrk ve gen\u00e7 sanat\u00e7\u0131lar\u0131n eserlerini takip etmeyi seviyorum. En son \u0130stanbul Modern&#8217;deki Nuri Bilge Ceylan&#8217;\u0131n foto\u011fraf sergisine gittim. Sanattaki i\u00e7erik ve formata olan ilgim eserin sahibine, sanat\u00e7\u0131n\u0131n o s\u0131rada neyi ifade etmek istedi\u011fine ba\u011fl\u0131 olmakla beraber de\u011fi\u015fiyor. Sanat \u00e7ok ba\u015fka d\u00fcnyalara g\u00f6t\u00fcr\u00fcyor insan\u0131.<\/p>\n\n\n\n<blockquote class=\"wp-block-quote is-layout-flow wp-block-quote-is-layout-flow\">\n<p><\/p>\n<\/blockquote>\n\n\n\n<figure class=\"wp-block-gallery has-nested-images columns-default is-cropped wp-block-gallery-1 is-layout-flex wp-block-gallery-is-layout-flex\">\n<figure class=\"wp-block-image size-full\"><img loading=\"lazy\" decoding=\"async\" width=\"700\" height=\"466\" data-id=\"1265\" src=\"https:\/\/www.nevhangunduz.com.tr\/wp-content\/uploads\/2025\/05\/45-15032024efdb391d.jpg\" alt=\"\" class=\"wp-image-1265\" srcset=\"https:\/\/www.nevhangunduz.com.tr\/wp-content\/uploads\/2025\/05\/45-15032024efdb391d.jpg 700w, https:\/\/www.nevhangunduz.com.tr\/wp-content\/uploads\/2025\/05\/45-15032024efdb391d-300x200.jpg 300w, https:\/\/www.nevhangunduz.com.tr\/wp-content\/uploads\/2025\/05\/45-15032024efdb391d-150x100.jpg 150w, https:\/\/www.nevhangunduz.com.tr\/wp-content\/uploads\/2025\/05\/45-15032024efdb391d-330x220.jpg 330w, https:\/\/www.nevhangunduz.com.tr\/wp-content\/uploads\/2025\/05\/45-15032024efdb391d-400x266.jpg 400w\" sizes=\"auto, (max-width: 700px) 100vw, 700px\" \/><\/figure>\n<\/figure>\n\n\n\n<h4 class=\"wp-block-heading\"><strong>&#8220;O\u011eULLARIM BEN\u0130M KOPYAM G\u0130B\u0130LER&#8221;<\/strong><\/h4>\n\n\n\n<p><strong>* Ailenizle diyalo\u011funuz ve ili\u015fkiniz nas\u0131l? Sizce nas\u0131l bir babas\u0131n\u0131z?<\/strong><\/p>\n\n\n\n<p>Mutlaka i\u015f ya\u015fam\u0131ndan vakit ay\u0131r\u0131p 2 o\u011flum ve ailemle beraber s\u0131k\u00e7a zaman ge\u00e7irmeye \u00e7al\u0131\u015f\u0131yorum. A\u00e7\u0131k\u00e7as\u0131 bunlar\u0131 \u0131skalarsan\u0131z, geriye d\u00f6n\u00fcp yakalaman\u0131z\u0131n m\u00fcmk\u00fcn olmad\u0131\u011f\u0131 zamanlar\u0131 da \u0131skalam\u0131\u015f olursunuz. Dolay\u0131s\u0131yla onlara mutlaka zaman ay\u0131r\u0131yorum. \u0130\u015fin ne kadar yo\u011fun oldu\u011funun veya hangi tempoda oldu\u011funun \u00e7ok bir \u00f6nemi yok. \u00d6te yandan ben iyi bir babay\u0131m. \u00c7ocuklar\u0131ma iyi \u00f6rnek olmaya \u00e7al\u0131\u015f\u0131yorum. B\u00fcy\u00fck o\u011flum Uras 17, k\u00fc\u00e7\u00fck o\u011flum Aral ise 14 ya\u015f\u0131nda. Onlarla ya\u015f\u0131na uygun aktiviteler yapmaya \u00e7al\u0131\u015f\u0131yoruz. \u015eu ana kadar da \u00e7ok \u015f\u00fck\u00fcr iyi bir baba-o\u011ful ili\u015fkimiz oldu. Gerekti\u011fi zaman sayg\u0131 sevgi \u00e7er\u00e7evesinde; otoriteyi sa\u011flayabilen, gerekti\u011fi zaman da onlarla arkada\u015f olabilen bir diyalo\u011fa sahibim. Ya\u015flar\u0131ndan ve erkek olmalar\u0131ndan dolay\u0131 daha fazla ortak payla\u015f\u0131mlar\u0131m\u0131z\u0131n oldu\u011fu zamana geldik. Benim kopyam gibiler, yava\u015f yava\u015f bana benzediklerini g\u00f6r\u00fcyorum ve bundan gurur duyuyorum. Onlara s\u00fcrekli s\u00f6yledi\u011fim \u015fey aile olman\u0131n \u00f6nemi. \u0130kincisi ise beyefendi, topluma yararl\u0131 bireyler ve \u00e7al\u0131\u015fkan olmalar\u0131 s\u00fcrekli tekrar etti\u011fim \u015feylerin ba\u015f\u0131nda geliyor.<\/p>\n\n\n\n<figure class=\"wp-block-image size-large\"><img loading=\"lazy\" decoding=\"async\" width=\"1024\" height=\"657\" src=\"https:\/\/www.nevhangunduz.com.tr\/wp-content\/uploads\/2022\/09\/ERG_3030-scaled-e1664465941907-1024x657.jpg\" alt=\"Nevhan G\u00fcnd\u00fcz\" class=\"wp-image-1239\" srcset=\"https:\/\/www.nevhangunduz.com.tr\/wp-content\/uploads\/2022\/09\/ERG_3030-scaled-e1664465941907-1024x657.jpg 1024w, https:\/\/www.nevhangunduz.com.tr\/wp-content\/uploads\/2022\/09\/ERG_3030-scaled-e1664465941907-300x193.jpg 300w, https:\/\/www.nevhangunduz.com.tr\/wp-content\/uploads\/2022\/09\/ERG_3030-scaled-e1664465941907-768x493.jpg 768w, https:\/\/www.nevhangunduz.com.tr\/wp-content\/uploads\/2022\/09\/ERG_3030-scaled-e1664465941907-400x257.jpg 400w, https:\/\/www.nevhangunduz.com.tr\/wp-content\/uploads\/2022\/09\/ERG_3030-scaled-e1664465941907.jpg 1050w\" sizes=\"auto, (max-width: 1024px) 100vw, 1024px\" \/><\/figure>\n\n\n\n<h4 class=\"wp-block-heading\"><strong>&#8220;M\u00dcKEMMELL\u0130YET\u00c7\u0130 YANIMI SEVM\u0130YORUM&#8221;<\/strong><\/h4>\n\n\n\n<p><strong>* Sizce karakterinizde en \u00f6ne \u00e7\u0131kan \u00f6zelli\u011finiz nedir?<\/strong><\/p>\n\n\n\n<p>G\u00fcvenilir, d\u00fcr\u00fcst, \u00e7al\u0131\u015fkan, disiplinli, insanc\u0131l ve vicdanl\u0131 olmak en \u00f6nemli \u00f6zelliklerim. T\u00fcm bunlardan \u00e7ok memnunum ama m\u00fckemmeliyet\u00e7i olmak maalesef \u00e7ok sevmedi\u011fim bir \u00f6zelli\u011fim. Evet yarad\u0131l\u0131\u015ftan geliyor ama elimden geldi\u011fince t\u00f6rp\u00fclemeye \u00e7al\u0131\u015f\u0131yorum. Neticede \u00f6l\u00fcml\u00fc d\u00fcnya, bu kadar \u00e7ok m\u00fckemmeliyet\u00e7i olmaya gerek yok.<\/p>\n\n\n\n<p><strong>* 20&#8217;li ya\u015flardaki kendinize ne s\u00f6ylemek isterdiniz?<\/strong><\/p>\n\n\n\n<p>20&#8217;li ya\u015flar\u0131mdaki kendime san\u0131r\u0131m a\u011fa\u00e7lara de\u011fil de daha \u00e7ok ormana bak\u0131lmas\u0131 gerekti\u011fini \u00f6\u011f\u00fctlerdim. Zaman i\u00e7erisinde \u00e7ok fazla detaylarda kal\u0131nabiliyor, bilhassa gen\u00e7 ya\u015flarda&#8230; \u0130leride tecr\u00fcbe kazand\u0131k\u00e7a insan detaylar\u0131n o kadar da \u00f6nemli olmad\u0131\u011f\u0131n\u0131; \u00f6nemli olan\u0131n a\u011fa\u00e7lar de\u011fil, orman\u0131n oldu\u011funu kavr\u0131yor. Dolay\u0131s\u0131yla ben de o ya\u015flardaki kendime bunlar\u0131 s\u00f6ylemek isterdim.<\/p>\n\n\n\n<p><strong>&#8220;30 YILDIR TEKNE KULLANIYORUM&#8221;<\/strong><\/p>\n\n\n\n<p><strong>* Biraz da tekne tutkunuzdan bahsedelim&#8230;<\/strong><\/p>\n\n\n\n<p>30 y\u0131ld\u0131r tekne kullan\u0131yorum. \u0130lk teknemi 19 ya\u015f\u0131nda ald\u0131m, ondan sonra da hep yeni tekne edinmeye \u00e7al\u0131\u015ft\u0131m. Daha \u00f6nceleri, gen\u00e7lik y\u0131llar\u0131mda bunlar daha \u00e7ok s\u00fcrat tekneleri oluyordu, sonra ya\u015f ilerledik\u00e7e motor yat tarz\u0131 ara\u00e7lara ilgim artt\u0131. Sonu\u00e7 olarak denizde olmay\u0131 \u00e7ok seviyorum. Bu durum \u0130stanbul&#8217;daki yo\u011fun \u00e7al\u0131\u015fma hayat\u0131m\u0131n aras\u0131nda \u00e7ok g\u00fczel bir l\u00fcks, bir ka\u00e7amak alan\u0131. 15 dakikada bamba\u015fka bir d\u00fcnyada kendinizi bulabiliyorsunuz.<\/p>\n\n\n\n<figure class=\"wp-block-image size-full is-resized\"><img loading=\"lazy\" decoding=\"async\" width=\"700\" height=\"466\" src=\"https:\/\/www.nevhangunduz.com.tr\/wp-content\/uploads\/2025\/05\/43-1503202488021038-1.jpg\" alt=\"\" class=\"wp-image-1267\" style=\"width:840px;height:auto\" srcset=\"https:\/\/www.nevhangunduz.com.tr\/wp-content\/uploads\/2025\/05\/43-1503202488021038-1.jpg 700w, https:\/\/www.nevhangunduz.com.tr\/wp-content\/uploads\/2025\/05\/43-1503202488021038-1-300x200.jpg 300w, https:\/\/www.nevhangunduz.com.tr\/wp-content\/uploads\/2025\/05\/43-1503202488021038-1-150x100.jpg 150w, https:\/\/www.nevhangunduz.com.tr\/wp-content\/uploads\/2025\/05\/43-1503202488021038-1-330x220.jpg 330w, https:\/\/www.nevhangunduz.com.tr\/wp-content\/uploads\/2025\/05\/43-1503202488021038-1-400x266.jpg 400w\" sizes=\"auto, (max-width: 700px) 100vw, 700px\" \/><\/figure>\n\n\n\n<p><strong>&#8220;EN \u0130Y\u0130LERLE \u00c7ALI\u015eIRSANIZ EN \u0130Y\u0130 OLAB\u0130LME \u015eANSINIZ OLUR&#8221;<\/strong><\/p>\n\n\n\n<p><strong>* \u0130\u015f vizyonunuzu nas\u0131l tan\u0131ml\u0131yorsunuz?<\/strong><\/p>\n\n\n\n<p>\u0130\u015f hayat\u0131na ba\u015flayal\u0131 28 y\u0131l oldu. Bir i\u015f insan\u0131n\u0131n o\u011fluyum. Fakat beni babamdan ay\u0131ran \u00f6zelliklerim var. \u0130kimiz de \u00e7ok farkl\u0131 yap\u0131larda insanlar\u0131n\u0131z. Mesela ben iyisiyle k\u00f6t\u00fcs\u00fcyle net bir \u015fekilde karar veririm. Bir konuyu gri alanda b\u0131rakmaktan pek ho\u015flanmam. Bazen \u00e7ok uzun d\u00fc\u015f\u00fcn\u00fcr\u00fcm ama neticede karar\u0131m kesindir. Bir \u015feye karar verdikten sonra genelde o karardan d\u00f6nmem. Ayr\u0131ca \u00e7ok \u00e7al\u0131\u015fkan\u0131m, beynim ayn\u0131 anda birden fazla konuya \u00e7al\u0131\u015f\u0131r. Bu da bana ekstra zaman konforu sa\u011fl\u0131yor. Bir de \u00e7al\u0131\u015fma arkada\u015flar\u0131ma \u00e7ok ehemmiyet veririm. M\u00fcmk\u00fcnse en iyileriyle \u00e7al\u0131\u015fmak i\u00e7in gayret g\u00f6steririm. Bu i\u015fin kesinlikle bir tak\u0131m oyunu oldu\u011funa inan\u0131yorum. En iyilerle \u00e7al\u0131\u015f\u0131rsan\u0131z en iyi olabilme \u015fans\u0131n\u0131z olur.<\/p>\n\n\n\n<p><strong>* Peki neden elektrik alan\u0131?<\/strong><\/p>\n\n\n\n<p>Bu biraz kadersel bir durum. Babam\u0131n day\u0131s\u0131 Antakya&#8217;da elektrik m\u00fchendisiydi. Babam da okuldan vakit bulduk\u00e7a ve yaz aylar\u0131ndan onun yan\u0131nda \u00e7al\u0131\u015f\u0131yormu\u015f. Dolay\u0131s\u0131yla o da gen\u00e7lik y\u0131llar\u0131ndan itibaren bu i\u015fe girmi\u015f. Ben de \u00fcniversiteyi bitirip i\u015f hayat\u0131na ba\u015flad\u0131\u011f\u0131m zaman ilk birka\u00e7 y\u0131l tekstil ile ilgilendim fakat bu alanda istedi\u011fim ba\u015far\u0131y\u0131 yakalayamad\u0131m. \u0130kinci y\u0131l\u0131n sonunda tekstili b\u0131rak\u0131p babadan ve babam\u0131n day\u0131s\u0131ndan ilgimiz olan elektrik alan\u0131nda i\u015f yapmaya ba\u015flad\u0131m. Ama babadan kalan bir i\u015f de\u011fil benimki. Babamla beraber s\u0131f\u0131rdan kurdu\u011fumuz bir i\u015f. Bu sene \u015firketimiz ORGE Elektrik Taahh\u00fct&#8217;\u00fcn 26. y\u0131l\u0131. Babam \u015fimdi emekli oldu. Son 7 senedir ben i\u015fin ba\u015f\u0131nday\u0131m. \u00c7ok \u015f\u00fck\u00fcr ba\u015far\u0131l\u0131 bir ser\u00fcven oldu bizim i\u00e7in. \u0130stedi\u011fimiz yere geldi\u011fimizi d\u00fc\u015f\u00fcn\u00fcyorum. G\u00fczel ilerleyen, umut veren ve hatta \u00e7ocuklar\u0131m\u0131za, torunlar\u0131m\u0131za b\u0131rakabilece\u011fimiz bir yap\u0131 kurmaya \u00e7al\u0131\u015f\u0131yoruz.<\/p>\n\n\n\n<p><strong>&#8220;\u0130Y\u0130 B\u0130R HAYAT KURGULADI\u011eIMA \u0130NANIYORUM&#8221;<\/strong><\/p>\n\n\n\n<p><strong>* T\u00fcm bu i\u015f ve \u00f6zel hayat yolculu\u011funuza bakt\u0131\u011f\u0131n\u0131zda neler ge\u00e7iyor akl\u0131n\u0131zdan?<\/strong><\/p>\n\n\n\n<p>Mutluyum. Bekledi\u011fim, hatta bekledi\u011fimden de daha fazla f\u0131rsat yakalad\u0131\u011f\u0131m\u0131 d\u00fc\u015f\u00fcnd\u00fc\u011f\u00fcm bir i\u015f hayat\u0131m oldu. Bu da gelece\u011fe daha da heyecanla bakmam\u0131 sa\u011fl\u0131yor. Bug\u00fcne kadar bunlar\u0131 yapabildi ve ba\u015fard\u0131ysak bundan sonra da hedeflerimize ula\u015fabilece\u011fimizin heyecan\u0131 var. \u00d6te yandan \u00f6zel hayat\u0131mda da huzurlu ve mutlu bir yolculu\u011fum oldu. Ailemi \u00e7ok seviyorum ve aile kavram\u0131na \u00e7ok de\u011fer veriyorum. Sadece aile de\u011fil, arkada\u015fl\u0131k ili\u015fkilerimde de sanki bir aileymi\u015fim gibi hissediyorum ve \u00e7ok uzun s\u00fcreli arkada\u015fl\u0131klar\u0131m var. Sonu\u00e7 olarak iyi bir hayat kurgulad\u0131\u011f\u0131ma inan\u0131yorum.<\/p>\n\n\n\n<p><strong>&#8220;S\u00dcRD\u00dcR\u00dcLEB\u0130L\u0130R B\u0130R D\u00dcNYA \u0130\u00c7\u0130N GELECEK ELEKTR\u0130KTE&#8221;<\/strong><\/p>\n\n\n\n<p><strong>* Ye\u015fil enerji, s\u00fcrd\u00fcr\u00fclebilirlik ve \u00e7evre dostu ba\u015fl\u0131klar\u0131yla do\u011frudan ba\u011fda\u015fan bir alan elektrik. Bunun i\u00e7in yeni \u00e7al\u0131\u015fmalar\u0131n\u0131z da var m\u0131?<\/strong><\/p>\n\n\n\n<p>\u00d6zellikle son y\u0131llarda s\u00fcrd\u00fcr\u00fclebilirlik ve yenilenebilir enerji konular\u0131nda \u00e7ok ciddi \u00e7al\u0131\u015fmalar\u0131m\u0131z var. Solar departman\u0131m\u0131zla beraber ge\u00e7en sene 10 megawatt&#8217;a yak\u0131n elektrik solar taahh\u00fct i\u015fi yapt\u0131k. Bir de bu sene yeni kurmakta oldu\u011fumuz elektrikli ara\u00e7lar\u0131n \u015farj istasyonlar\u0131 i\u015fimiz var. \u015eu an yat\u0131r\u0131m s\u00fcrecindeyiz. \u0130n\u015fallah bu y\u0131l\u0131n \u00fc\u00e7\u00fcnc\u00fc \u00e7eyre\u011finde \u00fcr\u00fcnlerimiz piyasaya \u00e7\u0131kacak. Bunlar\u0131n hepsi \u00e7evre dostu ve s\u00fcrd\u00fcr\u00fclebilir bir d\u00fcnya i\u00e7in faaliyette bulundu\u011fumuz alanlar. Bizim ana i\u015fimiz elektronik m\u00fcteahhitli\u011fi. Metrolar gibi \u00e7evre dostu, gaz \u00fcretmeyen \u00fcr\u00fcn ve toplu ta\u015f\u0131ma sisteminin elektrik taahh\u00fct alan\u0131nda faaliyet g\u00f6sterdi\u011fimiz i\u00e7in zaten \u00f6z\u00fcnde de \u00e7evre dostu ve yenilebilir enerjiye katk\u0131 sunan faaliyetlerimiz var. Gelecek burada. Bu, hepimiz ve s\u00fcrd\u00fcr\u00fclebilir bir d\u00fcnya i\u00e7in olmazsa olmaz.<\/p>\n\n\n\n<p><strong>&#8220;DESTEK OLMAYA DEVAM&#8221;<\/strong><\/p>\n\n\n\n<p><strong>* Bir Antakyal\u0131 olarak ge\u00e7en y\u0131l ya\u015fad\u0131\u011f\u0131m\u0131z depremler hakk\u0131nda ne d\u00fc\u015f\u00fcn\u00fcyorsunuz?<\/strong><\/p>\n\n\n\n<p>Neredeyse 2 ay boyunca vaktimin y\u00fczde 95&#8217;ini depremden sonraki \u00e7al\u0131\u015fmalar\u0131m\u0131z i\u00e7in kulland\u0131m. Elimden geldi\u011fince hem \u015firketim hem de i\u00e7inde bulundu\u011fum STK&#8217;lar olarak bir\u00e7ok ortak platformda elimizden gelen her \u015feyi yapt\u0131k. Ama maalesef yeterli olmad\u0131, h\u00e2l\u00e2 yap\u0131lmas\u0131 gereken \u00e7ok fazla \u015fey var. Ya\u015fad\u0131\u011f\u0131m\u0131z \u00e7ok b\u00fcy\u00fck bir felaket. Yaralar\u0131n sar\u0131lmas\u0131 kolay olmuyor. Biz de elimizden geldi\u011fince destek olmaya devam ediyoruz. \u015eu an deprem b\u00f6lgesi ve depremzedeler i\u00e7in daha \u00e7ok kal\u0131c\u0131 \u015feyler yapma pe\u015findeyiz&#8230;<\/p>\n\n\n\n<p><strong><a href=\"https:\/\/www.ekonomist.com.tr\/tag\/talip-yilmaz\">Ali Demirta\u015f<\/a> \/ <\/strong> <em>22<\/em> Mart 2024  <br>Nevhan G\u00dcND\u00dcZ \/ <a href=\"http:\/\/www.orge.com.tr\">Orge Elektrik Taahh\u00fct<\/a> CEO&#8217;su <\/p>\n\n\n\n<p><\/p>\n","protected":false},"excerpt":{"rendered":"<p>Nevhan G\u00fcnd\u00fcz; \u201c\u00d6nemli olan a\u011fa\u00e7lar de\u011fil, orman olmal\u0131.\u201c<\/p>\n","protected":false},"author":1,"featured_media":1269,"comment_status":"closed","ping_status":"closed","sticky":false,"template":"","format":"standard","meta":{"footnotes":""},"categories":[18],"tags":[4,5,6,7,8,9,10,11,12,13,14,39,38],"class_list":["post-1264","post","type-post","status-publish","format-standard","has-post-thumbnail","hentry","category-nevhan-gunduz-yazili-basin","tag-nevhan-gunduz-bloomberg","tag-nevhan-gunduz-buyuk-klub","tag-nevhan-gunduz-canli-yayin","tag-nevhan-gunduz-gazete-haberleri","tag-nevhan-gunduz-hayati","tag-nevhan-gunduz-kimdir","tag-nevhan-gunduz-meslek-egitimi","tag-nevhan-gunduz-metro","tag-nevhan-gunduz-sunum","tag-nevhan-gunduz-tusiad","tag-nevhan-gunduz-tv-roportaji","tag-para-dergisi-nevhan-gunduz","tag-sabah-gazetesi-nevhan-gunduz"],"yoast_head":"<!-- This site is optimized with the Yoast SEO plugin v27.9 - https:\/\/yoast.com\/product\/yoast-seo-wordpress\/ -->\n<title>G\u00fcnd\u00fcz \u201c\u0130\u015f hacmimizi ikiye katlayabilecek kapasiteye sahibiz.<\/title>\n<meta name=\"description\" content=\"Nevhan G\u00fcnd\u00fcz; \u201c\u0130\u015f hacmimizi ikiye katlayabilecek kapasiteye sahibiz. Ancak \u015firket k\u00e2rl\u0131l\u0131\u011f\u0131n\u0131 ve ortaklar\u0131m\u0131z\u0131n faydas\u0131n\u0131 g\u00f6zetmemiz...\" \/>\n<meta name=\"robots\" content=\"index, follow, max-snippet:-1, max-image-preview:large, max-video-preview:-1\" \/>\n<link rel=\"canonical\" href=\"https:\/\/www.nevhangunduz.com.tr\/index.php\/2024\/03\/22\/nevhan-gunduz-onemli-olan-agaclar-degil-orman-olmali\/\" \/>\n<meta property=\"og:locale\" content=\"tr_TR\" \/>\n<meta property=\"og:type\" content=\"article\" \/>\n<meta property=\"og:title\" content=\"G\u00fcnd\u00fcz \u201c\u0130\u015f hacmimizi ikiye katlayabilecek kapasiteye sahibiz.\" \/>\n<meta property=\"og:description\" content=\"Nevhan G\u00fcnd\u00fcz; \u201c\u0130\u015f hacmimizi ikiye katlayabilecek kapasiteye sahibiz. Ancak \u015firket k\u00e2rl\u0131l\u0131\u011f\u0131n\u0131 ve ortaklar\u0131m\u0131z\u0131n faydas\u0131n\u0131 g\u00f6zetmemiz...\" \/>\n<meta property=\"og:url\" content=\"https:\/\/www.nevhangunduz.com.tr\/index.php\/2024\/03\/22\/nevhan-gunduz-onemli-olan-agaclar-degil-orman-olmali\/\" \/>\n<meta property=\"og:site_name\" content=\"Nevhan G\u00fcnd\u00fcz\" \/>\n<meta property=\"article:published_time\" content=\"2024-03-22T15:11:00+00:00\" \/>\n<meta property=\"article:modified_time\" content=\"2025-05-09T15:19:27+00:00\" \/>\n<meta property=\"og:image\" content=\"https:\/\/www.nevhangunduz.com.tr\/wp-content\/uploads\/2025\/05\/platin_ng.jpg\" \/>\n\t<meta property=\"og:image:width\" content=\"700\" \/>\n\t<meta property=\"og:image:height\" content=\"466\" \/>\n\t<meta property=\"og:image:type\" content=\"image\/jpeg\" \/>\n<meta name=\"author\" content=\"Nevhan G\u00fcnd\u00fcz\" \/>\n<meta name=\"twitter:card\" content=\"summary_large_image\" \/>\n<meta name=\"twitter:label1\" content=\"Yazan:\" \/>\n\t<meta name=\"twitter:data1\" content=\"Nevhan G\u00fcnd\u00fcz\" \/>\n\t<meta name=\"twitter:label2\" content=\"Tahmini okuma s\u00fcresi\" \/>\n\t<meta name=\"twitter:data2\" content=\"8 dakika\" \/>\n<script type=\"application\/ld+json\" class=\"yoast-schema-graph\">{\"@context\":\"https:\\\/\\\/schema.org\",\"@graph\":[{\"@type\":\"Article\",\"@id\":\"https:\\\/\\\/www.nevhangunduz.com.tr\\\/index.php\\\/2024\\\/03\\\/22\\\/nevhan-gunduz-onemli-olan-agaclar-degil-orman-olmali\\\/#article\",\"isPartOf\":{\"@id\":\"https:\\\/\\\/www.nevhangunduz.com.tr\\\/index.php\\\/2024\\\/03\\\/22\\\/nevhan-gunduz-onemli-olan-agaclar-degil-orman-olmali\\\/\"},\"author\":{\"name\":\"Nevhan G\u00fcnd\u00fcz\",\"@id\":\"https:\\\/\\\/www.nevhangunduz.com.tr\\\/#\\\/schema\\\/person\\\/daacf86fe79758fd3cd3416eafa012d3\"},\"headline\":\"Nevhan G\u00fcnd\u00fcz; \u201c\u00d6nemli olan a\u011fa\u00e7lar de\u011fil, orman olmal\u0131.\u201c\",\"datePublished\":\"2024-03-22T15:11:00+00:00\",\"dateModified\":\"2025-05-09T15:19:27+00:00\",\"mainEntityOfPage\":{\"@id\":\"https:\\\/\\\/www.nevhangunduz.com.tr\\\/index.php\\\/2024\\\/03\\\/22\\\/nevhan-gunduz-onemli-olan-agaclar-degil-orman-olmali\\\/\"},\"wordCount\":1645,\"image\":{\"@id\":\"https:\\\/\\\/www.nevhangunduz.com.tr\\\/index.php\\\/2024\\\/03\\\/22\\\/nevhan-gunduz-onemli-olan-agaclar-degil-orman-olmali\\\/#primaryimage\"},\"thumbnailUrl\":\"https:\\\/\\\/www.nevhangunduz.com.tr\\\/wp-content\\\/uploads\\\/2025\\\/05\\\/platin_ng.jpg\",\"keywords\":[\"Nevhan G\u00fcnd\u00fcz Bloomberg\",\"Nevhan G\u00fcnd\u00fcz B\u00fcy\u00fck Klub\",\"Nevhan G\u00fcnd\u00fcz Canl\u0131 Yay\u0131n\",\"Nevhan G\u00fcnd\u00fcz Gazete Haberleri\",\"Nevhan G\u00fcnd\u00fcz Hayat\u0131\",\"Nevhan G\u00fcnd\u00fcz kimdir\",\"Nevhan G\u00fcnd\u00fcz meslek egitimi\",\"Nevhan G\u00fcnd\u00fcz Metro\",\"nevhan g\u00fcnd\u00fcz sunum\",\"nevhan g\u00fcnd\u00fcz t\u00fcsiad\",\"Nevhan G\u00fcnd\u00fcz TV R\u00f6portaj\u0131\",\"para dergisi nevhan g\u00fcnd\u00fcz\",\"sabah gazetesi nevhan g\u00fcnd\u00fcz\"],\"articleSection\":[\"Yaz\u0131l\u0131 Bas\u0131n\"],\"inLanguage\":\"tr\"},{\"@type\":\"WebPage\",\"@id\":\"https:\\\/\\\/www.nevhangunduz.com.tr\\\/index.php\\\/2024\\\/03\\\/22\\\/nevhan-gunduz-onemli-olan-agaclar-degil-orman-olmali\\\/\",\"url\":\"https:\\\/\\\/www.nevhangunduz.com.tr\\\/index.php\\\/2024\\\/03\\\/22\\\/nevhan-gunduz-onemli-olan-agaclar-degil-orman-olmali\\\/\",\"name\":\"G\u00fcnd\u00fcz \u201c\u0130\u015f hacmimizi ikiye katlayabilecek kapasiteye sahibiz.\",\"isPartOf\":{\"@id\":\"https:\\\/\\\/www.nevhangunduz.com.tr\\\/#website\"},\"primaryImageOfPage\":{\"@id\":\"https:\\\/\\\/www.nevhangunduz.com.tr\\\/index.php\\\/2024\\\/03\\\/22\\\/nevhan-gunduz-onemli-olan-agaclar-degil-orman-olmali\\\/#primaryimage\"},\"image\":{\"@id\":\"https:\\\/\\\/www.nevhangunduz.com.tr\\\/index.php\\\/2024\\\/03\\\/22\\\/nevhan-gunduz-onemli-olan-agaclar-degil-orman-olmali\\\/#primaryimage\"},\"thumbnailUrl\":\"https:\\\/\\\/www.nevhangunduz.com.tr\\\/wp-content\\\/uploads\\\/2025\\\/05\\\/platin_ng.jpg\",\"datePublished\":\"2024-03-22T15:11:00+00:00\",\"dateModified\":\"2025-05-09T15:19:27+00:00\",\"author\":{\"@id\":\"https:\\\/\\\/www.nevhangunduz.com.tr\\\/#\\\/schema\\\/person\\\/daacf86fe79758fd3cd3416eafa012d3\"},\"description\":\"Nevhan G\u00fcnd\u00fcz; \u201c\u0130\u015f hacmimizi ikiye katlayabilecek kapasiteye sahibiz. Ancak \u015firket k\u00e2rl\u0131l\u0131\u011f\u0131n\u0131 ve ortaklar\u0131m\u0131z\u0131n faydas\u0131n\u0131 g\u00f6zetmemiz...\",\"breadcrumb\":{\"@id\":\"https:\\\/\\\/www.nevhangunduz.com.tr\\\/index.php\\\/2024\\\/03\\\/22\\\/nevhan-gunduz-onemli-olan-agaclar-degil-orman-olmali\\\/#breadcrumb\"},\"inLanguage\":\"tr\",\"potentialAction\":[{\"@type\":\"ReadAction\",\"target\":[\"https:\\\/\\\/www.nevhangunduz.com.tr\\\/index.php\\\/2024\\\/03\\\/22\\\/nevhan-gunduz-onemli-olan-agaclar-degil-orman-olmali\\\/\"]}]},{\"@type\":\"ImageObject\",\"inLanguage\":\"tr\",\"@id\":\"https:\\\/\\\/www.nevhangunduz.com.tr\\\/index.php\\\/2024\\\/03\\\/22\\\/nevhan-gunduz-onemli-olan-agaclar-degil-orman-olmali\\\/#primaryimage\",\"url\":\"https:\\\/\\\/www.nevhangunduz.com.tr\\\/wp-content\\\/uploads\\\/2025\\\/05\\\/platin_ng.jpg\",\"contentUrl\":\"https:\\\/\\\/www.nevhangunduz.com.tr\\\/wp-content\\\/uploads\\\/2025\\\/05\\\/platin_ng.jpg\",\"width\":700,\"height\":466},{\"@type\":\"BreadcrumbList\",\"@id\":\"https:\\\/\\\/www.nevhangunduz.com.tr\\\/index.php\\\/2024\\\/03\\\/22\\\/nevhan-gunduz-onemli-olan-agaclar-degil-orman-olmali\\\/#breadcrumb\",\"itemListElement\":[{\"@type\":\"ListItem\",\"position\":1,\"name\":\"Ana sayfa\",\"item\":\"https:\\\/\\\/www.nevhangunduz.com.tr\\\/\"},{\"@type\":\"ListItem\",\"position\":2,\"name\":\"Nevhan G\u00fcnd\u00fcz; \u201c\u00d6nemli olan a\u011fa\u00e7lar de\u011fil, orman olmal\u0131.\u201c\"}]},{\"@type\":\"WebSite\",\"@id\":\"https:\\\/\\\/www.nevhangunduz.com.tr\\\/#website\",\"url\":\"https:\\\/\\\/www.nevhangunduz.com.tr\\\/\",\"name\":\"Nevhan G\u00fcnd\u00fcz\",\"description\":\"Nevhan G\u00fcnd\u00fcz Ki\u015fisel Web Sitesi\",\"potentialAction\":[{\"@type\":\"SearchAction\",\"target\":{\"@type\":\"EntryPoint\",\"urlTemplate\":\"https:\\\/\\\/www.nevhangunduz.com.tr\\\/?s={search_term_string}\"},\"query-input\":{\"@type\":\"PropertyValueSpecification\",\"valueRequired\":true,\"valueName\":\"search_term_string\"}}],\"inLanguage\":\"tr\"},{\"@type\":\"Person\",\"@id\":\"https:\\\/\\\/www.nevhangunduz.com.tr\\\/#\\\/schema\\\/person\\\/daacf86fe79758fd3cd3416eafa012d3\",\"name\":\"Nevhan G\u00fcnd\u00fcz\",\"sameAs\":[\"https:\\\/\\\/www.nevhangunduz.com.tr\"],\"url\":\"https:\\\/\\\/www.nevhangunduz.com.tr\\\/index.php\\\/author\\\/nevhan\\\/\"}]}<\/script>\n<!-- \/ Yoast SEO plugin. -->","yoast_head_json":{"title":"G\u00fcnd\u00fcz \u201c\u0130\u015f hacmimizi ikiye katlayabilecek kapasiteye sahibiz.","description":"Nevhan G\u00fcnd\u00fcz; \u201c\u0130\u015f hacmimizi ikiye katlayabilecek kapasiteye sahibiz. Ancak \u015firket k\u00e2rl\u0131l\u0131\u011f\u0131n\u0131 ve ortaklar\u0131m\u0131z\u0131n faydas\u0131n\u0131 g\u00f6zetmemiz...","robots":{"index":"index","follow":"follow","max-snippet":"max-snippet:-1","max-image-preview":"max-image-preview:large","max-video-preview":"max-video-preview:-1"},"canonical":"https:\/\/www.nevhangunduz.com.tr\/index.php\/2024\/03\/22\/nevhan-gunduz-onemli-olan-agaclar-degil-orman-olmali\/","og_locale":"tr_TR","og_type":"article","og_title":"G\u00fcnd\u00fcz \u201c\u0130\u015f hacmimizi ikiye katlayabilecek kapasiteye sahibiz.","og_description":"Nevhan G\u00fcnd\u00fcz; \u201c\u0130\u015f hacmimizi ikiye katlayabilecek kapasiteye sahibiz. Ancak \u015firket k\u00e2rl\u0131l\u0131\u011f\u0131n\u0131 ve ortaklar\u0131m\u0131z\u0131n faydas\u0131n\u0131 g\u00f6zetmemiz...","og_url":"https:\/\/www.nevhangunduz.com.tr\/index.php\/2024\/03\/22\/nevhan-gunduz-onemli-olan-agaclar-degil-orman-olmali\/","og_site_name":"Nevhan G\u00fcnd\u00fcz","article_published_time":"2024-03-22T15:11:00+00:00","article_modified_time":"2025-05-09T15:19:27+00:00","og_image":[{"width":700,"height":466,"url":"https:\/\/www.nevhangunduz.com.tr\/wp-content\/uploads\/2025\/05\/platin_ng.jpg","type":"image\/jpeg"}],"author":"Nevhan G\u00fcnd\u00fcz","twitter_card":"summary_large_image","twitter_misc":{"Yazan:":"Nevhan G\u00fcnd\u00fcz","Tahmini okuma s\u00fcresi":"8 dakika"},"schema":{"@context":"https:\/\/schema.org","@graph":[{"@type":"Article","@id":"https:\/\/www.nevhangunduz.com.tr\/index.php\/2024\/03\/22\/nevhan-gunduz-onemli-olan-agaclar-degil-orman-olmali\/#article","isPartOf":{"@id":"https:\/\/www.nevhangunduz.com.tr\/index.php\/2024\/03\/22\/nevhan-gunduz-onemli-olan-agaclar-degil-orman-olmali\/"},"author":{"name":"Nevhan G\u00fcnd\u00fcz","@id":"https:\/\/www.nevhangunduz.com.tr\/#\/schema\/person\/daacf86fe79758fd3cd3416eafa012d3"},"headline":"Nevhan G\u00fcnd\u00fcz; \u201c\u00d6nemli olan a\u011fa\u00e7lar de\u011fil, orman olmal\u0131.\u201c","datePublished":"2024-03-22T15:11:00+00:00","dateModified":"2025-05-09T15:19:27+00:00","mainEntityOfPage":{"@id":"https:\/\/www.nevhangunduz.com.tr\/index.php\/2024\/03\/22\/nevhan-gunduz-onemli-olan-agaclar-degil-orman-olmali\/"},"wordCount":1645,"image":{"@id":"https:\/\/www.nevhangunduz.com.tr\/index.php\/2024\/03\/22\/nevhan-gunduz-onemli-olan-agaclar-degil-orman-olmali\/#primaryimage"},"thumbnailUrl":"https:\/\/www.nevhangunduz.com.tr\/wp-content\/uploads\/2025\/05\/platin_ng.jpg","keywords":["Nevhan G\u00fcnd\u00fcz Bloomberg","Nevhan G\u00fcnd\u00fcz B\u00fcy\u00fck Klub","Nevhan G\u00fcnd\u00fcz Canl\u0131 Yay\u0131n","Nevhan G\u00fcnd\u00fcz Gazete Haberleri","Nevhan G\u00fcnd\u00fcz Hayat\u0131","Nevhan G\u00fcnd\u00fcz kimdir","Nevhan G\u00fcnd\u00fcz meslek egitimi","Nevhan G\u00fcnd\u00fcz Metro","nevhan g\u00fcnd\u00fcz sunum","nevhan g\u00fcnd\u00fcz t\u00fcsiad","Nevhan G\u00fcnd\u00fcz TV R\u00f6portaj\u0131","para dergisi nevhan g\u00fcnd\u00fcz","sabah gazetesi nevhan g\u00fcnd\u00fcz"],"articleSection":["Yaz\u0131l\u0131 Bas\u0131n"],"inLanguage":"tr"},{"@type":"WebPage","@id":"https:\/\/www.nevhangunduz.com.tr\/index.php\/2024\/03\/22\/nevhan-gunduz-onemli-olan-agaclar-degil-orman-olmali\/","url":"https:\/\/www.nevhangunduz.com.tr\/index.php\/2024\/03\/22\/nevhan-gunduz-onemli-olan-agaclar-degil-orman-olmali\/","name":"G\u00fcnd\u00fcz \u201c\u0130\u015f hacmimizi ikiye katlayabilecek kapasiteye sahibiz.","isPartOf":{"@id":"https:\/\/www.nevhangunduz.com.tr\/#website"},"primaryImageOfPage":{"@id":"https:\/\/www.nevhangunduz.com.tr\/index.php\/2024\/03\/22\/nevhan-gunduz-onemli-olan-agaclar-degil-orman-olmali\/#primaryimage"},"image":{"@id":"https:\/\/www.nevhangunduz.com.tr\/index.php\/2024\/03\/22\/nevhan-gunduz-onemli-olan-agaclar-degil-orman-olmali\/#primaryimage"},"thumbnailUrl":"https:\/\/www.nevhangunduz.com.tr\/wp-content\/uploads\/2025\/05\/platin_ng.jpg","datePublished":"2024-03-22T15:11:00+00:00","dateModified":"2025-05-09T15:19:27+00:00","author":{"@id":"https:\/\/www.nevhangunduz.com.tr\/#\/schema\/person\/daacf86fe79758fd3cd3416eafa012d3"},"description":"Nevhan G\u00fcnd\u00fcz; \u201c\u0130\u015f hacmimizi ikiye katlayabilecek kapasiteye sahibiz. Ancak \u015firket k\u00e2rl\u0131l\u0131\u011f\u0131n\u0131 ve ortaklar\u0131m\u0131z\u0131n faydas\u0131n\u0131 g\u00f6zetmemiz...","breadcrumb":{"@id":"https:\/\/www.nevhangunduz.com.tr\/index.php\/2024\/03\/22\/nevhan-gunduz-onemli-olan-agaclar-degil-orman-olmali\/#breadcrumb"},"inLanguage":"tr","potentialAction":[{"@type":"ReadAction","target":["https:\/\/www.nevhangunduz.com.tr\/index.php\/2024\/03\/22\/nevhan-gunduz-onemli-olan-agaclar-degil-orman-olmali\/"]}]},{"@type":"ImageObject","inLanguage":"tr","@id":"https:\/\/www.nevhangunduz.com.tr\/index.php\/2024\/03\/22\/nevhan-gunduz-onemli-olan-agaclar-degil-orman-olmali\/#primaryimage","url":"https:\/\/www.nevhangunduz.com.tr\/wp-content\/uploads\/2025\/05\/platin_ng.jpg","contentUrl":"https:\/\/www.nevhangunduz.com.tr\/wp-content\/uploads\/2025\/05\/platin_ng.jpg","width":700,"height":466},{"@type":"BreadcrumbList","@id":"https:\/\/www.nevhangunduz.com.tr\/index.php\/2024\/03\/22\/nevhan-gunduz-onemli-olan-agaclar-degil-orman-olmali\/#breadcrumb","itemListElement":[{"@type":"ListItem","position":1,"name":"Ana sayfa","item":"https:\/\/www.nevhangunduz.com.tr\/"},{"@type":"ListItem","position":2,"name":"Nevhan G\u00fcnd\u00fcz; \u201c\u00d6nemli olan a\u011fa\u00e7lar de\u011fil, orman olmal\u0131.\u201c"}]},{"@type":"WebSite","@id":"https:\/\/www.nevhangunduz.com.tr\/#website","url":"https:\/\/www.nevhangunduz.com.tr\/","name":"Nevhan G\u00fcnd\u00fcz","description":"Nevhan G\u00fcnd\u00fcz Ki\u015fisel Web Sitesi","potentialAction":[{"@type":"SearchAction","target":{"@type":"EntryPoint","urlTemplate":"https:\/\/www.nevhangunduz.com.tr\/?s={search_term_string}"},"query-input":{"@type":"PropertyValueSpecification","valueRequired":true,"valueName":"search_term_string"}}],"inLanguage":"tr"},{"@type":"Person","@id":"https:\/\/www.nevhangunduz.com.tr\/#\/schema\/person\/daacf86fe79758fd3cd3416eafa012d3","name":"Nevhan G\u00fcnd\u00fcz","sameAs":["https:\/\/www.nevhangunduz.com.tr"],"url":"https:\/\/www.nevhangunduz.com.tr\/index.php\/author\/nevhan\/"}]}},"_links":{"self":[{"href":"https:\/\/www.nevhangunduz.com.tr\/index.php\/wp-json\/wp\/v2\/posts\/1264","targetHints":{"allow":["GET"]}}],"collection":[{"href":"https:\/\/www.nevhangunduz.com.tr\/index.php\/wp-json\/wp\/v2\/posts"}],"about":[{"href":"https:\/\/www.nevhangunduz.com.tr\/index.php\/wp-json\/wp\/v2\/types\/post"}],"author":[{"embeddable":true,"href":"https:\/\/www.nevhangunduz.com.tr\/index.php\/wp-json\/wp\/v2\/users\/1"}],"replies":[{"embeddable":true,"href":"https:\/\/www.nevhangunduz.com.tr\/index.php\/wp-json\/wp\/v2\/comments?post=1264"}],"version-history":[{"count":2,"href":"https:\/\/www.nevhangunduz.com.tr\/index.php\/wp-json\/wp\/v2\/posts\/1264\/revisions"}],"predecessor-version":[{"id":1270,"href":"https:\/\/www.nevhangunduz.com.tr\/index.php\/wp-json\/wp\/v2\/posts\/1264\/revisions\/1270"}],"wp:featuredmedia":[{"embeddable":true,"href":"https:\/\/www.nevhangunduz.com.tr\/index.php\/wp-json\/wp\/v2\/media\/1269"}],"wp:attachment":[{"href":"https:\/\/www.nevhangunduz.com.tr\/index.php\/wp-json\/wp\/v2\/media?parent=1264"}],"wp:term":[{"taxonomy":"category","embeddable":true,"href":"https:\/\/www.nevhangunduz.com.tr\/index.php\/wp-json\/wp\/v2\/categories?post=1264"},{"taxonomy":"post_tag","embeddable":true,"href":"https:\/\/www.nevhangunduz.com.tr\/index.php\/wp-json\/wp\/v2\/tags?post=1264"}],"curies":[{"name":"wp","href":"https:\/\/api.w.org\/{rel}","templated":true}]}}