{"id":126,"date":"2017-01-22T21:21:45","date_gmt":"2017-01-22T18:21:45","guid":{"rendered":"https:\/\/nevhangunduz.com.tr\/?p=9"},"modified":"2017-01-22T21:21:45","modified_gmt":"2017-01-22T18:21:45","slug":"nevhan-gunduz-huseyin-yaymanla-bir-araya-geldi","status":"publish","type":"post","link":"https:\/\/www.nevhangunduz.com.tr\/index.php\/2017\/01\/22\/nevhan-gunduz-huseyin-yaymanla-bir-araya-geldi\/","title":{"rendered":"Nevhan G\u00fcnd\u00fcz, H\u00fcseyin Yayman\u2019la bir araya geldi"},"content":{"rendered":"<p><a href=\"https:\/\/nevhangunduz.com.tr\/?s=ORGE+Elektrik+CEO\">ORGE Elektrik CEO<\/a>\u2019su ve <a href=\"https:\/\/nevhangunduz.com.tr\/?s=hatiab\">HAT\u0130AB<\/a> Ba\u015fkan Yard\u0131mc\u0131s\u0131 <a href=\"https:\/\/nevhangunduz.com.tr\/?s=nevhan+gunduz\">Nevhan G\u00fcnd\u00fcz<\/a>, Hatay\u2019l\u0131&nbsp;K\u00fclt\u00fcr ve Turizm Bakan Yard\u0131mc\u0131s\u0131 Say\u0131n H\u00fcseyin Yayman\u2019la bir araya geldi.<\/p>\n","protected":false},"excerpt":{"rendered":"<p>ORGE Elektrik CEO\u2019su ve HAT\u0130AB Ba\u015fkan Yard\u0131mc\u0131s\u0131 Nevhan G\u00fcnd\u00fcz, Hatay\u2019l\u0131&nbsp;K\u00fclt\u00fcr ve Turizm Bakan Yard\u0131mc\u0131s\u0131 Say\u0131n H\u00fcseyin Yayman\u2019la bir araya geldi.<\/p>\n","protected":false},"author":1,"featured_media":22,"comment_status":"open","ping_status":"open","sticky":false,"template":"","format":"standard","meta":{"footnotes":""},"categories":[17],"tags":[25,3,15,9,16],"class_list":["post-126","post","type-post","status-publish","format-standard","has-post-thumbnail","hentry","category-nevhan-gunduz-haberler","tag-huseyin-yayman","tag-nevhan-gunduz","tag-nevhan-gunduz-hatiab","tag-nevhan-gunduz-kimdir","tag-nevhan-gunduz-orge"],"yoast_head":"<!-- This site is optimized with the Yoast SEO plugin v27.9 - https:\/\/yoast.com\/product\/yoast-seo-wordpress\/ -->\n<title>Nevhan G\u00fcnd\u00fcz, H\u00fcseyin Yayman\u2019la bir araya geldi - Nevhan G\u00fcnd\u00fcz<\/title>\n<meta name=\"robots\" content=\"index, follow, max-snippet:-1, max-image-preview:large, max-video-preview:-1\" \/>\n<link rel=\"canonical\" href=\"https:\/\/www.nevhangunduz.com.tr\/index.php\/2017\/01\/22\/nevhan-gunduz-huseyin-yaymanla-bir-araya-geldi\/\" \/>\n<meta property=\"og:locale\" content=\"tr_TR\" \/>\n<meta property=\"og:type\" content=\"article\" \/>\n<meta property=\"og:title\" content=\"Nevhan G\u00fcnd\u00fcz, H\u00fcseyin Yayman\u2019la bir araya geldi - Nevhan G\u00fcnd\u00fcz\" \/>\n<meta property=\"og:description\" content=\"ORGE Elektrik CEO\u2019su ve HAT\u0130AB Ba\u015fkan Yard\u0131mc\u0131s\u0131 Nevhan G\u00fcnd\u00fcz, Hatay\u2019l\u0131&nbsp;K\u00fclt\u00fcr ve Turizm Bakan Yard\u0131mc\u0131s\u0131 Say\u0131n H\u00fcseyin Yayman\u2019la bir araya geldi.\" \/>\n<meta property=\"og:url\" content=\"https:\/\/www.nevhangunduz.com.tr\/index.php\/2017\/01\/22\/nevhan-gunduz-huseyin-yaymanla-bir-araya-geldi\/\" \/>\n<meta property=\"og:site_name\" content=\"Nevhan G\u00fcnd\u00fcz\" \/>\n<meta property=\"article:published_time\" content=\"2017-01-22T18:21:45+00:00\" \/>\n<meta property=\"og:image\" content=\"https:\/\/www.nevhangunduz.com.tr\/wp-content\/uploads\/2017\/01\/nevhan_gunduz-huseyin-yayman.jpg\" \/>\n\t<meta property=\"og:image:width\" content=\"960\" \/>\n\t<meta property=\"og:image:height\" content=\"540\" \/>\n\t<meta property=\"og:image:type\" content=\"image\/jpeg\" \/>\n<meta name=\"author\" content=\"Nevhan G\u00fcnd\u00fcz\" \/>\n<meta name=\"twitter:card\" content=\"summary_large_image\" \/>\n<meta name=\"twitter:label1\" content=\"Yazan:\" \/>\n\t<meta name=\"twitter:data1\" content=\"Nevhan G\u00fcnd\u00fcz\" \/>\n<script type=\"application\/ld+json\" class=\"yoast-schema-graph\">{\"@context\":\"https:\\\/\\\/schema.org\",\"@graph\":[{\"@type\":\"Article\",\"@id\":\"https:\\\/\\\/www.nevhangunduz.com.tr\\\/index.php\\\/2017\\\/01\\\/22\\\/nevhan-gunduz-huseyin-yaymanla-bir-araya-geldi\\\/#article\",\"isPartOf\":{\"@id\":\"https:\\\/\\\/www.nevhangunduz.com.tr\\\/index.php\\\/2017\\\/01\\\/22\\\/nevhan-gunduz-huseyin-yaymanla-bir-araya-geldi\\\/\"},\"author\":{\"name\":\"Nevhan G\u00fcnd\u00fcz\",\"@id\":\"https:\\\/\\\/www.nevhangunduz.com.tr\\\/#\\\/schema\\\/person\\\/daacf86fe79758fd3cd3416eafa012d3\"},\"headline\":\"Nevhan G\u00fcnd\u00fcz, H\u00fcseyin Yayman\u2019la bir araya geldi\",\"datePublished\":\"2017-01-22T18:21:45+00:00\",\"mainEntityOfPage\":{\"@id\":\"https:\\\/\\\/www.nevhangunduz.com.tr\\\/index.php\\\/2017\\\/01\\\/22\\\/nevhan-gunduz-huseyin-yaymanla-bir-araya-geldi\\\/\"},\"wordCount\":48,\"commentCount\":0,\"image\":{\"@id\":\"https:\\\/\\\/www.nevhangunduz.com.tr\\\/index.php\\\/2017\\\/01\\\/22\\\/nevhan-gunduz-huseyin-yaymanla-bir-araya-geldi\\\/#primaryimage\"},\"thumbnailUrl\":\"https:\\\/\\\/www.nevhangunduz.com.tr\\\/wp-content\\\/uploads\\\/2017\\\/01\\\/nevhan_gunduz-huseyin-yayman.jpg\",\"keywords\":[\"H\u00fcseyin Yayman\",\"Nevhan G\u00fcnd\u00fcz\",\"Nevhan G\u00fcnd\u00fcz HAT\u0130AB\",\"Nevhan G\u00fcnd\u00fcz kimdir\",\"Nevhan G\u00fcnd\u00fcz ORGE\"],\"articleSection\":[\"Nevhan G\u00fcnd\u00fcz'den Haberler\"],\"inLanguage\":\"tr\",\"potentialAction\":[{\"@type\":\"CommentAction\",\"name\":\"Comment\",\"target\":[\"https:\\\/\\\/www.nevhangunduz.com.tr\\\/index.php\\\/2017\\\/01\\\/22\\\/nevhan-gunduz-huseyin-yaymanla-bir-araya-geldi\\\/#respond\"]}]},{\"@type\":\"WebPage\",\"@id\":\"https:\\\/\\\/www.nevhangunduz.com.tr\\\/index.php\\\/2017\\\/01\\\/22\\\/nevhan-gunduz-huseyin-yaymanla-bir-araya-geldi\\\/\",\"url\":\"https:\\\/\\\/www.nevhangunduz.com.tr\\\/index.php\\\/2017\\\/01\\\/22\\\/nevhan-gunduz-huseyin-yaymanla-bir-araya-geldi\\\/\",\"name\":\"Nevhan G\u00fcnd\u00fcz, H\u00fcseyin Yayman\u2019la bir araya geldi - Nevhan G\u00fcnd\u00fcz\",\"isPartOf\":{\"@id\":\"https:\\\/\\\/www.nevhangunduz.com.tr\\\/#website\"},\"primaryImageOfPage\":{\"@id\":\"https:\\\/\\\/www.nevhangunduz.com.tr\\\/index.php\\\/2017\\\/01\\\/22\\\/nevhan-gunduz-huseyin-yaymanla-bir-araya-geldi\\\/#primaryimage\"},\"image\":{\"@id\":\"https:\\\/\\\/www.nevhangunduz.com.tr\\\/index.php\\\/2017\\\/01\\\/22\\\/nevhan-gunduz-huseyin-yaymanla-bir-araya-geldi\\\/#primaryimage\"},\"thumbnailUrl\":\"https:\\\/\\\/www.nevhangunduz.com.tr\\\/wp-content\\\/uploads\\\/2017\\\/01\\\/nevhan_gunduz-huseyin-yayman.jpg\",\"datePublished\":\"2017-01-22T18:21:45+00:00\",\"author\":{\"@id\":\"https:\\\/\\\/www.nevhangunduz.com.tr\\\/#\\\/schema\\\/person\\\/daacf86fe79758fd3cd3416eafa012d3\"},\"breadcrumb\":{\"@id\":\"https:\\\/\\\/www.nevhangunduz.com.tr\\\/index.php\\\/2017\\\/01\\\/22\\\/nevhan-gunduz-huseyin-yaymanla-bir-araya-geldi\\\/#breadcrumb\"},\"inLanguage\":\"tr\",\"potentialAction\":[{\"@type\":\"ReadAction\",\"target\":[\"https:\\\/\\\/www.nevhangunduz.com.tr\\\/index.php\\\/2017\\\/01\\\/22\\\/nevhan-gunduz-huseyin-yaymanla-bir-araya-geldi\\\/\"]}]},{\"@type\":\"ImageObject\",\"inLanguage\":\"tr\",\"@id\":\"https:\\\/\\\/www.nevhangunduz.com.tr\\\/index.php\\\/2017\\\/01\\\/22\\\/nevhan-gunduz-huseyin-yaymanla-bir-araya-geldi\\\/#primaryimage\",\"url\":\"https:\\\/\\\/www.nevhangunduz.com.tr\\\/wp-content\\\/uploads\\\/2017\\\/01\\\/nevhan_gunduz-huseyin-yayman.jpg\",\"contentUrl\":\"https:\\\/\\\/www.nevhangunduz.com.tr\\\/wp-content\\\/uploads\\\/2017\\\/01\\\/nevhan_gunduz-huseyin-yayman.jpg\",\"width\":960,\"height\":540,\"caption\":\"Nevhan G\u00fcnd\u00fcz\"},{\"@type\":\"BreadcrumbList\",\"@id\":\"https:\\\/\\\/www.nevhangunduz.com.tr\\\/index.php\\\/2017\\\/01\\\/22\\\/nevhan-gunduz-huseyin-yaymanla-bir-araya-geldi\\\/#breadcrumb\",\"itemListElement\":[{\"@type\":\"ListItem\",\"position\":1,\"name\":\"Ana sayfa\",\"item\":\"https:\\\/\\\/www.nevhangunduz.com.tr\\\/\"},{\"@type\":\"ListItem\",\"position\":2,\"name\":\"Nevhan G\u00fcnd\u00fcz, H\u00fcseyin Yayman\u2019la bir araya geldi\"}]},{\"@type\":\"WebSite\",\"@id\":\"https:\\\/\\\/www.nevhangunduz.com.tr\\\/#website\",\"url\":\"https:\\\/\\\/www.nevhangunduz.com.tr\\\/\",\"name\":\"Nevhan G\u00fcnd\u00fcz\",\"description\":\"Nevhan G\u00fcnd\u00fcz Ki\u015fisel Web Sitesi\",\"potentialAction\":[{\"@type\":\"SearchAction\",\"target\":{\"@type\":\"EntryPoint\",\"urlTemplate\":\"https:\\\/\\\/www.nevhangunduz.com.tr\\\/?s={search_term_string}\"},\"query-input\":{\"@type\":\"PropertyValueSpecification\",\"valueRequired\":true,\"valueName\":\"search_term_string\"}}],\"inLanguage\":\"tr\"},{\"@type\":\"Person\",\"@id\":\"https:\\\/\\\/www.nevhangunduz.com.tr\\\/#\\\/schema\\\/person\\\/daacf86fe79758fd3cd3416eafa012d3\",\"name\":\"Nevhan G\u00fcnd\u00fcz\",\"sameAs\":[\"https:\\\/\\\/www.nevhangunduz.com.tr\"],\"url\":\"https:\\\/\\\/www.nevhangunduz.com.tr\\\/index.php\\\/author\\\/nevhan\\\/\"}]}<\/script>\n<!-- \/ Yoast SEO plugin. -->","yoast_head_json":{"title":"Nevhan G\u00fcnd\u00fcz, H\u00fcseyin Yayman\u2019la bir araya geldi - Nevhan G\u00fcnd\u00fcz","robots":{"index":"index","follow":"follow","max-snippet":"max-snippet:-1","max-image-preview":"max-image-preview:large","max-video-preview":"max-video-preview:-1"},"canonical":"https:\/\/www.nevhangunduz.com.tr\/index.php\/2017\/01\/22\/nevhan-gunduz-huseyin-yaymanla-bir-araya-geldi\/","og_locale":"tr_TR","og_type":"article","og_title":"Nevhan G\u00fcnd\u00fcz, H\u00fcseyin Yayman\u2019la bir araya geldi - Nevhan G\u00fcnd\u00fcz","og_description":"ORGE Elektrik CEO\u2019su ve HAT\u0130AB Ba\u015fkan Yard\u0131mc\u0131s\u0131 Nevhan G\u00fcnd\u00fcz, Hatay\u2019l\u0131&nbsp;K\u00fclt\u00fcr ve Turizm Bakan Yard\u0131mc\u0131s\u0131 Say\u0131n H\u00fcseyin Yayman\u2019la bir araya geldi.","og_url":"https:\/\/www.nevhangunduz.com.tr\/index.php\/2017\/01\/22\/nevhan-gunduz-huseyin-yaymanla-bir-araya-geldi\/","og_site_name":"Nevhan G\u00fcnd\u00fcz","article_published_time":"2017-01-22T18:21:45+00:00","og_image":[{"width":960,"height":540,"url":"https:\/\/www.nevhangunduz.com.tr\/wp-content\/uploads\/2017\/01\/nevhan_gunduz-huseyin-yayman.jpg","type":"image\/jpeg"}],"author":"Nevhan G\u00fcnd\u00fcz","twitter_card":"summary_large_image","twitter_misc":{"Yazan:":"Nevhan G\u00fcnd\u00fcz"},"schema":{"@context":"https:\/\/schema.org","@graph":[{"@type":"Article","@id":"https:\/\/www.nevhangunduz.com.tr\/index.php\/2017\/01\/22\/nevhan-gunduz-huseyin-yaymanla-bir-araya-geldi\/#article","isPartOf":{"@id":"https:\/\/www.nevhangunduz.com.tr\/index.php\/2017\/01\/22\/nevhan-gunduz-huseyin-yaymanla-bir-araya-geldi\/"},"author":{"name":"Nevhan G\u00fcnd\u00fcz","@id":"https:\/\/www.nevhangunduz.com.tr\/#\/schema\/person\/daacf86fe79758fd3cd3416eafa012d3"},"headline":"Nevhan G\u00fcnd\u00fcz, H\u00fcseyin Yayman\u2019la bir araya geldi","datePublished":"2017-01-22T18:21:45+00:00","mainEntityOfPage":{"@id":"https:\/\/www.nevhangunduz.com.tr\/index.php\/2017\/01\/22\/nevhan-gunduz-huseyin-yaymanla-bir-araya-geldi\/"},"wordCount":48,"commentCount":0,"image":{"@id":"https:\/\/www.nevhangunduz.com.tr\/index.php\/2017\/01\/22\/nevhan-gunduz-huseyin-yaymanla-bir-araya-geldi\/#primaryimage"},"thumbnailUrl":"https:\/\/www.nevhangunduz.com.tr\/wp-content\/uploads\/2017\/01\/nevhan_gunduz-huseyin-yayman.jpg","keywords":["H\u00fcseyin Yayman","Nevhan G\u00fcnd\u00fcz","Nevhan G\u00fcnd\u00fcz HAT\u0130AB","Nevhan G\u00fcnd\u00fcz kimdir","Nevhan G\u00fcnd\u00fcz ORGE"],"articleSection":["Nevhan G\u00fcnd\u00fcz'den Haberler"],"inLanguage":"tr","potentialAction":[{"@type":"CommentAction","name":"Comment","target":["https:\/\/www.nevhangunduz.com.tr\/index.php\/2017\/01\/22\/nevhan-gunduz-huseyin-yaymanla-bir-araya-geldi\/#respond"]}]},{"@type":"WebPage","@id":"https:\/\/www.nevhangunduz.com.tr\/index.php\/2017\/01\/22\/nevhan-gunduz-huseyin-yaymanla-bir-araya-geldi\/","url":"https:\/\/www.nevhangunduz.com.tr\/index.php\/2017\/01\/22\/nevhan-gunduz-huseyin-yaymanla-bir-araya-geldi\/","name":"Nevhan G\u00fcnd\u00fcz, H\u00fcseyin Yayman\u2019la bir araya geldi - Nevhan G\u00fcnd\u00fcz","isPartOf":{"@id":"https:\/\/www.nevhangunduz.com.tr\/#website"},"primaryImageOfPage":{"@id":"https:\/\/www.nevhangunduz.com.tr\/index.php\/2017\/01\/22\/nevhan-gunduz-huseyin-yaymanla-bir-araya-geldi\/#primaryimage"},"image":{"@id":"https:\/\/www.nevhangunduz.com.tr\/index.php\/2017\/01\/22\/nevhan-gunduz-huseyin-yaymanla-bir-araya-geldi\/#primaryimage"},"thumbnailUrl":"https:\/\/www.nevhangunduz.com.tr\/wp-content\/uploads\/2017\/01\/nevhan_gunduz-huseyin-yayman.jpg","datePublished":"2017-01-22T18:21:45+00:00","author":{"@id":"https:\/\/www.nevhangunduz.com.tr\/#\/schema\/person\/daacf86fe79758fd3cd3416eafa012d3"},"breadcrumb":{"@id":"https:\/\/www.nevhangunduz.com.tr\/index.php\/2017\/01\/22\/nevhan-gunduz-huseyin-yaymanla-bir-araya-geldi\/#breadcrumb"},"inLanguage":"tr","potentialAction":[{"@type":"ReadAction","target":["https:\/\/www.nevhangunduz.com.tr\/index.php\/2017\/01\/22\/nevhan-gunduz-huseyin-yaymanla-bir-araya-geldi\/"]}]},{"@type":"ImageObject","inLanguage":"tr","@id":"https:\/\/www.nevhangunduz.com.tr\/index.php\/2017\/01\/22\/nevhan-gunduz-huseyin-yaymanla-bir-araya-geldi\/#primaryimage","url":"https:\/\/www.nevhangunduz.com.tr\/wp-content\/uploads\/2017\/01\/nevhan_gunduz-huseyin-yayman.jpg","contentUrl":"https:\/\/www.nevhangunduz.com.tr\/wp-content\/uploads\/2017\/01\/nevhan_gunduz-huseyin-yayman.jpg","width":960,"height":540,"caption":"Nevhan G\u00fcnd\u00fcz"},{"@type":"BreadcrumbList","@id":"https:\/\/www.nevhangunduz.com.tr\/index.php\/2017\/01\/22\/nevhan-gunduz-huseyin-yaymanla-bir-araya-geldi\/#breadcrumb","itemListElement":[{"@type":"ListItem","position":1,"name":"Ana sayfa","item":"https:\/\/www.nevhangunduz.com.tr\/"},{"@type":"ListItem","position":2,"name":"Nevhan G\u00fcnd\u00fcz, H\u00fcseyin Yayman\u2019la bir araya geldi"}]},{"@type":"WebSite","@id":"https:\/\/www.nevhangunduz.com.tr\/#website","url":"https:\/\/www.nevhangunduz.com.tr\/","name":"Nevhan G\u00fcnd\u00fcz","description":"Nevhan G\u00fcnd\u00fcz Ki\u015fisel Web Sitesi","potentialAction":[{"@type":"SearchAction","target":{"@type":"EntryPoint","urlTemplate":"https:\/\/www.nevhangunduz.com.tr\/?s={search_term_string}"},"query-input":{"@type":"PropertyValueSpecification","valueRequired":true,"valueName":"search_term_string"}}],"inLanguage":"tr"},{"@type":"Person","@id":"https:\/\/www.nevhangunduz.com.tr\/#\/schema\/person\/daacf86fe79758fd3cd3416eafa012d3","name":"Nevhan G\u00fcnd\u00fcz","sameAs":["https:\/\/www.nevhangunduz.com.tr"],"url":"https:\/\/www.nevhangunduz.com.tr\/index.php\/author\/nevhan\/"}]}},"_links":{"self":[{"href":"https:\/\/www.nevhangunduz.com.tr\/index.php\/wp-json\/wp\/v2\/posts\/126","targetHints":{"allow":["GET"]}}],"collection":[{"href":"https:\/\/www.nevhangunduz.com.tr\/index.php\/wp-json\/wp\/v2\/posts"}],"about":[{"href":"https:\/\/www.nevhangunduz.com.tr\/index.php\/wp-json\/wp\/v2\/types\/post"}],"author":[{"embeddable":true,"href":"https:\/\/www.nevhangunduz.com.tr\/index.php\/wp-json\/wp\/v2\/users\/1"}],"replies":[{"embeddable":true,"href":"https:\/\/www.nevhangunduz.com.tr\/index.php\/wp-json\/wp\/v2\/comments?post=126"}],"version-history":[{"count":0,"href":"https:\/\/www.nevhangunduz.com.tr\/index.php\/wp-json\/wp\/v2\/posts\/126\/revisions"}],"wp:featuredmedia":[{"embeddable":true,"href":"https:\/\/www.nevhangunduz.com.tr\/index.php\/wp-json\/wp\/v2\/media\/22"}],"wp:attachment":[{"href":"https:\/\/www.nevhangunduz.com.tr\/index.php\/wp-json\/wp\/v2\/media?parent=126"}],"wp:term":[{"taxonomy":"category","embeddable":true,"href":"https:\/\/www.nevhangunduz.com.tr\/index.php\/wp-json\/wp\/v2\/categories?post=126"},{"taxonomy":"post_tag","embeddable":true,"href":"https:\/\/www.nevhangunduz.com.tr\/index.php\/wp-json\/wp\/v2\/tags?post=126"}],"curies":[{"name":"wp","href":"https:\/\/api.w.org\/{rel}","templated":true}]}}