{"id":1246,"date":"2022-09-29T19:18:55","date_gmt":"2022-09-29T16:18:55","guid":{"rendered":"https:\/\/www.nevhangunduz.com.tr\/?p=1246"},"modified":"2022-09-29T19:27:54","modified_gmt":"2022-09-29T16:27:54","slug":"nevhan-gunduz-is-hacmimizi-ikiye-katlayabilecek-kapasiteye-sahibiz","status":"publish","type":"post","link":"https:\/\/www.nevhangunduz.com.tr\/index.php\/2022\/09\/29\/nevhan-gunduz-is-hacmimizi-ikiye-katlayabilecek-kapasiteye-sahibiz\/","title":{"rendered":"Nevhan G\u00fcnd\u00fcz; \u201c\u0130\u015f hacmimizi ikiye katlayabilecek kapasiteye sahibiz."},"content":{"rendered":"\n<h1 class=\"wp-block-heading\">Nevhan G\u00fcnd\u00fcz; \u201c\u0130\u015f hacmimizi ikiye katlayabilecek kapasiteye sahibiz.<\/h1>\n\n\n\n<p>Nevhan G\u00fcnd\u00fcz<\/p>\n\n\n\n<p><strong><a href=\"http:\/\/www.orge.com.tr\">ORGE Elektrik <\/a>2021 y\u0131l\u0131nda has\u0131lat\u0131nda y\u00fczde 87\u2019lik art\u0131\u015fla 300 milyon TL seviyesini geride b\u0131rak\u0131rken 104 milyon TL net kar elde etti. 24. y\u0131l\u0131n\u0131 kutlayan ve bug\u00fcn 700\u2019e yak\u0131n ki\u015fiye istihdam sa\u011flayan <a href=\"http:\/\/www.orge.com.tr\">ORGE Elektrik<\/a>, 2021 y\u0131l\u0131 finansal sonu\u00e7lar\u0131n\u0131 duyurdu. <\/strong><\/p>\n\n\n\n<p><strong>A\u00e7\u0131klanan tabloya g\u00f6re \u015firket, 2012 y\u0131l\u0131nda ger\u00e7ekle\u015fen halka arz\u0131ndan bu yana devam olumlu performans\u0131n\u0131 koruyarak has\u0131lat, FAV\u00d6K ve net k\u00e2r\u0131n\u0131 art\u0131rmay\u0131 ba\u015fard\u0131.<\/strong><\/p>\n\n\n\n<p>A\u00e7\u0131klanan 2021 y\u0131l\u0131 sonu\u00e7lara g\u00f6re ORGE Elektrik\u2019in has\u0131lat\u0131, 308 milyon 759 bin TL\u2019ye y\u00fckselerek bir \u00f6nceki y\u0131la k\u0131yasla y\u00fczde 87 art\u0131\u015f g\u00f6sterdi. <\/p>\n\n\n\n<p>\u015eirketin FAV\u00d6K seviyesi de y\u00fczde 77\u2019lik art\u0131\u015fla 103 milyon 974 bin TL oldu. ORGE Elektrik\u2019in 2021 y\u0131l\u0131 net kar rakam\u0131 ise 103 milyon 961 bin TL\u2019ye ula\u015ft\u0131 ve y\u00fczde 90\u2019l\u0131k b\u00fcy\u00fcme g\u00f6stermi\u015f oldu.<\/p>\n\n\n\n<p>Halen 7\u2019si rayl\u0131 sistem olmak \u00fczere toplam 10 projede \u00e7al\u0131\u015fmalar\u0131na devam eden Orge Enerji\u2019nin bu projelerin s\u00f6zle\u015fme b\u00fcy\u00fckl\u00fc\u011f\u00fc yakla\u015f\u0131k 700 milyon TL seviyesinde bulunuyor. <\/p>\n\n\n\n<p>2021 y\u0131lsonu itibar\u0131yla bakiye devam eden i\u015f miktar\u0131 ise 300 milyon TL seviyesinde. <\/p>\n\n\n\n<p>Orge Enerji Elektrik Taahh\u00fct Y\u00f6netim Kurulu Ba\u015fkan Yard\u0131mc\u0131s\u0131 ve CEO\u2019su <a href=\"https:\/\/www.nevhangunduz.com.tr\/index.php\/nevhan-gunduz-kimdir\/\">Nevhan G\u00fcnd\u00fcz<\/a>; \u201c\u0130\u015f hacmimizi ikiye katlayabilecek kapasiteye sahibiz. <\/p>\n\n\n\n<p>Ancak \u015firket k\u00e2rl\u0131l\u0131\u011f\u0131n\u0131 ve ortaklar\u0131m\u0131z\u0131n faydas\u0131n\u0131 g\u00f6zetmemiz gerekiyor. Risk y\u00f6netim uygulamalar\u0131m\u0131z \u00e7er\u00e7evesinde proje se\u00e7iminde temkinli hareket ediyoruz\u201d dedi.<\/p>\n\n\n\n<blockquote class=\"wp-block-quote is-layout-flow wp-block-quote-is-layout-flow\"><p><strong><a href=\"https:\/\/www.ekonomist.com.tr\/tag\/talip-yilmaz\">EKONOM\u0130ST &#8211; Talip YILMAZ<\/a> \/ <\/strong> <em>05<\/em> Nisan 2022  <br>Nevhan G\u00dcND\u00dcZ \/ <a href=\"http:\/\/www.orge.com.tr\">Orge Elektrik Taahh\u00fct<\/a> CEO&#8217;su <\/p><\/blockquote>\n\n\n\n<figure class=\"wp-block-gallery has-nested-images columns-default is-cropped wp-block-gallery-1 is-layout-flex wp-block-gallery-is-layout-flex\">\n<figure class=\"wp-block-image size-large\"><img loading=\"lazy\" decoding=\"async\" width=\"1024\" height=\"697\" data-id=\"1238\" src=\"https:\/\/www.nevhangunduz.com.tr\/wp-content\/uploads\/2022\/09\/ERG_3006-1024x697.jpg\" alt=\"\" class=\"wp-image-1238\" srcset=\"https:\/\/www.nevhangunduz.com.tr\/wp-content\/uploads\/2022\/09\/ERG_3006-1024x697.jpg 1024w, https:\/\/www.nevhangunduz.com.tr\/wp-content\/uploads\/2022\/09\/ERG_3006-300x204.jpg 300w, https:\/\/www.nevhangunduz.com.tr\/wp-content\/uploads\/2022\/09\/ERG_3006-768x523.jpg 768w, https:\/\/www.nevhangunduz.com.tr\/wp-content\/uploads\/2022\/09\/ERG_3006-1536x1045.jpg 1536w, https:\/\/www.nevhangunduz.com.tr\/wp-content\/uploads\/2022\/09\/ERG_3006-2048x1394.jpg 2048w, https:\/\/www.nevhangunduz.com.tr\/wp-content\/uploads\/2022\/09\/ERG_3006-400x272.jpg 400w\" sizes=\"auto, (max-width: 1024px) 100vw, 1024px\" \/><\/figure>\n<\/figure>\n\n\n\n<h4 class=\"wp-block-heading\">DO\u011eAL HEDGE<\/h4>\n\n\n\n<p>\u0130n\u015faat sekt\u00f6r\u00fc genelinde, dolay\u0131s\u0131yla elektrik alt sekt\u00f6r\u00fcnde malzeme giderleri, maliyetlerin \u00f6nemli k\u0131sm\u0131n\u0131 olu\u015fturuyor. <\/p>\n\n\n\n<p>Nevhan G\u00fcnd\u00fcz; \u015firketin devam etmekte olan projelerinde ortaya \u00e7\u0131kabilecek kur ve emtia fiyat risklerini do\u011fal hedge\/\u00f6n al\u0131m yolu ile minimize ettiklerini s\u00f6yledi.<\/p>\n\n\n\n<p>Tedarik\u00e7iler ile de forward s\u00f6zle\u015fmeler ve iskontolu \u00f6n al\u0131m yolu ile fiyatlar\u0131n belirli vadelerde sabitlenmesine gayret ettiklerini de belirterek \u201cBu sayede, \u015firketimiz imalatlar\u0131ndaki en \u00f6nemli maliyet kalemlerinden biri olan malzeme al\u0131mlar\u0131n\u0131n yaratt\u0131\u011f\u0131 d\u00f6viz kuru ve emtia fiyat riskini \u00f6nemli \u00f6l\u00e7\u00fcde azalt\u0131yoruz\u201d a\u00e7\u0131klamas\u0131n\u0131 yapt\u0131.<\/p>\n\n\n\n<figure class=\"wp-block-image size-large\"><img loading=\"lazy\" decoding=\"async\" width=\"1024\" height=\"657\" src=\"https:\/\/www.nevhangunduz.com.tr\/wp-content\/uploads\/2022\/09\/ERG_3030-scaled-e1664465941907-1024x657.jpg\" alt=\"Nevhan G\u00fcnd\u00fcz\" class=\"wp-image-1239\" srcset=\"https:\/\/www.nevhangunduz.com.tr\/wp-content\/uploads\/2022\/09\/ERG_3030-scaled-e1664465941907-1024x657.jpg 1024w, https:\/\/www.nevhangunduz.com.tr\/wp-content\/uploads\/2022\/09\/ERG_3030-scaled-e1664465941907-300x193.jpg 300w, https:\/\/www.nevhangunduz.com.tr\/wp-content\/uploads\/2022\/09\/ERG_3030-scaled-e1664465941907-768x493.jpg 768w, https:\/\/www.nevhangunduz.com.tr\/wp-content\/uploads\/2022\/09\/ERG_3030-scaled-e1664465941907-400x257.jpg 400w, https:\/\/www.nevhangunduz.com.tr\/wp-content\/uploads\/2022\/09\/ERG_3030-scaled-e1664465941907.jpg 1050w\" sizes=\"auto, (max-width: 1024px) 100vw, 1024px\" \/><\/figure>\n\n\n\n<h4 class=\"wp-block-heading\">H\u0130SSE ALIMI OLAB\u0130L\u0130R<\/h4>\n\n\n\n<p>Mevcut hisse fiyat\u0131n\u0131n \u015firketin operasyonel ve finansal performans\u0131n\u0131 yans\u0131tmad\u0131\u011f\u0131n\u0131 da d\u00fc\u015f\u00fcnen G\u00fcnd\u00fcz \u201cNitekim; dahil oldu\u011fumuz B\u0130ST \u0130n\u015faat Endeksi\u2019nde Fiyat\/Kazan\u00e7 oran\u0131 (F\/K) ortalamas\u0131 yakla\u015f\u0131k 10 iken, ORGE 5\u2019ler seviyesinde i\u015flem g\u00f6r\u00fcyor. <\/p>\n\n\n\n<p>K\u0131sa s\u00fcreli bir sapma olarak de\u011ferlendirdi\u011fimiz bu durumun sekt\u00f6r ortalamalar\u0131na yak\u0131nsayaca\u011f\u0131na inan\u0131yoruz. <\/p>\n\n\n\n<p>\u00d6te yandan ba\u015far\u0131l\u0131 performans\u0131m\u0131z\u0131 s\u00fcrekli k\u0131laca\u011f\u0131m\u0131za ili\u015fkin duydu\u011fumuz g\u00fcven nedeni ile y\u0131lba\u015f\u0131ndan bu yana \u015firket olarak 1 milyon adedin \u00fczerinde hissemizi geri ald\u0131k\u201d dedi.<\/p>\n\n\n\n<h4 class=\"wp-block-heading\">\u00c7ALI\u015eANLARI ORTAK ED\u0130YOR<\/h4>\n\n\n\n<p>\u015eirketi paylar\u0131n\u0131n geri al\u0131m\u0131 ile ORGE \u00e7al\u0131\u015fanlar\u0131na \u015firket pay\u0131 edindirilmesi aras\u0131nda pozitif y\u00f6nl\u00fc bir ili\u015fki bulundu\u011funa da dikkat \u00e7eken G\u00fcnd\u00fcz; daha \u00f6nce geri ald\u0131klar\u0131 paylar\u0131 kullanarak bir k\u0131s\u0131m \u00e7al\u0131\u015fan\u0131n\u0131 ORGE pay sahibi yapt\u0131klar\u0131n\u0131 hat\u0131rlatt\u0131. <\/p>\n\n\n\n<p>\u015eartlar uygun oldu\u011funda bu uygulamaya devam etmek istediklerini de kaydetti.<\/p>\n","protected":false},"excerpt":{"rendered":"<p>Nevhan G\u00fcnd\u00fcz; \u201c\u0130\u015f hacmimizi ikiye katlayabilecek kapasiteye sahibiz.<\/p>\n","protected":false},"author":1,"featured_media":1247,"comment_status":"closed","ping_status":"closed","sticky":false,"template":"","format":"standard","meta":{"footnotes":""},"categories":[18],"tags":[4,5,6,7,8,9,10,11,12,13,14,39,38],"class_list":["post-1246","post","type-post","status-publish","format-standard","has-post-thumbnail","hentry","category-nevhan-gunduz-yazili-basin","tag-nevhan-gunduz-bloomberg","tag-nevhan-gunduz-buyuk-klub","tag-nevhan-gunduz-canli-yayin","tag-nevhan-gunduz-gazete-haberleri","tag-nevhan-gunduz-hayati","tag-nevhan-gunduz-kimdir","tag-nevhan-gunduz-meslek-egitimi","tag-nevhan-gunduz-metro","tag-nevhan-gunduz-sunum","tag-nevhan-gunduz-tusiad","tag-nevhan-gunduz-tv-roportaji","tag-para-dergisi-nevhan-gunduz","tag-sabah-gazetesi-nevhan-gunduz"],"yoast_head":"<!-- This site is optimized with the Yoast SEO plugin v27.9 - https:\/\/yoast.com\/product\/yoast-seo-wordpress\/ -->\n<title>G\u00fcnd\u00fcz \u201c\u0130\u015f hacmimizi ikiye katlayabilecek kapasiteye sahibiz.<\/title>\n<meta name=\"description\" content=\"Nevhan G\u00fcnd\u00fcz; \u201c\u0130\u015f hacmimizi ikiye katlayabilecek kapasiteye sahibiz. Ancak \u015firket k\u00e2rl\u0131l\u0131\u011f\u0131n\u0131 ve ortaklar\u0131m\u0131z\u0131n faydas\u0131n\u0131 g\u00f6zetmemiz...\" \/>\n<meta name=\"robots\" content=\"index, follow, max-snippet:-1, max-image-preview:large, max-video-preview:-1\" \/>\n<link rel=\"canonical\" href=\"https:\/\/www.nevhangunduz.com.tr\/index.php\/2022\/09\/29\/nevhan-gunduz-is-hacmimizi-ikiye-katlayabilecek-kapasiteye-sahibiz\/\" \/>\n<meta property=\"og:locale\" content=\"tr_TR\" \/>\n<meta property=\"og:type\" content=\"article\" \/>\n<meta property=\"og:title\" content=\"G\u00fcnd\u00fcz \u201c\u0130\u015f hacmimizi ikiye katlayabilecek kapasiteye sahibiz.\" \/>\n<meta property=\"og:description\" content=\"Nevhan G\u00fcnd\u00fcz; \u201c\u0130\u015f hacmimizi ikiye katlayabilecek kapasiteye sahibiz. Ancak \u015firket k\u00e2rl\u0131l\u0131\u011f\u0131n\u0131 ve ortaklar\u0131m\u0131z\u0131n faydas\u0131n\u0131 g\u00f6zetmemiz...\" \/>\n<meta property=\"og:url\" content=\"https:\/\/www.nevhangunduz.com.tr\/index.php\/2022\/09\/29\/nevhan-gunduz-is-hacmimizi-ikiye-katlayabilecek-kapasiteye-sahibiz\/\" \/>\n<meta property=\"og:site_name\" content=\"Nevhan G\u00fcnd\u00fcz\" \/>\n<meta property=\"article:published_time\" content=\"2022-09-29T16:18:55+00:00\" \/>\n<meta property=\"article:modified_time\" content=\"2022-09-29T16:27:54+00:00\" \/>\n<meta property=\"og:image\" content=\"https:\/\/www.nevhangunduz.com.tr\/wp-content\/uploads\/2022\/09\/ekonomist_05042022y.jpg\" \/>\n\t<meta property=\"og:image:width\" content=\"2100\" \/>\n\t<meta property=\"og:image:height\" content=\"1200\" \/>\n\t<meta property=\"og:image:type\" content=\"image\/jpeg\" \/>\n<meta name=\"author\" content=\"Nevhan G\u00fcnd\u00fcz\" \/>\n<meta name=\"twitter:card\" content=\"summary_large_image\" \/>\n<meta name=\"twitter:label1\" content=\"Yazan:\" \/>\n\t<meta name=\"twitter:data1\" content=\"Nevhan G\u00fcnd\u00fcz\" \/>\n\t<meta name=\"twitter:label2\" content=\"Tahmini okuma s\u00fcresi\" \/>\n\t<meta name=\"twitter:data2\" content=\"3 dakika\" \/>\n<script type=\"application\/ld+json\" class=\"yoast-schema-graph\">{\"@context\":\"https:\\\/\\\/schema.org\",\"@graph\":[{\"@type\":\"Article\",\"@id\":\"https:\\\/\\\/www.nevhangunduz.com.tr\\\/index.php\\\/2022\\\/09\\\/29\\\/nevhan-gunduz-is-hacmimizi-ikiye-katlayabilecek-kapasiteye-sahibiz\\\/#article\",\"isPartOf\":{\"@id\":\"https:\\\/\\\/www.nevhangunduz.com.tr\\\/index.php\\\/2022\\\/09\\\/29\\\/nevhan-gunduz-is-hacmimizi-ikiye-katlayabilecek-kapasiteye-sahibiz\\\/\"},\"author\":{\"name\":\"Nevhan G\u00fcnd\u00fcz\",\"@id\":\"https:\\\/\\\/www.nevhangunduz.com.tr\\\/#\\\/schema\\\/person\\\/daacf86fe79758fd3cd3416eafa012d3\"},\"headline\":\"Nevhan G\u00fcnd\u00fcz; \u201c\u0130\u015f hacmimizi ikiye katlayabilecek kapasiteye sahibiz.\",\"datePublished\":\"2022-09-29T16:18:55+00:00\",\"dateModified\":\"2022-09-29T16:27:54+00:00\",\"mainEntityOfPage\":{\"@id\":\"https:\\\/\\\/www.nevhangunduz.com.tr\\\/index.php\\\/2022\\\/09\\\/29\\\/nevhan-gunduz-is-hacmimizi-ikiye-katlayabilecek-kapasiteye-sahibiz\\\/\"},\"wordCount\":581,\"image\":{\"@id\":\"https:\\\/\\\/www.nevhangunduz.com.tr\\\/index.php\\\/2022\\\/09\\\/29\\\/nevhan-gunduz-is-hacmimizi-ikiye-katlayabilecek-kapasiteye-sahibiz\\\/#primaryimage\"},\"thumbnailUrl\":\"https:\\\/\\\/www.nevhangunduz.com.tr\\\/wp-content\\\/uploads\\\/2022\\\/09\\\/ekonomist_05042022y.jpg\",\"keywords\":[\"Nevhan G\u00fcnd\u00fcz Bloomberg\",\"Nevhan G\u00fcnd\u00fcz B\u00fcy\u00fck Klub\",\"Nevhan G\u00fcnd\u00fcz Canl\u0131 Yay\u0131n\",\"Nevhan G\u00fcnd\u00fcz Gazete Haberleri\",\"Nevhan G\u00fcnd\u00fcz Hayat\u0131\",\"Nevhan G\u00fcnd\u00fcz kimdir\",\"Nevhan G\u00fcnd\u00fcz meslek egitimi\",\"Nevhan G\u00fcnd\u00fcz Metro\",\"nevhan g\u00fcnd\u00fcz sunum\",\"nevhan g\u00fcnd\u00fcz t\u00fcsiad\",\"Nevhan G\u00fcnd\u00fcz TV R\u00f6portaj\u0131\",\"para dergisi nevhan g\u00fcnd\u00fcz\",\"sabah gazetesi nevhan g\u00fcnd\u00fcz\"],\"articleSection\":[\"Yaz\u0131l\u0131 Bas\u0131n\"],\"inLanguage\":\"tr\"},{\"@type\":\"WebPage\",\"@id\":\"https:\\\/\\\/www.nevhangunduz.com.tr\\\/index.php\\\/2022\\\/09\\\/29\\\/nevhan-gunduz-is-hacmimizi-ikiye-katlayabilecek-kapasiteye-sahibiz\\\/\",\"url\":\"https:\\\/\\\/www.nevhangunduz.com.tr\\\/index.php\\\/2022\\\/09\\\/29\\\/nevhan-gunduz-is-hacmimizi-ikiye-katlayabilecek-kapasiteye-sahibiz\\\/\",\"name\":\"G\u00fcnd\u00fcz \u201c\u0130\u015f hacmimizi ikiye katlayabilecek kapasiteye sahibiz.\",\"isPartOf\":{\"@id\":\"https:\\\/\\\/www.nevhangunduz.com.tr\\\/#website\"},\"primaryImageOfPage\":{\"@id\":\"https:\\\/\\\/www.nevhangunduz.com.tr\\\/index.php\\\/2022\\\/09\\\/29\\\/nevhan-gunduz-is-hacmimizi-ikiye-katlayabilecek-kapasiteye-sahibiz\\\/#primaryimage\"},\"image\":{\"@id\":\"https:\\\/\\\/www.nevhangunduz.com.tr\\\/index.php\\\/2022\\\/09\\\/29\\\/nevhan-gunduz-is-hacmimizi-ikiye-katlayabilecek-kapasiteye-sahibiz\\\/#primaryimage\"},\"thumbnailUrl\":\"https:\\\/\\\/www.nevhangunduz.com.tr\\\/wp-content\\\/uploads\\\/2022\\\/09\\\/ekonomist_05042022y.jpg\",\"datePublished\":\"2022-09-29T16:18:55+00:00\",\"dateModified\":\"2022-09-29T16:27:54+00:00\",\"author\":{\"@id\":\"https:\\\/\\\/www.nevhangunduz.com.tr\\\/#\\\/schema\\\/person\\\/daacf86fe79758fd3cd3416eafa012d3\"},\"description\":\"Nevhan G\u00fcnd\u00fcz; \u201c\u0130\u015f hacmimizi ikiye katlayabilecek kapasiteye sahibiz. Ancak \u015firket k\u00e2rl\u0131l\u0131\u011f\u0131n\u0131 ve ortaklar\u0131m\u0131z\u0131n faydas\u0131n\u0131 g\u00f6zetmemiz...\",\"breadcrumb\":{\"@id\":\"https:\\\/\\\/www.nevhangunduz.com.tr\\\/index.php\\\/2022\\\/09\\\/29\\\/nevhan-gunduz-is-hacmimizi-ikiye-katlayabilecek-kapasiteye-sahibiz\\\/#breadcrumb\"},\"inLanguage\":\"tr\",\"potentialAction\":[{\"@type\":\"ReadAction\",\"target\":[\"https:\\\/\\\/www.nevhangunduz.com.tr\\\/index.php\\\/2022\\\/09\\\/29\\\/nevhan-gunduz-is-hacmimizi-ikiye-katlayabilecek-kapasiteye-sahibiz\\\/\"]}]},{\"@type\":\"ImageObject\",\"inLanguage\":\"tr\",\"@id\":\"https:\\\/\\\/www.nevhangunduz.com.tr\\\/index.php\\\/2022\\\/09\\\/29\\\/nevhan-gunduz-is-hacmimizi-ikiye-katlayabilecek-kapasiteye-sahibiz\\\/#primaryimage\",\"url\":\"https:\\\/\\\/www.nevhangunduz.com.tr\\\/wp-content\\\/uploads\\\/2022\\\/09\\\/ekonomist_05042022y.jpg\",\"contentUrl\":\"https:\\\/\\\/www.nevhangunduz.com.tr\\\/wp-content\\\/uploads\\\/2022\\\/09\\\/ekonomist_05042022y.jpg\",\"width\":2100,\"height\":1200,\"caption\":\"Nevhan G\u00fcnd\u00fcz; \u201c\u0130\u015f hacmimizi ikiye katlayabilecek kapasiteye sahibiz. Ancak \u015firket k\u00e2rl\u0131l\u0131\u011f\u0131n\u0131 ve ortaklar\u0131m\u0131z\u0131n faydas\u0131n\u0131 g\u00f6zetmemiz gerekiyor.\"},{\"@type\":\"BreadcrumbList\",\"@id\":\"https:\\\/\\\/www.nevhangunduz.com.tr\\\/index.php\\\/2022\\\/09\\\/29\\\/nevhan-gunduz-is-hacmimizi-ikiye-katlayabilecek-kapasiteye-sahibiz\\\/#breadcrumb\",\"itemListElement\":[{\"@type\":\"ListItem\",\"position\":1,\"name\":\"Ana sayfa\",\"item\":\"https:\\\/\\\/www.nevhangunduz.com.tr\\\/\"},{\"@type\":\"ListItem\",\"position\":2,\"name\":\"Nevhan G\u00fcnd\u00fcz; \u201c\u0130\u015f hacmimizi ikiye katlayabilecek kapasiteye sahibiz.\"}]},{\"@type\":\"WebSite\",\"@id\":\"https:\\\/\\\/www.nevhangunduz.com.tr\\\/#website\",\"url\":\"https:\\\/\\\/www.nevhangunduz.com.tr\\\/\",\"name\":\"Nevhan G\u00fcnd\u00fcz\",\"description\":\"Nevhan G\u00fcnd\u00fcz Ki\u015fisel Web Sitesi\",\"potentialAction\":[{\"@type\":\"SearchAction\",\"target\":{\"@type\":\"EntryPoint\",\"urlTemplate\":\"https:\\\/\\\/www.nevhangunduz.com.tr\\\/?s={search_term_string}\"},\"query-input\":{\"@type\":\"PropertyValueSpecification\",\"valueRequired\":true,\"valueName\":\"search_term_string\"}}],\"inLanguage\":\"tr\"},{\"@type\":\"Person\",\"@id\":\"https:\\\/\\\/www.nevhangunduz.com.tr\\\/#\\\/schema\\\/person\\\/daacf86fe79758fd3cd3416eafa012d3\",\"name\":\"Nevhan G\u00fcnd\u00fcz\",\"sameAs\":[\"https:\\\/\\\/www.nevhangunduz.com.tr\"],\"url\":\"https:\\\/\\\/www.nevhangunduz.com.tr\\\/index.php\\\/author\\\/nevhan\\\/\"}]}<\/script>\n<!-- \/ Yoast SEO plugin. -->","yoast_head_json":{"title":"G\u00fcnd\u00fcz \u201c\u0130\u015f hacmimizi ikiye katlayabilecek kapasiteye sahibiz.","description":"Nevhan G\u00fcnd\u00fcz; \u201c\u0130\u015f hacmimizi ikiye katlayabilecek kapasiteye sahibiz. Ancak \u015firket k\u00e2rl\u0131l\u0131\u011f\u0131n\u0131 ve ortaklar\u0131m\u0131z\u0131n faydas\u0131n\u0131 g\u00f6zetmemiz...","robots":{"index":"index","follow":"follow","max-snippet":"max-snippet:-1","max-image-preview":"max-image-preview:large","max-video-preview":"max-video-preview:-1"},"canonical":"https:\/\/www.nevhangunduz.com.tr\/index.php\/2022\/09\/29\/nevhan-gunduz-is-hacmimizi-ikiye-katlayabilecek-kapasiteye-sahibiz\/","og_locale":"tr_TR","og_type":"article","og_title":"G\u00fcnd\u00fcz \u201c\u0130\u015f hacmimizi ikiye katlayabilecek kapasiteye sahibiz.","og_description":"Nevhan G\u00fcnd\u00fcz; \u201c\u0130\u015f hacmimizi ikiye katlayabilecek kapasiteye sahibiz. Ancak \u015firket k\u00e2rl\u0131l\u0131\u011f\u0131n\u0131 ve ortaklar\u0131m\u0131z\u0131n faydas\u0131n\u0131 g\u00f6zetmemiz...","og_url":"https:\/\/www.nevhangunduz.com.tr\/index.php\/2022\/09\/29\/nevhan-gunduz-is-hacmimizi-ikiye-katlayabilecek-kapasiteye-sahibiz\/","og_site_name":"Nevhan G\u00fcnd\u00fcz","article_published_time":"2022-09-29T16:18:55+00:00","article_modified_time":"2022-09-29T16:27:54+00:00","og_image":[{"width":2100,"height":1200,"url":"https:\/\/www.nevhangunduz.com.tr\/wp-content\/uploads\/2022\/09\/ekonomist_05042022y.jpg","type":"image\/jpeg"}],"author":"Nevhan G\u00fcnd\u00fcz","twitter_card":"summary_large_image","twitter_misc":{"Yazan:":"Nevhan G\u00fcnd\u00fcz","Tahmini okuma s\u00fcresi":"3 dakika"},"schema":{"@context":"https:\/\/schema.org","@graph":[{"@type":"Article","@id":"https:\/\/www.nevhangunduz.com.tr\/index.php\/2022\/09\/29\/nevhan-gunduz-is-hacmimizi-ikiye-katlayabilecek-kapasiteye-sahibiz\/#article","isPartOf":{"@id":"https:\/\/www.nevhangunduz.com.tr\/index.php\/2022\/09\/29\/nevhan-gunduz-is-hacmimizi-ikiye-katlayabilecek-kapasiteye-sahibiz\/"},"author":{"name":"Nevhan G\u00fcnd\u00fcz","@id":"https:\/\/www.nevhangunduz.com.tr\/#\/schema\/person\/daacf86fe79758fd3cd3416eafa012d3"},"headline":"Nevhan G\u00fcnd\u00fcz; \u201c\u0130\u015f hacmimizi ikiye katlayabilecek kapasiteye sahibiz.","datePublished":"2022-09-29T16:18:55+00:00","dateModified":"2022-09-29T16:27:54+00:00","mainEntityOfPage":{"@id":"https:\/\/www.nevhangunduz.com.tr\/index.php\/2022\/09\/29\/nevhan-gunduz-is-hacmimizi-ikiye-katlayabilecek-kapasiteye-sahibiz\/"},"wordCount":581,"image":{"@id":"https:\/\/www.nevhangunduz.com.tr\/index.php\/2022\/09\/29\/nevhan-gunduz-is-hacmimizi-ikiye-katlayabilecek-kapasiteye-sahibiz\/#primaryimage"},"thumbnailUrl":"https:\/\/www.nevhangunduz.com.tr\/wp-content\/uploads\/2022\/09\/ekonomist_05042022y.jpg","keywords":["Nevhan G\u00fcnd\u00fcz Bloomberg","Nevhan G\u00fcnd\u00fcz B\u00fcy\u00fck Klub","Nevhan G\u00fcnd\u00fcz Canl\u0131 Yay\u0131n","Nevhan G\u00fcnd\u00fcz Gazete Haberleri","Nevhan G\u00fcnd\u00fcz Hayat\u0131","Nevhan G\u00fcnd\u00fcz kimdir","Nevhan G\u00fcnd\u00fcz meslek egitimi","Nevhan G\u00fcnd\u00fcz Metro","nevhan g\u00fcnd\u00fcz sunum","nevhan g\u00fcnd\u00fcz t\u00fcsiad","Nevhan G\u00fcnd\u00fcz TV R\u00f6portaj\u0131","para dergisi nevhan g\u00fcnd\u00fcz","sabah gazetesi nevhan g\u00fcnd\u00fcz"],"articleSection":["Yaz\u0131l\u0131 Bas\u0131n"],"inLanguage":"tr"},{"@type":"WebPage","@id":"https:\/\/www.nevhangunduz.com.tr\/index.php\/2022\/09\/29\/nevhan-gunduz-is-hacmimizi-ikiye-katlayabilecek-kapasiteye-sahibiz\/","url":"https:\/\/www.nevhangunduz.com.tr\/index.php\/2022\/09\/29\/nevhan-gunduz-is-hacmimizi-ikiye-katlayabilecek-kapasiteye-sahibiz\/","name":"G\u00fcnd\u00fcz \u201c\u0130\u015f hacmimizi ikiye katlayabilecek kapasiteye sahibiz.","isPartOf":{"@id":"https:\/\/www.nevhangunduz.com.tr\/#website"},"primaryImageOfPage":{"@id":"https:\/\/www.nevhangunduz.com.tr\/index.php\/2022\/09\/29\/nevhan-gunduz-is-hacmimizi-ikiye-katlayabilecek-kapasiteye-sahibiz\/#primaryimage"},"image":{"@id":"https:\/\/www.nevhangunduz.com.tr\/index.php\/2022\/09\/29\/nevhan-gunduz-is-hacmimizi-ikiye-katlayabilecek-kapasiteye-sahibiz\/#primaryimage"},"thumbnailUrl":"https:\/\/www.nevhangunduz.com.tr\/wp-content\/uploads\/2022\/09\/ekonomist_05042022y.jpg","datePublished":"2022-09-29T16:18:55+00:00","dateModified":"2022-09-29T16:27:54+00:00","author":{"@id":"https:\/\/www.nevhangunduz.com.tr\/#\/schema\/person\/daacf86fe79758fd3cd3416eafa012d3"},"description":"Nevhan G\u00fcnd\u00fcz; \u201c\u0130\u015f hacmimizi ikiye katlayabilecek kapasiteye sahibiz. Ancak \u015firket k\u00e2rl\u0131l\u0131\u011f\u0131n\u0131 ve ortaklar\u0131m\u0131z\u0131n faydas\u0131n\u0131 g\u00f6zetmemiz...","breadcrumb":{"@id":"https:\/\/www.nevhangunduz.com.tr\/index.php\/2022\/09\/29\/nevhan-gunduz-is-hacmimizi-ikiye-katlayabilecek-kapasiteye-sahibiz\/#breadcrumb"},"inLanguage":"tr","potentialAction":[{"@type":"ReadAction","target":["https:\/\/www.nevhangunduz.com.tr\/index.php\/2022\/09\/29\/nevhan-gunduz-is-hacmimizi-ikiye-katlayabilecek-kapasiteye-sahibiz\/"]}]},{"@type":"ImageObject","inLanguage":"tr","@id":"https:\/\/www.nevhangunduz.com.tr\/index.php\/2022\/09\/29\/nevhan-gunduz-is-hacmimizi-ikiye-katlayabilecek-kapasiteye-sahibiz\/#primaryimage","url":"https:\/\/www.nevhangunduz.com.tr\/wp-content\/uploads\/2022\/09\/ekonomist_05042022y.jpg","contentUrl":"https:\/\/www.nevhangunduz.com.tr\/wp-content\/uploads\/2022\/09\/ekonomist_05042022y.jpg","width":2100,"height":1200,"caption":"Nevhan G\u00fcnd\u00fcz; \u201c\u0130\u015f hacmimizi ikiye katlayabilecek kapasiteye sahibiz. Ancak \u015firket k\u00e2rl\u0131l\u0131\u011f\u0131n\u0131 ve ortaklar\u0131m\u0131z\u0131n faydas\u0131n\u0131 g\u00f6zetmemiz gerekiyor."},{"@type":"BreadcrumbList","@id":"https:\/\/www.nevhangunduz.com.tr\/index.php\/2022\/09\/29\/nevhan-gunduz-is-hacmimizi-ikiye-katlayabilecek-kapasiteye-sahibiz\/#breadcrumb","itemListElement":[{"@type":"ListItem","position":1,"name":"Ana sayfa","item":"https:\/\/www.nevhangunduz.com.tr\/"},{"@type":"ListItem","position":2,"name":"Nevhan G\u00fcnd\u00fcz; \u201c\u0130\u015f hacmimizi ikiye katlayabilecek kapasiteye sahibiz."}]},{"@type":"WebSite","@id":"https:\/\/www.nevhangunduz.com.tr\/#website","url":"https:\/\/www.nevhangunduz.com.tr\/","name":"Nevhan G\u00fcnd\u00fcz","description":"Nevhan G\u00fcnd\u00fcz Ki\u015fisel Web Sitesi","potentialAction":[{"@type":"SearchAction","target":{"@type":"EntryPoint","urlTemplate":"https:\/\/www.nevhangunduz.com.tr\/?s={search_term_string}"},"query-input":{"@type":"PropertyValueSpecification","valueRequired":true,"valueName":"search_term_string"}}],"inLanguage":"tr"},{"@type":"Person","@id":"https:\/\/www.nevhangunduz.com.tr\/#\/schema\/person\/daacf86fe79758fd3cd3416eafa012d3","name":"Nevhan G\u00fcnd\u00fcz","sameAs":["https:\/\/www.nevhangunduz.com.tr"],"url":"https:\/\/www.nevhangunduz.com.tr\/index.php\/author\/nevhan\/"}]}},"_links":{"self":[{"href":"https:\/\/www.nevhangunduz.com.tr\/index.php\/wp-json\/wp\/v2\/posts\/1246","targetHints":{"allow":["GET"]}}],"collection":[{"href":"https:\/\/www.nevhangunduz.com.tr\/index.php\/wp-json\/wp\/v2\/posts"}],"about":[{"href":"https:\/\/www.nevhangunduz.com.tr\/index.php\/wp-json\/wp\/v2\/types\/post"}],"author":[{"embeddable":true,"href":"https:\/\/www.nevhangunduz.com.tr\/index.php\/wp-json\/wp\/v2\/users\/1"}],"replies":[{"embeddable":true,"href":"https:\/\/www.nevhangunduz.com.tr\/index.php\/wp-json\/wp\/v2\/comments?post=1246"}],"version-history":[{"count":2,"href":"https:\/\/www.nevhangunduz.com.tr\/index.php\/wp-json\/wp\/v2\/posts\/1246\/revisions"}],"predecessor-version":[{"id":1251,"href":"https:\/\/www.nevhangunduz.com.tr\/index.php\/wp-json\/wp\/v2\/posts\/1246\/revisions\/1251"}],"wp:featuredmedia":[{"embeddable":true,"href":"https:\/\/www.nevhangunduz.com.tr\/index.php\/wp-json\/wp\/v2\/media\/1247"}],"wp:attachment":[{"href":"https:\/\/www.nevhangunduz.com.tr\/index.php\/wp-json\/wp\/v2\/media?parent=1246"}],"wp:term":[{"taxonomy":"category","embeddable":true,"href":"https:\/\/www.nevhangunduz.com.tr\/index.php\/wp-json\/wp\/v2\/categories?post=1246"},{"taxonomy":"post_tag","embeddable":true,"href":"https:\/\/www.nevhangunduz.com.tr\/index.php\/wp-json\/wp\/v2\/tags?post=1246"}],"curies":[{"name":"wp","href":"https:\/\/api.w.org\/{rel}","templated":true}]}}