{"id":104,"date":"2017-01-31T02:33:52","date_gmt":"2017-01-30T23:33:52","guid":{"rendered":"https:\/\/nevhangunduz.com.tr\/?p=104"},"modified":"2017-01-31T02:33:52","modified_gmt":"2017-01-30T23:33:52","slug":"ak-parti-genel-baskan-yardimcisina-ziyaret-2","status":"publish","type":"post","link":"https:\/\/www.nevhangunduz.com.tr\/index.php\/2017\/01\/31\/ak-parti-genel-baskan-yardimcisina-ziyaret-2\/","title":{"rendered":"Ak Parti Genel Ba\u015fkan Yard\u0131mc\u0131s\u0131na Ziyaret"},"content":{"rendered":"<p>CEO\u2019muz <a href=\"https:\/\/nevhangunduz.com.tr\">Nevhan G\u00fcnd\u00fcz<\/a>, HAT\u0130AB Ba\u015fkan\u0131 \u0130brahim G\u00fcder ve HAT\u0130AB heyeti, Ak Parti Genel Ba\u015fkan Yard\u0131mc\u0131s\u0131 Say\u0131n Mustafa Ata\u015f\u2019\u0131 makam\u0131nda ziyaret etti.<\/p>\n","protected":false},"excerpt":{"rendered":"<p>\u2019muz Nevhan G\u00fcnd\u00fcz, HAT\u0130AB Ba\u015fkan\u0131 \u0130brahim G\u00fcder ve HAT\u0130AB heyeti, Ak Parti Genel Ba\u015fkan Yard\u0131mc\u0131s\u0131 Say\u0131n Mustafa Ata\u015f\u2019\u0131 makam\u0131nda ziyaret etti.<\/p>\n","protected":false},"author":1,"featured_media":105,"comment_status":"open","ping_status":"open","sticky":false,"template":"","format":"standard","meta":{"footnotes":""},"categories":[17],"tags":[3,4,5,6,7,8,9,10,11,16,12,13,14],"class_list":["post-104","post","type-post","status-publish","format-standard","has-post-thumbnail","hentry","category-nevhan-gunduz-haberler","tag-nevhan-gunduz","tag-nevhan-gunduz-bloomberg","tag-nevhan-gunduz-buyuk-klub","tag-nevhan-gunduz-canli-yayin","tag-nevhan-gunduz-gazete-haberleri","tag-nevhan-gunduz-hayati","tag-nevhan-gunduz-kimdir","tag-nevhan-gunduz-meslek-egitimi","tag-nevhan-gunduz-metro","tag-nevhan-gunduz-orge","tag-nevhan-gunduz-sunum","tag-nevhan-gunduz-tusiad","tag-nevhan-gunduz-tv-roportaji"],"yoast_head":"<!-- This site is optimized with the Yoast SEO plugin v27.9 - https:\/\/yoast.com\/product\/yoast-seo-wordpress\/ -->\n<title>Ak Parti Genel Ba\u015fkan Yard\u0131mc\u0131s\u0131na Ziyaret - Nevhan G\u00fcnd\u00fcz<\/title>\n<meta name=\"robots\" content=\"index, follow, max-snippet:-1, max-image-preview:large, max-video-preview:-1\" \/>\n<link rel=\"canonical\" href=\"https:\/\/www.nevhangunduz.com.tr\/index.php\/2017\/01\/31\/ak-parti-genel-baskan-yardimcisina-ziyaret-2\/\" \/>\n<meta property=\"og:locale\" content=\"tr_TR\" \/>\n<meta property=\"og:type\" content=\"article\" \/>\n<meta property=\"og:title\" content=\"Ak Parti Genel Ba\u015fkan Yard\u0131mc\u0131s\u0131na Ziyaret - Nevhan G\u00fcnd\u00fcz\" \/>\n<meta property=\"og:description\" content=\"\u2019muz Nevhan G\u00fcnd\u00fcz, HAT\u0130AB Ba\u015fkan\u0131 \u0130brahim G\u00fcder ve HAT\u0130AB heyeti, Ak Parti Genel Ba\u015fkan Yard\u0131mc\u0131s\u0131 Say\u0131n Mustafa Ata\u015f\u2019\u0131 makam\u0131nda ziyaret etti.\" \/>\n<meta property=\"og:url\" content=\"https:\/\/www.nevhangunduz.com.tr\/index.php\/2017\/01\/31\/ak-parti-genel-baskan-yardimcisina-ziyaret-2\/\" \/>\n<meta property=\"og:site_name\" content=\"Nevhan G\u00fcnd\u00fcz\" \/>\n<meta property=\"article:published_time\" content=\"2017-01-30T23:33:52+00:00\" \/>\n<meta property=\"og:image\" content=\"https:\/\/www.nevhangunduz.com.tr\/wp-content\/uploads\/2017\/01\/nevhangunduz-5.jpg\" \/>\n\t<meta property=\"og:image:width\" content=\"1278\" \/>\n\t<meta property=\"og:image:height\" content=\"667\" \/>\n\t<meta property=\"og:image:type\" content=\"image\/jpeg\" \/>\n<meta name=\"author\" content=\"Nevhan G\u00fcnd\u00fcz\" \/>\n<meta name=\"twitter:card\" content=\"summary_large_image\" \/>\n<meta name=\"twitter:label1\" content=\"Yazan:\" \/>\n\t<meta name=\"twitter:data1\" content=\"Nevhan G\u00fcnd\u00fcz\" \/>\n<script type=\"application\/ld+json\" class=\"yoast-schema-graph\">{\"@context\":\"https:\\\/\\\/schema.org\",\"@graph\":[{\"@type\":\"Article\",\"@id\":\"https:\\\/\\\/www.nevhangunduz.com.tr\\\/index.php\\\/2017\\\/01\\\/31\\\/ak-parti-genel-baskan-yardimcisina-ziyaret-2\\\/#article\",\"isPartOf\":{\"@id\":\"https:\\\/\\\/www.nevhangunduz.com.tr\\\/index.php\\\/2017\\\/01\\\/31\\\/ak-parti-genel-baskan-yardimcisina-ziyaret-2\\\/\"},\"author\":{\"name\":\"Nevhan G\u00fcnd\u00fcz\",\"@id\":\"https:\\\/\\\/www.nevhangunduz.com.tr\\\/#\\\/schema\\\/person\\\/daacf86fe79758fd3cd3416eafa012d3\"},\"headline\":\"Ak Parti Genel Ba\u015fkan Yard\u0131mc\u0131s\u0131na Ziyaret\",\"datePublished\":\"2017-01-30T23:33:52+00:00\",\"mainEntityOfPage\":{\"@id\":\"https:\\\/\\\/www.nevhangunduz.com.tr\\\/index.php\\\/2017\\\/01\\\/31\\\/ak-parti-genel-baskan-yardimcisina-ziyaret-2\\\/\"},\"wordCount\":43,\"commentCount\":0,\"image\":{\"@id\":\"https:\\\/\\\/www.nevhangunduz.com.tr\\\/index.php\\\/2017\\\/01\\\/31\\\/ak-parti-genel-baskan-yardimcisina-ziyaret-2\\\/#primaryimage\"},\"thumbnailUrl\":\"https:\\\/\\\/www.nevhangunduz.com.tr\\\/wp-content\\\/uploads\\\/2017\\\/01\\\/nevhangunduz-5.jpg\",\"keywords\":[\"Nevhan G\u00fcnd\u00fcz\",\"Nevhan G\u00fcnd\u00fcz Bloomberg\",\"Nevhan G\u00fcnd\u00fcz B\u00fcy\u00fck Klub\",\"Nevhan G\u00fcnd\u00fcz Canl\u0131 Yay\u0131n\",\"Nevhan G\u00fcnd\u00fcz Gazete Haberleri\",\"Nevhan G\u00fcnd\u00fcz Hayat\u0131\",\"Nevhan G\u00fcnd\u00fcz kimdir\",\"Nevhan G\u00fcnd\u00fcz meslek egitimi\",\"Nevhan G\u00fcnd\u00fcz Metro\",\"Nevhan G\u00fcnd\u00fcz ORGE\",\"nevhan g\u00fcnd\u00fcz sunum\",\"nevhan g\u00fcnd\u00fcz t\u00fcsiad\",\"Nevhan G\u00fcnd\u00fcz TV R\u00f6portaj\u0131\"],\"articleSection\":[\"Nevhan G\u00fcnd\u00fcz'den Haberler\"],\"inLanguage\":\"tr\",\"potentialAction\":[{\"@type\":\"CommentAction\",\"name\":\"Comment\",\"target\":[\"https:\\\/\\\/www.nevhangunduz.com.tr\\\/index.php\\\/2017\\\/01\\\/31\\\/ak-parti-genel-baskan-yardimcisina-ziyaret-2\\\/#respond\"]}]},{\"@type\":\"WebPage\",\"@id\":\"https:\\\/\\\/www.nevhangunduz.com.tr\\\/index.php\\\/2017\\\/01\\\/31\\\/ak-parti-genel-baskan-yardimcisina-ziyaret-2\\\/\",\"url\":\"https:\\\/\\\/www.nevhangunduz.com.tr\\\/index.php\\\/2017\\\/01\\\/31\\\/ak-parti-genel-baskan-yardimcisina-ziyaret-2\\\/\",\"name\":\"Ak Parti Genel Ba\u015fkan Yard\u0131mc\u0131s\u0131na Ziyaret - Nevhan G\u00fcnd\u00fcz\",\"isPartOf\":{\"@id\":\"https:\\\/\\\/www.nevhangunduz.com.tr\\\/#website\"},\"primaryImageOfPage\":{\"@id\":\"https:\\\/\\\/www.nevhangunduz.com.tr\\\/index.php\\\/2017\\\/01\\\/31\\\/ak-parti-genel-baskan-yardimcisina-ziyaret-2\\\/#primaryimage\"},\"image\":{\"@id\":\"https:\\\/\\\/www.nevhangunduz.com.tr\\\/index.php\\\/2017\\\/01\\\/31\\\/ak-parti-genel-baskan-yardimcisina-ziyaret-2\\\/#primaryimage\"},\"thumbnailUrl\":\"https:\\\/\\\/www.nevhangunduz.com.tr\\\/wp-content\\\/uploads\\\/2017\\\/01\\\/nevhangunduz-5.jpg\",\"datePublished\":\"2017-01-30T23:33:52+00:00\",\"author\":{\"@id\":\"https:\\\/\\\/www.nevhangunduz.com.tr\\\/#\\\/schema\\\/person\\\/daacf86fe79758fd3cd3416eafa012d3\"},\"breadcrumb\":{\"@id\":\"https:\\\/\\\/www.nevhangunduz.com.tr\\\/index.php\\\/2017\\\/01\\\/31\\\/ak-parti-genel-baskan-yardimcisina-ziyaret-2\\\/#breadcrumb\"},\"inLanguage\":\"tr\",\"potentialAction\":[{\"@type\":\"ReadAction\",\"target\":[\"https:\\\/\\\/www.nevhangunduz.com.tr\\\/index.php\\\/2017\\\/01\\\/31\\\/ak-parti-genel-baskan-yardimcisina-ziyaret-2\\\/\"]}]},{\"@type\":\"ImageObject\",\"inLanguage\":\"tr\",\"@id\":\"https:\\\/\\\/www.nevhangunduz.com.tr\\\/index.php\\\/2017\\\/01\\\/31\\\/ak-parti-genel-baskan-yardimcisina-ziyaret-2\\\/#primaryimage\",\"url\":\"https:\\\/\\\/www.nevhangunduz.com.tr\\\/wp-content\\\/uploads\\\/2017\\\/01\\\/nevhangunduz-5.jpg\",\"contentUrl\":\"https:\\\/\\\/www.nevhangunduz.com.tr\\\/wp-content\\\/uploads\\\/2017\\\/01\\\/nevhangunduz-5.jpg\",\"width\":1278,\"height\":667,\"caption\":\"Nevhan G\u00fcnd\u00fcz Ak Parti Genel Ba\u015fkan Yard\u0131mc\u0131s\u0131na Ziyaret\"},{\"@type\":\"BreadcrumbList\",\"@id\":\"https:\\\/\\\/www.nevhangunduz.com.tr\\\/index.php\\\/2017\\\/01\\\/31\\\/ak-parti-genel-baskan-yardimcisina-ziyaret-2\\\/#breadcrumb\",\"itemListElement\":[{\"@type\":\"ListItem\",\"position\":1,\"name\":\"Ana sayfa\",\"item\":\"https:\\\/\\\/www.nevhangunduz.com.tr\\\/\"},{\"@type\":\"ListItem\",\"position\":2,\"name\":\"Ak Parti Genel Ba\u015fkan Yard\u0131mc\u0131s\u0131na Ziyaret\"}]},{\"@type\":\"WebSite\",\"@id\":\"https:\\\/\\\/www.nevhangunduz.com.tr\\\/#website\",\"url\":\"https:\\\/\\\/www.nevhangunduz.com.tr\\\/\",\"name\":\"Nevhan G\u00fcnd\u00fcz\",\"description\":\"Nevhan G\u00fcnd\u00fcz Ki\u015fisel Web Sitesi\",\"potentialAction\":[{\"@type\":\"SearchAction\",\"target\":{\"@type\":\"EntryPoint\",\"urlTemplate\":\"https:\\\/\\\/www.nevhangunduz.com.tr\\\/?s={search_term_string}\"},\"query-input\":{\"@type\":\"PropertyValueSpecification\",\"valueRequired\":true,\"valueName\":\"search_term_string\"}}],\"inLanguage\":\"tr\"},{\"@type\":\"Person\",\"@id\":\"https:\\\/\\\/www.nevhangunduz.com.tr\\\/#\\\/schema\\\/person\\\/daacf86fe79758fd3cd3416eafa012d3\",\"name\":\"Nevhan G\u00fcnd\u00fcz\",\"sameAs\":[\"https:\\\/\\\/www.nevhangunduz.com.tr\"],\"url\":\"https:\\\/\\\/www.nevhangunduz.com.tr\\\/index.php\\\/author\\\/nevhan\\\/\"}]}<\/script>\n<!-- \/ Yoast SEO plugin. -->","yoast_head_json":{"title":"Ak Parti Genel Ba\u015fkan Yard\u0131mc\u0131s\u0131na Ziyaret - Nevhan G\u00fcnd\u00fcz","robots":{"index":"index","follow":"follow","max-snippet":"max-snippet:-1","max-image-preview":"max-image-preview:large","max-video-preview":"max-video-preview:-1"},"canonical":"https:\/\/www.nevhangunduz.com.tr\/index.php\/2017\/01\/31\/ak-parti-genel-baskan-yardimcisina-ziyaret-2\/","og_locale":"tr_TR","og_type":"article","og_title":"Ak Parti Genel Ba\u015fkan Yard\u0131mc\u0131s\u0131na Ziyaret - Nevhan G\u00fcnd\u00fcz","og_description":"\u2019muz Nevhan G\u00fcnd\u00fcz, HAT\u0130AB Ba\u015fkan\u0131 \u0130brahim G\u00fcder ve HAT\u0130AB heyeti, Ak Parti Genel Ba\u015fkan Yard\u0131mc\u0131s\u0131 Say\u0131n Mustafa Ata\u015f\u2019\u0131 makam\u0131nda ziyaret etti.","og_url":"https:\/\/www.nevhangunduz.com.tr\/index.php\/2017\/01\/31\/ak-parti-genel-baskan-yardimcisina-ziyaret-2\/","og_site_name":"Nevhan G\u00fcnd\u00fcz","article_published_time":"2017-01-30T23:33:52+00:00","og_image":[{"width":1278,"height":667,"url":"https:\/\/www.nevhangunduz.com.tr\/wp-content\/uploads\/2017\/01\/nevhangunduz-5.jpg","type":"image\/jpeg"}],"author":"Nevhan G\u00fcnd\u00fcz","twitter_card":"summary_large_image","twitter_misc":{"Yazan:":"Nevhan G\u00fcnd\u00fcz"},"schema":{"@context":"https:\/\/schema.org","@graph":[{"@type":"Article","@id":"https:\/\/www.nevhangunduz.com.tr\/index.php\/2017\/01\/31\/ak-parti-genel-baskan-yardimcisina-ziyaret-2\/#article","isPartOf":{"@id":"https:\/\/www.nevhangunduz.com.tr\/index.php\/2017\/01\/31\/ak-parti-genel-baskan-yardimcisina-ziyaret-2\/"},"author":{"name":"Nevhan G\u00fcnd\u00fcz","@id":"https:\/\/www.nevhangunduz.com.tr\/#\/schema\/person\/daacf86fe79758fd3cd3416eafa012d3"},"headline":"Ak Parti Genel Ba\u015fkan Yard\u0131mc\u0131s\u0131na Ziyaret","datePublished":"2017-01-30T23:33:52+00:00","mainEntityOfPage":{"@id":"https:\/\/www.nevhangunduz.com.tr\/index.php\/2017\/01\/31\/ak-parti-genel-baskan-yardimcisina-ziyaret-2\/"},"wordCount":43,"commentCount":0,"image":{"@id":"https:\/\/www.nevhangunduz.com.tr\/index.php\/2017\/01\/31\/ak-parti-genel-baskan-yardimcisina-ziyaret-2\/#primaryimage"},"thumbnailUrl":"https:\/\/www.nevhangunduz.com.tr\/wp-content\/uploads\/2017\/01\/nevhangunduz-5.jpg","keywords":["Nevhan G\u00fcnd\u00fcz","Nevhan G\u00fcnd\u00fcz Bloomberg","Nevhan G\u00fcnd\u00fcz B\u00fcy\u00fck Klub","Nevhan G\u00fcnd\u00fcz Canl\u0131 Yay\u0131n","Nevhan G\u00fcnd\u00fcz Gazete Haberleri","Nevhan G\u00fcnd\u00fcz Hayat\u0131","Nevhan G\u00fcnd\u00fcz kimdir","Nevhan G\u00fcnd\u00fcz meslek egitimi","Nevhan G\u00fcnd\u00fcz Metro","Nevhan G\u00fcnd\u00fcz ORGE","nevhan g\u00fcnd\u00fcz sunum","nevhan g\u00fcnd\u00fcz t\u00fcsiad","Nevhan G\u00fcnd\u00fcz TV R\u00f6portaj\u0131"],"articleSection":["Nevhan G\u00fcnd\u00fcz'den Haberler"],"inLanguage":"tr","potentialAction":[{"@type":"CommentAction","name":"Comment","target":["https:\/\/www.nevhangunduz.com.tr\/index.php\/2017\/01\/31\/ak-parti-genel-baskan-yardimcisina-ziyaret-2\/#respond"]}]},{"@type":"WebPage","@id":"https:\/\/www.nevhangunduz.com.tr\/index.php\/2017\/01\/31\/ak-parti-genel-baskan-yardimcisina-ziyaret-2\/","url":"https:\/\/www.nevhangunduz.com.tr\/index.php\/2017\/01\/31\/ak-parti-genel-baskan-yardimcisina-ziyaret-2\/","name":"Ak Parti Genel Ba\u015fkan Yard\u0131mc\u0131s\u0131na Ziyaret - Nevhan G\u00fcnd\u00fcz","isPartOf":{"@id":"https:\/\/www.nevhangunduz.com.tr\/#website"},"primaryImageOfPage":{"@id":"https:\/\/www.nevhangunduz.com.tr\/index.php\/2017\/01\/31\/ak-parti-genel-baskan-yardimcisina-ziyaret-2\/#primaryimage"},"image":{"@id":"https:\/\/www.nevhangunduz.com.tr\/index.php\/2017\/01\/31\/ak-parti-genel-baskan-yardimcisina-ziyaret-2\/#primaryimage"},"thumbnailUrl":"https:\/\/www.nevhangunduz.com.tr\/wp-content\/uploads\/2017\/01\/nevhangunduz-5.jpg","datePublished":"2017-01-30T23:33:52+00:00","author":{"@id":"https:\/\/www.nevhangunduz.com.tr\/#\/schema\/person\/daacf86fe79758fd3cd3416eafa012d3"},"breadcrumb":{"@id":"https:\/\/www.nevhangunduz.com.tr\/index.php\/2017\/01\/31\/ak-parti-genel-baskan-yardimcisina-ziyaret-2\/#breadcrumb"},"inLanguage":"tr","potentialAction":[{"@type":"ReadAction","target":["https:\/\/www.nevhangunduz.com.tr\/index.php\/2017\/01\/31\/ak-parti-genel-baskan-yardimcisina-ziyaret-2\/"]}]},{"@type":"ImageObject","inLanguage":"tr","@id":"https:\/\/www.nevhangunduz.com.tr\/index.php\/2017\/01\/31\/ak-parti-genel-baskan-yardimcisina-ziyaret-2\/#primaryimage","url":"https:\/\/www.nevhangunduz.com.tr\/wp-content\/uploads\/2017\/01\/nevhangunduz-5.jpg","contentUrl":"https:\/\/www.nevhangunduz.com.tr\/wp-content\/uploads\/2017\/01\/nevhangunduz-5.jpg","width":1278,"height":667,"caption":"Nevhan G\u00fcnd\u00fcz Ak Parti Genel Ba\u015fkan Yard\u0131mc\u0131s\u0131na Ziyaret"},{"@type":"BreadcrumbList","@id":"https:\/\/www.nevhangunduz.com.tr\/index.php\/2017\/01\/31\/ak-parti-genel-baskan-yardimcisina-ziyaret-2\/#breadcrumb","itemListElement":[{"@type":"ListItem","position":1,"name":"Ana sayfa","item":"https:\/\/www.nevhangunduz.com.tr\/"},{"@type":"ListItem","position":2,"name":"Ak Parti Genel Ba\u015fkan Yard\u0131mc\u0131s\u0131na Ziyaret"}]},{"@type":"WebSite","@id":"https:\/\/www.nevhangunduz.com.tr\/#website","url":"https:\/\/www.nevhangunduz.com.tr\/","name":"Nevhan G\u00fcnd\u00fcz","description":"Nevhan G\u00fcnd\u00fcz Ki\u015fisel Web Sitesi","potentialAction":[{"@type":"SearchAction","target":{"@type":"EntryPoint","urlTemplate":"https:\/\/www.nevhangunduz.com.tr\/?s={search_term_string}"},"query-input":{"@type":"PropertyValueSpecification","valueRequired":true,"valueName":"search_term_string"}}],"inLanguage":"tr"},{"@type":"Person","@id":"https:\/\/www.nevhangunduz.com.tr\/#\/schema\/person\/daacf86fe79758fd3cd3416eafa012d3","name":"Nevhan G\u00fcnd\u00fcz","sameAs":["https:\/\/www.nevhangunduz.com.tr"],"url":"https:\/\/www.nevhangunduz.com.tr\/index.php\/author\/nevhan\/"}]}},"_links":{"self":[{"href":"https:\/\/www.nevhangunduz.com.tr\/index.php\/wp-json\/wp\/v2\/posts\/104","targetHints":{"allow":["GET"]}}],"collection":[{"href":"https:\/\/www.nevhangunduz.com.tr\/index.php\/wp-json\/wp\/v2\/posts"}],"about":[{"href":"https:\/\/www.nevhangunduz.com.tr\/index.php\/wp-json\/wp\/v2\/types\/post"}],"author":[{"embeddable":true,"href":"https:\/\/www.nevhangunduz.com.tr\/index.php\/wp-json\/wp\/v2\/users\/1"}],"replies":[{"embeddable":true,"href":"https:\/\/www.nevhangunduz.com.tr\/index.php\/wp-json\/wp\/v2\/comments?post=104"}],"version-history":[{"count":0,"href":"https:\/\/www.nevhangunduz.com.tr\/index.php\/wp-json\/wp\/v2\/posts\/104\/revisions"}],"wp:featuredmedia":[{"embeddable":true,"href":"https:\/\/www.nevhangunduz.com.tr\/index.php\/wp-json\/wp\/v2\/media\/105"}],"wp:attachment":[{"href":"https:\/\/www.nevhangunduz.com.tr\/index.php\/wp-json\/wp\/v2\/media?parent=104"}],"wp:term":[{"taxonomy":"category","embeddable":true,"href":"https:\/\/www.nevhangunduz.com.tr\/index.php\/wp-json\/wp\/v2\/categories?post=104"},{"taxonomy":"post_tag","embeddable":true,"href":"https:\/\/www.nevhangunduz.com.tr\/index.php\/wp-json\/wp\/v2\/tags?post=104"}],"curies":[{"name":"wp","href":"https:\/\/api.w.org\/{rel}","templated":true}]}}